{"id":3650,"date":"2021-02-03T20:14:50","date_gmt":"2021-02-03T17:14:50","guid":{"rendered":"https:\/\/bestessayhomework.com\/tr\/?p=3650"},"modified":"2021-02-03T20:14:50","modified_gmt":"2021-02-03T17:14:50","slug":"idea-felsefe-uzerine-arastirmalar-felsefenin-alanlari-nelerdir-felsefe-nasil-incelenir-felsefe-alaninda-odev-yaptirma-odev-yaptirma-fiyatlar","status":"publish","type":"post","link":"https:\/\/bestessayhomework.com\/tr\/idea-felsefe-uzerine-arastirmalar-felsefenin-alanlari-nelerdir-felsefe-nasil-incelenir-felsefe-alaninda-odev-yaptirma-odev-yaptirma-fiyatlar\/","title":{"rendered":"\u0130dea \u2013 Felsefe \u00dczerine Ara\u015ft\u0131rmalar \u2013 Felsefenin Alanlar\u0131 Nelerdir? \u2013 Felsefe Nas\u0131l \u0130ncelenir \u2013 Felsefe Alan\u0131nda \u00d6dev Yapt\u0131rma \u2013 \u00d6dev Yapt\u0131rma Fiyatlar"},"content":{"rendered":"<h3 style=\"text-align: center\"><strong><span style=\"color: #99cc00;font-family: 'times new roman', times, serif\"> \u0130dea<\/span><\/strong><\/h3>\n<p style=\"text-align: justify\"><span style=\"color: #000000;font-family: 'times new roman', times, serif\">Yaratmadan ele\u015ftirenler, yok olan kavram\u0131 hayata d\u00f6nd\u00fcrmek i\u00e7in ihtiya\u00e7 duydu\u011fu g\u00fc\u00e7leri veremeden savunmakla yetinenler, felsefenin belas\u0131d\u0131r. T\u00fcm bu tart\u0131\u015fmac\u0131lar ve ileti\u015fimciler, h\u0131n\u00e7 duygusundan ilham al\u0131yor. Birbirlerine kar\u015f\u0131 bo\u015f genellemeler yapt\u0131klar\u0131nda sadece kendilerinden s\u00f6z ederler. Felsefede tart\u0131\u015fma korkusu var. Her zaman yapacak ba\u015fka bir \u015feyi vard\u0131r.<\/span><\/p>\n<p style=\"text-align: justify\"><span style=\"color: #000000;font-family: 'times new roman', times, serif\">Tart\u0131\u015fma ona dayan\u0131lmaz, ama kendinden \u00e7ok emin oldu\u011fu i\u00e7in de\u011fil. Aksine, onu ba\u015fka, daha yaln\u0131z yollardan a\u015fa\u011f\u0131 \u00e7eken belirsizlikleridir. Fakat Sokrates&#8217;te felsefe, arkada\u015flar aras\u0131nda \u00f6zg\u00fcr bir tart\u0131\u015fma de\u011fil miydi? \u00d6zg\u00fcr insanlar\u0131n konu\u015fmas\u0131 gibi, Yunan sosyalli\u011finin zirvesi de\u011fil mi? Asl\u0131nda Sokrates, hem k\u0131sa soru ve cevap yar\u0131\u015fmas\u0131 bi\u00e7iminde hem de dersler aras\u0131ndaki uzun rekabet bi\u00e7iminde her tart\u0131\u015fmay\u0131 s\u00fcrekli olarak imkans\u0131z k\u0131l\u0131yordu. Arkada\u015f\u0131n\u0131 tekli kavram\u0131n arkada\u015f\u0131, kavram\u0131 da rakipleri tek tek ortadan kald\u0131ran ac\u0131mas\u0131z monolo\u011fa \u00e7evirdi.<\/span><\/p>\n<p style=\"text-align: justify\"><strong><span style=\"color: #000000;font-family: 'times new roman', times, serif\">\u00d6RNEK- 2<\/span><\/strong><\/p>\n<p style=\"text-align: justify\"><span style=\"color: #000000;font-family: 'times new roman', times, serif\">Parmenides, Platon&#8217;un kavram\u0131n ne \u00f6l\u00e7\u00fcde ustas\u0131 oldu\u011funu g\u00f6sterir. Bir&#8217;in iki bile\u015feni (varl\u0131k ve olmama), bile\u015fenlerin a\u015famalar\u0131 (Varolu\u015ftan \u00fcst\u00fcn, varl\u0131\u011fa e\u015fit, varl\u0131ktan a\u015fa\u011f\u0131 olan; Varolmayandan \u00fcst\u00fcn, yoklu\u011fa e\u015fit) ve ay\u0131rt edilemezlik alanlar\u0131 (kendisiyle ili\u015fkili , di\u011ferleri ile ilgili olarak). Model bir kavramd\u0131r.<\/span><\/p>\n<p style=\"text-align: justify\"><span style=\"color: #000000;font-family: 'times new roman', times, serif\">Ama her kavramdan \u00f6nce Bir de\u011fil mi? Platon&#8217;un yapt\u0131\u011f\u0131 \u015feyin tam tersini \u00f6\u011fretti\u011fi yer buras\u0131d\u0131r: Kavramlar yarat\u0131r, ancak onlar\u0131 kendilerinden \u00f6nce gelen yarat\u0131lmam\u0131\u015f olan\u0131 temsil edecek \u015fekilde kurmas\u0131 gerekir. Konsepte zaman ay\u0131r\u0131yor, ancak Anterior olmas\u0131 gereken bir zamand\u0131r. Kavram\u0131, kavram\u0131n olas\u0131 kurucusunun uzakl\u0131\u011f\u0131n\u0131 ya da yak\u0131nl\u0131\u011f\u0131n\u0131 \u00f6l\u00e7ebilen bir zaman fark\u0131 bi\u00e7iminde, bir nesnelli\u011fin [objectiti] \u00f6nceden varl\u0131\u011f\u0131n\u0131 kan\u0131tlayan bir \u015fey olarak in\u015fa eder.<\/span><\/p>\n<p style=\"text-align: justify\"><span style=\"color: #000000;font-family: 'times new roman', times, serif\">B\u00f6ylece, Platonik d\u00fczlemde, hakikat, zaten orada oldu\u011fu gibi, \u00f6n varsay\u0131m olarak sunulur. Fikir bu. Platonik Fikir kavram\u0131nda, ilk \u00f6nce Descartes&#8217;ta sahip olaca\u011f\u0131 anlamdan \u00e7ok farkl\u0131 olarak kesin bir anlam al\u0131r: nesnel olarak saf bir niteli\u011fe sahip oland\u0131r veya oldu\u011fundan ba\u015fka bir \u015fey de\u011fildir.<\/span><\/p>\n<p style=\"text-align: justify\"><span style=\"color: #000000;font-family: 'times new roman', times, serif\">Sadece Adalet adildir, sadece Cesaret cesurdur, Fikirler b\u00f6yledir ve anneden ba\u015fka bir \u015fey olmayan (k\u0131z\u0131 olmayacak olan) bir anne varsa ya da sa\u00e7tan bir \u015fey olmayan bir anne fikri vard\u0131r. sa\u00e7 d\u0131\u015f\u0131nda (silikon de\u011fil). Aksine, \u015feyler her zaman olduklar\u0131ndan farkl\u0131 olarak anla\u015f\u0131l\u0131r. En iyi ihtimalle, bu nedenle, kaliteye yaln\u0131zca ikincil bir \u015fekilde sahip olurlar, yaln\u0131zca kaliteyi iddia edebilirler ve yaln\u0131zca fikire kat\u0131ld\u0131klar\u0131 \u00f6l\u00e7\u00fcdedir.<\/span><\/p>\n<p style=\"text-align: justify\"><span style=\"color: #000000;font-family: 'times new roman', times, serif\">Dolay\u0131s\u0131yla, Fikir kavram\u0131 a\u015fa\u011f\u0131daki bile\u015fenlere sahiptir: sahip olunan veya sahip olunan nitelik; \u00f6ng\u00f6r\u00fclemez olarak ona ilk sahip olan Fikir; nitelik \u00fczerinde hak iddia eden ve ona yaln\u0131zca ikinci, \u00fc\u00e7\u00fcnc\u00fc, d\u00f6rd\u00fcnc\u00fc sahip olabilen; ve iddialar\u0131 yarg\u0131layan Fikir&#8217;e kat\u0131ld\u0131 &#8211; Baba, baban\u0131n iki kat\u0131, k\u0131z\u0131 ve talipler diyebiliriz.<\/span><\/p>\n<p style=\"text-align: center\"><span style=\"color: #99cc00\"><a href=\"https:\/\/bestessayhomework.com\" target=\"_blank\" rel=\"noopener\">Felsefede<\/a> idea<\/span><br \/>\n<span style=\"color: #99cc00\">idea-dernek<\/span><br \/>\n<span style=\"color: #99cc00\">Fiat idea 2006 Yorum<\/span><br \/>\n<span style=\"color: #99cc00\">IntelliJ IDEA<\/span><br \/>\n<span style=\"color: #99cc00\">\u0130dea ne Demek<\/span><br \/>\n<span style=\"color: #99cc00\">Python idea<\/span><br \/>\n<span style=\"color: #99cc00\">Fiat idea kronik sorunlar<\/span><br \/>\n<span style=\"color: #99cc00\">Fiat idea Forum<\/span><\/p>\n<p style=\"text-align: justify\"><span style=\"color: #000000;font-family: 'times new roman', times, serif\">Bunlar, \u0130dean\u0131n yo\u011fun koordinatlar\u0131d\u0131r: Bir iddia, her zaman zorunlu olarak \u00f6n zaman\u0131n ara\u015ft\u0131r\u0131lmas\u0131nda, yaln\u0131zca bir kom\u015fu ba\u015fl\u0131k, \u0130dea ile ili\u015fkili olarak &#8220;sahip oldu\u011fu&#8221; az ya da \u00e7ok yak\u0131nl\u0131k yoluyla gerek\u00e7elendirilecektir. Bu t\u00fcr bir \u00f6nsellik bi\u00e7imindeki zaman, kavrama aittir; kendi b\u00f6lgesi gibidir. Ku\u015fkusuz, cogito bu Yunan d\u00fczleminde, bu Platonik toprakta filizlenemez.<\/span><\/p>\n<p style=\"text-align: justify\"><span style=\"color: #000000;font-family: 'times new roman', times, serif\">Fikrin \u00f6nceden var oldu\u011fu s\u00fcrece (Tanr\u0131&#8217;n\u0131n anlay\u0131\u015f\u0131ndaki H\u0131ristiyan arketip formunda bile), cogito haz\u0131rlanabilir, ancak tam olarak ba\u015far\u0131lamaz. Descartes&#8217;\u0131n bu kavram\u0131 yaratmas\u0131 i\u00e7in, &#8220;ilk&#8221; in anlam\u0131 dikkate de\u011fer bir de\u011fi\u015fime u\u011framal\u0131, \u00f6znel bir anlam kazanmal\u0131d\u0131r; ve fikir ile onu \u00f6zne olarak olu\u015fturan ruh aras\u0131ndaki t\u00fcm zaman fark\u0131 ortadan kald\u0131r\u0131lmal\u0131d\u0131r (bu nedenle, Descartes&#8217;\u0131n do\u011fu\u015ftan gelen fikirlerin &#8220;\u00f6nce&#8221; de\u011fil &#8220;ayn\u0131 zamanda&#8221; var oldu\u011funu s\u00f6yledi\u011fi an\u0131ya kar\u015f\u0131 g\u00f6r\u00fc\u015f\u00fcn\u00fcn \u00f6nemi de bundan dolay\u0131d\u0131r. ruh olarak). Kavram\u0131n bir an\u0131na varmak ve Tanr\u0131&#8217;n\u0131n do\u011frular\u0131 bile yaratmas\u0131 gerekecektir.<\/span><\/p>\n<p style=\"text-align: justify\"><span style=\"color: #000000;font-family: 'times new roman', times, serif\">\u0130ddia niteliksel olarak de\u011fi\u015fmelidir: talip, k\u0131z\u0131 art\u0131k babadan almaz, elini yaln\u0131zca kendi \u015f\u00f6valyeli g\u00fcc\u00fcne, kendi y\u00f6ntemine bor\u00e7ludur. Malebranche&#8217;\u0131n Platonik bile\u015fenleri \u00f6zg\u00fcn bir Kartezyen d\u00fczlemde yeniden etkinle\u015ftirip etkinle\u015ftiremeyece\u011fi ve ne pahas\u0131na olursa olsun bu bak\u0131\u015f a\u00e7\u0131s\u0131yla analiz edilmelidir.<\/span><\/p>\n<p style=\"text-align: justify\"><span style=\"color: #000000;font-family: 'times new roman', times, serif\">Ama biz sadece bir kavram\u0131n her zaman ba\u015fka bir kavram\u0131n ortaya \u00e7\u0131kmas\u0131n\u0131 engelleyebilecek veya tam tersine, yaln\u0131zca di\u011fer kavramlar\u0131n ortadan kalkmas\u0131 pahas\u0131na ortaya \u00e7\u0131kabilecek bile\u015fenlere sahip oldu\u011funu g\u00f6stermek istedik. Bununla birlikte, bir kavram asla engelledi\u011fine referansla de\u011ferlendirilmez: e\u015fsiz konumu ve kendi yarat\u0131m\u0131 i\u00e7in de\u011ferlidir.<\/span><\/p>\n<p style=\"text-align: justify\"><span style=\"color: #000000;font-family: 'times new roman', times, serif\">Bir konsepte bir bile\u015fen eklendi\u011fini varsayal\u0131m: kavram muhtemelen par\u00e7alanacak veya belki de ba\u015fka bir d\u00fczlemi de i\u00e7eren tam bir de\u011fi\u015fime u\u011frayacakt\u0131r &#8211; her hal\u00fckarda, ba\u015fka problemler. Kantian cogito ile olan budur. Ku\u015fkusuz Kant, \u015f\u00fcpheyi i\u015fe yaramaz hale getiren ve \u00f6n varsay\u0131mlar\u0131n do\u011fas\u0131n\u0131 bir kez daha de\u011fi\u015ftiren &#8220;a\u015fk\u0131n&#8221; bir d\u00fczlem in\u015fa eder.<\/span><\/p>\n<p style=\"text-align: justify\"><span style=\"color: #000000;font-family: 'times new roman', times, serif\">Ancak, bu d\u00fczlem sayesinde, &#8220;d\u00fc\u015f\u00fcn\u00fcyorum&#8221;, belirsiz bir varolu\u015fu (&#8220;Ben&#8221;) ima eden bir belirleme ise, bu belirsizli\u011fin nas\u0131l ortaya \u00e7\u0131kt\u0131\u011f\u0131n\u0131 hala bilmedi\u011fimizi ilan edebilir. belirlenebilir ve dolay\u0131s\u0131yla hangi bi\u00e7imde belirlendi\u011fi gibi g\u00f6r\u00fcn\u00fcr. Bu nedenle Kant, Descartes, &#8220;Ben d\u00fc\u015f\u00fcnen bir maddeyim&#8221; dedi\u011fi i\u00e7in &#8220;ele\u015ftirir&#8221;, \u00e7\u00fcnk\u00fc hi\u00e7bir \u015fey b\u00f6yle bir &#8220;Ben&#8221; iddias\u0131n\u0131 garanti etmez. Kant, Descartes&#8217;\u0131n bast\u0131rd\u0131\u011f\u0131 zaman olan cogito&#8217;ya yeni bir bile\u015fenin eklenmesini talep eder.<\/span><\/p>\n<p style=\"text-align: justify\"><span style=\"color: #000000;font-family: 'times new roman', times, serif\">\u00c7\u00fcnk\u00fc benim belirlenemeyen varolu\u015fum ancak zamanla belirlenebilir. Ama ben sadece zaman i\u00e7inde pasif ve ola\u011fan\u00fcst\u00fc bir benlik, her zaman etkilenebilir, de\u011fi\u015ftirilebilir ve de\u011fi\u015fken bir ben olarak belirlenirim. Cogito \u015fimdi d\u00f6rt bile\u015fen sunar: San\u0131r\u0131m ve bu nedenle aktifim; Bir varl\u0131\u011f\u0131m var; bu varolu\u015f ancak zaman i\u00e7inde pasif bir benlik olarak belirlenebilir; Bu nedenle, kendi d\u00fc\u015f\u00fcnme etkinli\u011fini zorunlu olarak kendisine etkileyen bir \u00d6teki (Autre) olarak temsil eden pasif bir ben olarak belirlendim.<\/span><\/p>\n<p style=\"text-align: justify\"><span style=\"color: #000000;font-family: 'times new roman', times, serif\">Bu ba\u015fka bir konu de\u011fil, daha \u00e7ok \u00f6tekile\u015fen \u00f6znedir. Bu, benli\u011fin di\u011fer ki\u015fiye d\u00f6n\u00fc\u015fmesinin yolu mu? &#8220;Ben ba\u015fkas\u0131y\u0131m&#8221; i\u00e7in bir haz\u0131rl\u0131k m\u0131? \u0130lk \u00f6nce \u015fema taraf\u0131ndan ve sonra kendili\u011fin [soi par soi] kendili\u011finden duyulan sevgiyle g\u00fcvence alt\u0131na al\u0131nan, di\u011fer ay\u0131rt edilemeyen b\u00f6lgeler ile di\u011fer koordinatlarla yeni bir s\u00f6zdizimi, &#8220;Ben&#8221; ve &#8220;Benli\u011fi&#8221; birbirinden ayr\u0131lamaz k\u0131lar.<\/span><\/p>\n<p style=\"text-align: justify\">\n","protected":false},"excerpt":{"rendered":"<p>\u0130dea Yaratmadan ele\u015ftirenler, yok olan kavram\u0131 hayata d\u00f6nd\u00fcrmek i\u00e7in ihtiya\u00e7 duydu\u011fu g\u00fc\u00e7leri veremeden savunmakla yetinenler, felsefenin belas\u0131d\u0131r. T\u00fcm bu tart\u0131\u015fmac\u0131lar ve ileti\u015fimciler, h\u0131n\u00e7 duygusundan ilham al\u0131yor. Birbirlerine kar\u015f\u0131 bo\u015f genellemeler yapt\u0131klar\u0131nda sadece kendilerinden s\u00f6z ederler. Felsefede tart\u0131\u015fma korkusu var. Her zaman yapacak ba\u015fka bir \u015feyi vard\u0131r. Tart\u0131\u015fma ona dayan\u0131lmaz, ama kendinden \u00e7ok emin oldu\u011fu i\u00e7in&hellip; <br \/> <a class=\"button small blue\" href=\"https:\/\/bestessayhomework.com\/tr\/idea-felsefe-uzerine-arastirmalar-felsefenin-alanlari-nelerdir-felsefe-nasil-incelenir-felsefe-alaninda-odev-yaptirma-odev-yaptirma-fiyatlar\/\">Devam\u0131<\/a><\/p>\n","protected":false},"author":6,"featured_media":3215,"comment_status":"closed","ping_status":"closed","sticky":false,"template":"","format":"standard","meta":{"om_disable_all_campaigns":false,"_monsterinsights_skip_tracking":false,"_monsterinsights_sitenote_active":false,"_monsterinsights_sitenote_note":"","_monsterinsights_sitenote_category":0,"footnotes":""},"categories":[6400,6397,6399,6398],"tags":[6401,6403,6408,6407,6405,6402,6404,6406],"class_list":["post-3650","post","type-post","status-publish","format-standard","has-post-thumbnail","hentry","category-felsefede-idea","category-fiat-idea-forum","category-idea-ne-demek","category-python-idea","tag-felsefede-idea","tag-fiat-idea-2006-yorum","tag-fiat-idea-forum","tag-fiat-idea-kronik-sorunlar","tag-idea-ne-demek","tag-idea-dernek","tag-intellij-idea","tag-python-idea"],"aioseo_notices":[],"_links":{"self":[{"href":"https:\/\/bestessayhomework.com\/tr\/wp-json\/wp\/v2\/posts\/3650","targetHints":{"allow":["GET"]}}],"collection":[{"href":"https:\/\/bestessayhomework.com\/tr\/wp-json\/wp\/v2\/posts"}],"about":[{"href":"https:\/\/bestessayhomework.com\/tr\/wp-json\/wp\/v2\/types\/post"}],"author":[{"embeddable":true,"href":"https:\/\/bestessayhomework.com\/tr\/wp-json\/wp\/v2\/users\/6"}],"replies":[{"embeddable":true,"href":"https:\/\/bestessayhomework.com\/tr\/wp-json\/wp\/v2\/comments?post=3650"}],"version-history":[{"count":0,"href":"https:\/\/bestessayhomework.com\/tr\/wp-json\/wp\/v2\/posts\/3650\/revisions"}],"wp:featuredmedia":[{"embeddable":true,"href":"https:\/\/bestessayhomework.com\/tr\/wp-json\/wp\/v2\/media\/3215"}],"wp:attachment":[{"href":"https:\/\/bestessayhomework.com\/tr\/wp-json\/wp\/v2\/media?parent=3650"}],"wp:term":[{"taxonomy":"category","embeddable":true,"href":"https:\/\/bestessayhomework.com\/tr\/wp-json\/wp\/v2\/categories?post=3650"},{"taxonomy":"post_tag","embeddable":true,"href":"https:\/\/bestessayhomework.com\/tr\/wp-json\/wp\/v2\/tags?post=3650"}],"curies":[{"name":"wp","href":"https:\/\/api.w.org\/{rel}","templated":true}]}}