{"id":8568,"date":"2022-01-24T13:51:12","date_gmt":"2022-01-24T10:51:12","guid":{"rendered":"https:\/\/bestessayhomework.com\/tr\/?p=8568"},"modified":"2022-01-24T13:51:12","modified_gmt":"2022-01-24T10:51:12","slug":"serif-edebiyat-alaninda-tez-yaptirma-edebiyat-tez-yaptirma-ucretleri-edebiyat-odevleri-edebiyat-odev-ucretleri","status":"publish","type":"post","link":"https:\/\/bestessayhomework.com\/tr\/serif-edebiyat-alaninda-tez-yaptirma-edebiyat-tez-yaptirma-ucretleri-edebiyat-odevleri-edebiyat-odev-ucretleri\/","title":{"rendered":"\u015eerif \u2013 Edebiyat Alan\u0131nda Tez Yapt\u0131rma \u2013 Edebiyat Tez Yapt\u0131rma \u00dccretleri \u2013 Edebiyat \u00d6devleri \u2013 Edebiyat \u00d6dev \u00dccretleri"},"content":{"rendered":"<h3 style=\"text-align: center\"><strong><span style=\"color: #0000ff;font-family: 'times new roman', times, serif\">\u015eerif <\/span><\/strong><\/h3>\n<p style=\"text-align: justify\"><span style=\"color: #000000;font-family: 'times new roman', times, serif\">\u0130bn \u0130yas, Sultan \u0120avr\u012b&#8217;nin Halep&#8217;te vefat\u0131ndan sonra bu \u00fc\u00e7\u00fcn\u00fcn d\u00fc\u015fman\u0131 Osmanl\u0131 Padi\u015fah\u0131 I. Selim&#8217;in l\u00fctfunu kazanmaya \u00e7al\u0131\u015ft\u0131klar\u0131n\u0131 \u00e7ok olumsuz de\u011ferlendirdi.\u00a0<\/span><\/p>\n<p style=\"text-align: justify\"><span style=\"color: #000000;font-family: 'times new roman', times, serif\">Husayn b. 1505&#8217;ten itibaren d\u00fczenli olarak yap\u0131lan ve sadece din alimlerinin de\u011fil, \u00f6rne\u011fin K\u0131c\u0131zzade gibi m\u00fczisyenlerin de kat\u0131ld\u0131\u011f\u0131 ve \u201cher dilde\u201d okudu\u011fu toplant\u0131lar\u0131 anlatan Muhammed el-H\u00fcseyn\u00ee, elbette daha da fazla biyografik malzeme g\u00fcn \u0131\u015f\u0131\u011f\u0131na \u00e7\u0131k\u0131yor.<\/span><\/p>\n<p style=\"text-align: justify\"><span style=\"color: #000000;font-family: 'times new roman', times, serif\">Fakat \u0130bn \u0130y\u00e2s taraf\u0131ndan sa\u011flanan bilgilerin dikkate al\u0131nmas\u0131, ayn\u0131 zamanda, \u0130avr\u00ee&#8217;nin meyilli oldu\u011fu abn\u00e2&#8217;l-Acem kelimeleriyle, \u0130bn \u0130y\u00e2s&#8217;\u0131n yaln\u0131zca \u0130ranl\u0131lar\u0131 de\u011fil, muhtemelen Acem&#8217;den gelen T\u00fcrkleri de kastetmi\u015f olabilece\u011fi izlenimini vermektedir. o zaman). Bu izlenim \u0130bn \u0130yas&#8217;ta daha fazla okundu\u011funda peki\u015ftirilir: \u201cve belki de [\u0130avr\u00ee&#8217;nin] Nes\u00eemiyye mezhebine meyletmesi, onun \u0130ranl\u0131lara olan meyline atfedilebilir\u201d.<\/span><\/p>\n<p style=\"text-align: justify\"><span style=\"color: #000000;font-family: 'times new roman', times, serif\">Nas\u012bm\u012bya\/ Nes\u012bm\u012bye ile a\u00e7\u0131k\u00e7a bahsi ge\u00e7en \u00f6nemli Sur\u00fbf\u00ee ve s\u00fbf\u00ee \u015fair Seyyid &#8216;\u0130madedd\u00een Nes\u00eem\u00ee&#8217;nin m\u00fcritleri kastedilmektedir. Asl\u0131nda Fars\u00e7a \u015fiirler de yazm\u0131\u015ft\u0131r, ancak her \u015feyden \u00f6nce bir T\u00fcrk \u015fairi olarak bilinir. T\u00fcrk\u00e7e divan\u0131na Nes\u012bm\u012b&#8217;nin bir na\u1e93\u012bre yazd\u0131\u011f\u0131 bir \u015fiirine de yer veren \u0120avr\u012b taraf\u0131ndan da b\u00f6yle takdir edilmi\u015ftir. Buraya kadar s\u00f6ylenenlere dayanarak, \u0130avr\u00ee&#8217;nin saray\u0131ndaki ebn\u00e2&#8217;l-Acem ile T\u00fcrk-Fars sahas\u0131ndaki \u015fahsiyetlerin kastedildi\u011fi ve asl\u0131nda muhtemelen Farslardan ziyade T\u00fcrklerin (Acem&#8217;den gelen) kastedildi\u011fi sonucuna var\u0131labilir.<\/span><\/p>\n<p style=\"text-align: justify\"><span style=\"color: #000000;font-family: 'times new roman', times, serif\">\u015eerif&#8217;in deyi\u015fiyle, s\u00fcrekli Rum\u00eeler ve Persler (oturm\u0131\u015f R\u016bmile \u1e0durm\u0131\u015f &#8216;Ajemle) ile birlikte olan \u0120avr\u012b&#8217;nin kendisi, Arap\u00e7a ve T\u00fcrk\u00e7e, bazen de T\u00fcrk\u00e7e-Fars\u00e7a \u015fiirler yazm\u0131\u015ft\u0131r; her hal\u00fckarda Fars\u00e7a biliyordu (\u015eer\u00eef kibarca Fars\u00e7a&#8217;dan daha iyi bildi\u011fini iddia ediyor), ancak \u015e\u0101hn\u0101me&#8217;yi anlamas\u0131n\u0131n T\u00fcrk\u00e7e bir \u00e7eviriyle b\u00fcy\u00fck \u00f6l\u00e7\u00fcde kolayla\u015ft\u0131r\u0131laca\u011f\u0131n\u0131n anla\u015f\u0131lmas\u0131na izin veriyor.<\/span><\/p>\n<p style=\"text-align: justify\"><span style=\"color: #000000;font-family: 'times new roman', times, serif\">Rabi&#8217; I 917\/May\u0131s-Haziran 1511&#8217;de \u015eah \u0130smail&#8217;den Fars\u00e7a yaz\u0131lm\u0131\u015f bir mesaj Kahire&#8217;deki mahkemeye ula\u015ft\u0131\u011f\u0131nda terc\u00fcme edilmesi gerekir. Ebn\u00e2t\u00fc&#8217;l-\u00c2cem&#8217;den biri onu &#8220;okumak&#8221;, yani terc\u00fcme etmek (muhtemelen T\u00fcrk\u00e7eye) i\u00e7in getirilir ve bu fiilen \u015eeyh H\u00fcseyin ad\u0131ndaki bir \u015fer\u00eef taraf\u0131ndan yap\u0131l\u0131r. \u00d6n\u00fcm\u00fczde \u015e\u0101hn\u0101me terc\u00fcman\u0131m\u0131z \u1e24\u00fcseyn b. Hasan b. Muhammed el-\u1e24useyn\u012b el-Hanaf\u012b, \u015eerif olarak an\u0131l\u0131r. Onun hakk\u0131nda bildiklerimizi kronolojik s\u0131rayla, varsay\u0131m\u0131m\u0131zla birlikte inceleyelim.<\/span><\/p>\n<p style=\"text-align: justify\"><span style=\"color: #000000;font-family: 'times new roman', times, serif\">OM&#8217;ye g\u00f6re \u015eerif, Osmanl\u0131 prensi Cem&#8217;in yak\u0131n arkada\u015f\u0131 (mukarrebi) anlam\u0131na gelir. \u015eehzade \u015ea&#8217;b\u00e2n 886\/Eyl\u00fcl-Ekim 1481&#8217;de Kahire&#8217;ye gelmi\u015f ve oradan Muharrem 887\/\u015eubat-Mart 1482&#8217;de hac kervan\u0131yla Hicaz&#8217;a do\u011fru yola \u00e7\u0131km\u0131\u015ft\u0131r.<\/span><\/p>\n<p style=\"text-align: justify\"><span style=\"color: #000000;font-family: 'times new roman', times, serif\">Bana ula\u015fan literat\u00fcrde \u015eerif&#8217;le (Jem&#8217;in yak\u0131nlar\u0131 aras\u0131nda ad\u0131 ge\u00e7meyen) tan\u0131\u015ft\u0131\u011f\u0131na dair bir belirti olmamas\u0131na ra\u011fmen, ikisinin birbirini tan\u0131d\u0131\u011f\u0131 g\u00f6z ard\u0131 edilemez; asl\u0131nda Memluk devletinde veya belki de hac s\u0131ras\u0131nda tan\u0131\u015fm\u0131\u015f olabilirler. Kaytbay&#8217;\u0131n memluku olarak ilk \u00f6nemli atamas\u0131n\u0131 Cem&#8217;in ziyareti s\u0131ras\u0131nda (Yukar\u0131 M\u0131s\u0131r m\u00fcfetti\u015fi olarak) alan \u0120avr\u012b, Osmanl\u0131 \u015fehzadesinin \u015fiirine a\u015finayd\u0131. Bu, \u0120avr\u012b&#8217;nin kendi \u015fiir koleksiyonuna dahil etti\u011fi Cemli bir \u0121azel taraf\u0131ndan tasdik edilir.<\/span><\/p>\n<hr \/>\n<p style=\"text-align: center\"><span style=\"color: #33cccc\"><a href=\"https:\/\/bestessayhomework.com\/tr\/\" target=\"_blank\" rel=\"noopener\">Edebiyat<\/a> tarihi eserleri<\/span><br \/>\n<span style=\"color: #33cccc\">T\u00fcrk Edebiyat Tarihi<\/span><br \/>\n<span style=\"color: #33cccc\">T\u00fcrk Edebiyat Tarihi Kitaplar\u0131<\/span><br \/>\n<span style=\"color: #33cccc\">Edebiyat Tarihi yazarlar\u0131 ve eserleri<\/span><br \/>\n<span style=\"color: #33cccc\">Edebiyat tarihi kitaplar\u0131 \u00f6zellikleri<\/span><br \/>\n<span style=\"color: #33cccc\">Refik Halit Karay Eserleri<\/span><br \/>\n<span style=\"color: #33cccc\">\u015eerif Akta\u015f Eserleri<\/span><br \/>\n<span style=\"color: #33cccc\">Edebiyat tarihi kitaplar\u0131nda a\u015fa\u011f\u0131dakilerden hangisi bulunmaz<\/span><\/p>\n<hr \/>\n<p style=\"text-align: justify\"><span style=\"color: #000000;font-family: 'times new roman', times, serif\">Bu d\u00f6nem i\u00e7in \u015eerif hakk\u0131nda hi\u00e7bir \u015fey bilmiyoruz. Onun hamisi \u0120avr\u00ee&#8217;den \u00f6nceki Meml\u00fbk sultanlar\u0131na bak\u0131\u015f\u0131 900\/1494-5 y\u0131l\u0131 ile, yani bir \u00f6l\u00fcm ilan\u0131 adad\u0131\u011f\u0131 Kaytbey saltanat\u0131n\u0131n sonlar\u0131na do\u011fru ba\u015flar. \u0120avr\u012b, h\u00fck\u00fcmdarl\u0131\u011f\u0131n\u0131n en ba\u015f\u0131nda 1501 y\u0131l\u0131nda \u015fer\u00eef \u1e24\u00fcseyn b. Edebi yetene\u011fini duydu\u011fu Hasan, Fars\u00e7a \u015f\u0101hn\u0101me&#8217;yi T\u00fcrk\u00e7e manzumeye \u00e7evirmi\u015ftir. \u201cTurnuva sahas\u0131 adam\u0131\u201d olmayan, aksine belagatli bir kaleme sahip olan \u015eerif, kendisini yaz k\u0131\u015f42 kendi s\u00f6zleriyle daha \u00f6nce hi\u00e7 kimsenin \u00fcstlenmedi\u011fi b\u00fcy\u00fck g\u00f6reve adam\u0131\u015ft\u0131r.<\/span><\/p>\n<p style=\"text-align: justify\"><span style=\"color: #000000;font-family: 'times new roman', times, serif\">Dolay\u0131s\u0131yla, Osmanl\u0131 Padi\u015fah\u0131 II. Murad (1421-1451) i\u00e7in yap\u0131ld\u0131\u011f\u0131 varsay\u0131lan tam bir nesir terc\u00fcmesi hakk\u0131nda bilgisi olmad\u0131\u011f\u0131 a\u00e7\u0131kt\u0131r. Daha \u00f6nce 1367&#8217;de Bat\u0131 Anadolu Ayasolug&#8217;da Fa\u1e2breddin Yakub, Ni\u1e93\u0101m\u012b&#8217;ye dayanan \u1e2ausrev-\u015e\u012br\u012bn \u015fiiri i\u00e7in \u015e\u0101hn\u0101me&#8217;den Behr\u0101m \u00c7\u016bb\u012bn&#8217;in roman\u0131n\u0131 yakla\u015f\u0131k 1.620 T\u00fcrk\u00e7e m\u0131sraya koymu\u015ftu. Bunu yaparken, orijinalin sayac\u0131n\u0131 hezej olarak de\u011fi\u015ftirmeyi se\u00e7ti. \u015eerif de ayn\u0131 \u015feyi yapar ve \u1e2ausrev masal\u0131n\u0131 \u015fiir haline getirenin Ni\u1e93\u0101m\u012b oldu\u011funa dikkat \u00e7eker.<\/span><\/p>\n<p style=\"text-align: justify\"><span style=\"color: #000000;font-family: 'times new roman', times, serif\">&#8220;Bu T\u00fcrk dilinde&#8221;, bu t\u00fcrk\u012b dili&#8217;nde, \u015eerif, &#8220;dervi\u015f tarz\u0131nda&#8221; \u015fiir yazacakt\u0131r, dervi\u015f\u0101ne, bu y\u00fczden hamisi ona anlamas\u0131n\u0131 vermi\u015ftir ve \u015eerif, \u015e\u0101hn\u0101me&#8217;sinin kasideli k\u0131s\u0131mlar\u0131n\u0131 mizahi bir \u015fekilde tamamlar. Geceleri huzursuz padi\u015fah\u0131n etraf\u0131nda v\u0131z\u0131ldayan sivrisinek g\u00f6r\u00fcnt\u00fcs\u00fc veya \u0120avr\u012b taraf\u0131ndan \u00f6rnek restorasyonundan \u00f6nce tozlu meydan\u0131n grafik bir tasviri ile yap\u0131l\u0131r.<\/span><\/p>\n<p style=\"text-align: justify\"><span style=\"color: #000000;font-family: 'times new roman', times, serif\">\u015eerif&#8217;in \u0130bn \u0130yas taraf\u0131ndan \u0130ran \u015feyhi olarak apostrofize edilen \u015ear\u00eef H\u00fcseyin ile ayn\u0131 oldu\u011fu bir varsay\u0131md\u0131r ve a\u015fa\u011f\u0131da daha ayr\u0131nt\u0131l\u0131 olarak tart\u0131\u015f\u0131lacakt\u0131r. \u0130ranl\u0131 veya T\u00fcrk olabilecek \u201c\u0130avr\u00ee\u2019nin \u0130ranl\u0131lar\u0131\u201dndan biri oldu\u011fundan, Fars\u00e7aya tam olarak h\u00e2kim oldu\u011fu ve T\u00fcrk\u00e7e \u015fiir yazd\u0131\u011f\u0131 konusunda hi\u00e7bir \u015f\u00fcphe olmamas\u0131 gerekir.<\/span><\/p>\n<p style=\"text-align: justify\"><span style=\"color: #000000;font-family: 'times new roman', times, serif\">Bu, iki dilli b\u00fcy\u00fcm\u00fc\u015f bir Fars b\u00f6lgesinden bir T\u00fcrk meselesi olabilece\u011fi varsay\u0131m\u0131n\u0131 hakl\u0131 \u00e7\u0131kar\u0131yor. \u015eerif, Sultan \u0120avr\u012b&#8217;ye yazd\u0131\u011f\u0131 tebrik \u015fiirinde, konu\u015fmas\u0131n\u0131n \u201cT\u00fcrk usul\u00fc\u201d oldu\u011funu belirtir: t\u00fcrkaned\u00fcr s\u00f6z\u00fc\u00f1 \u015eerif. \u0120avr\u012b ise saray \u015fairine \u015funlar\u0131 \u00f6\u011f\u00fctler: &#8220;Yazmaya \u00e7al\u0131\u015f \u015eerif, \u015e\u012br\u012bn bal olsun diye, \u0120avr\u012b gibi [senin] ad\u0131nla M\u0131s\u0131r\u2019a h\u00e2kim olmak istiyorsan sen de gere\u011fini yapmal\u0131s\u0131n.&#8221;<\/span><\/p>\n<p style=\"text-align: justify\"><span style=\"color: #000000;font-family: 'times new roman', times, serif\">Bir ba\u015fka pasajda ise \u015eerif&#8217;in s\u00f6zlerinin [yaln\u0131zca] \u0120avr\u012b&#8217;nin nutkundan dolay\u0131 \u015feref kazand\u0131\u011f\u0131n\u0131 hat\u0131rlat\u0131r: \u0120avr\u012b&#8217;nin bir ba\u015fka \u0121azelinde de diyor ki: \u201cS\u00f6zlerini alevlendiren, \u0120avr\u012b gibi \u015eerif&#8217;in de ad\u0131n\u0131n d\u00fcnyada \u00e7ok me\u015fhur olmas\u0131n\u0131 istemesidir.<\/span><\/p>\n<p style=\"text-align: justify\"><span style=\"color: #000000;font-family: 'times new roman', times, serif\">\u015eerif, yakla\u015f\u0131k iki y\u0131ld\u0131r \u015e\u0101hn\u0101me terc\u00fcmesi \u00fczerinde \u00e7al\u0131\u015f\u0131rken, D\u00fblhijja 908\/28 May\u0131s 1503&#8217;te ba\u015flayan y\u0131l, vefat\u0131 nedeniyle, \u00e7ok sayg\u0131 duyulan Sultan Mu\u02beayyad \u015eay\u1e2b&#8217;\u0131n camisinde s\u00fbf\u00eelerin \u015feyhli\u011fi serbest kald\u0131 (tamamland\u0131). 1419 kuzey Kahire&#8217;deki Zuwayla Kap\u0131s\u0131 taraf\u0131ndan. Uzun zamandan beri bu makam\u0131n se\u00e7kin Arap kazi ailesi ed-Deyr\u00ee&#8217;de kal\u0131tsal oldu\u011funu vurgulayan \u0130bn \u0130y\u00e2s, Padi\u015fah\u0131n Hanef\u00ee \u015feyhi Huseyn \u015ear\u00eef&#8217;i bu makama atad\u0131\u011f\u0131n\u0131 bildirmektedir.<\/span><\/p>\n<p style=\"text-align: justify\"><span style=\"color: #000000;font-family: 'times new roman', times, serif\">Vakaan\u00fcvis, Dayr\u00eeler i\u00e7in yap\u0131lan bu gerilemeyle a\u00e7\u0131k\u00e7a me\u015fguld\u00fcr ve olay\u0131 bir kez daha farkl\u0131 bir tarih alt\u0131nda nakletmektedir. Bu vesileyle yeni \u015feyh hakk\u0131nda \u00e7ok fazla kelime harcamaz, ancak onun \u201c\u015fimdi\u201d g\u00f6revde oldu\u011funu not eder.<\/span><\/p>\n<p style=\"text-align: justify\"><span style=\"color: #000000;font-family: 'times new roman', times, serif\">Onun vakayinamesinin 1503 \u0130bn \u0130yas&#8217;\u0131 kapsayan k\u0131sm\u0131 1508,58&#8217;de sona ererken, 1508&#8217;i ele alan cilt 151659&#8217;da bitmi\u015ftir, bu da bize \u015eeyh H\u00fcseyin&#8217;in g\u00f6rev s\u00fcresi i\u00e7in son nokta olarak 1516 y\u0131l\u0131n\u0131 vermektedir. Yukar\u0131da de\u011finilen nedenlerle ve \u015ferifimizin eserini Mu\u02beayyad Camii&#8217;nde (a\u015fa\u011f\u0131ya bak\u0131n\u0131z) bitirdi\u011fi ger\u00e7e\u011finden hareketle, bu Husayn \u015ear\u00eef&#8217;in \u015e\u00e2hn\u00e2me terc\u00fcman\u0131m\u0131zla ayn\u0131 ki\u015fi olmas\u0131n\u0131 m\u00fcmk\u00fcn g\u00f6r\u00fcyorum.<\/span><\/p>\n","protected":false},"excerpt":{"rendered":"<p>\u015eerif \u0130bn \u0130yas, Sultan \u0120avr\u012b&#8217;nin Halep&#8217;te vefat\u0131ndan sonra bu \u00fc\u00e7\u00fcn\u00fcn d\u00fc\u015fman\u0131 Osmanl\u0131 Padi\u015fah\u0131 I. Selim&#8217;in l\u00fctfunu kazanmaya \u00e7al\u0131\u015ft\u0131klar\u0131n\u0131 \u00e7ok olumsuz de\u011ferlendirdi.\u00a0 Husayn b. 1505&#8217;ten itibaren d\u00fczenli olarak yap\u0131lan ve sadece din alimlerinin de\u011fil, \u00f6rne\u011fin K\u0131c\u0131zzade gibi m\u00fczisyenlerin de kat\u0131ld\u0131\u011f\u0131 ve \u201cher dilde\u201d okudu\u011fu toplant\u0131lar\u0131 anlatan Muhammed el-H\u00fcseyn\u00ee, elbette daha da fazla biyografik malzeme g\u00fcn \u0131\u015f\u0131\u011f\u0131na&hellip; <br \/> <a class=\"button small blue\" href=\"https:\/\/bestessayhomework.com\/tr\/serif-edebiyat-alaninda-tez-yaptirma-edebiyat-tez-yaptirma-ucretleri-edebiyat-odevleri-edebiyat-odev-ucretleri\/\">Devam\u0131<\/a><\/p>\n","protected":false},"author":6,"featured_media":8397,"comment_status":"closed","ping_status":"closed","sticky":false,"template":"","format":"standard","meta":{"om_disable_all_campaigns":false,"_monsterinsights_skip_tracking":false,"_monsterinsights_sitenote_active":false,"_monsterinsights_sitenote_note":"","_monsterinsights_sitenote_category":0,"footnotes":""},"categories":[18683,18682,18684],"tags":[18599,18685,18688,18594,18686,18687,18593,18598],"class_list":["post-8568","post","type-post","status-publish","format-standard","has-post-thumbnail","hentry","category-edebiyat-tarihi-kitaplari-ozellikleri","category-edebiyat-tarihi-kitaplarinda-asagidakilerden-hangisi-bulunmaz","category-turk-edebiyat-tarih","tag-edebiyat-tarihi-eserleri","tag-edebiyat-tarihi-kitaplari-ozellikleri","tag-edebiyat-tarihi-kitaplarinda-asagidakilerden-hangisi-bulunmaz","tag-edebiyat-tarihi-yazarlari-ve-eserleri","tag-refik-halit-karay-eserleri","tag-serif-aktas-eserleri","tag-turk-edebiyat-tarihi","tag-turk-edebiyat-tarihi-kitaplari"],"aioseo_notices":[],"aioseo_head":"\n\t\t<!-- All in One SEO Pro 4.9.4.2 - aioseo.com -->\n\t<meta name=\"description\" content=\"\u015eerif \u0130bn \u0130yas, Sultan \u0120avr\u012b&#039;nin Halep&#039;te vefat\u0131ndan sonra bu \u00fc\u00e7\u00fcn\u00fcn d\u00fc\u015fman\u0131 Osmanl\u0131 Padi\u015fah\u0131 I. Selim&#039;in l\u00fctfunu kazanmaya \u00e7al\u0131\u015ft\u0131klar\u0131n\u0131 \u00e7ok olumsuz de\u011ferlendirdi. Husayn b. 1505&#039;ten itibaren d\u00fczenli olarak yap\u0131lan ve sadece din alimlerinin de\u011fil, \u00f6rne\u011fin K\u0131c\u0131zzade gibi m\u00fczisyenlerin de kat\u0131ld\u0131\u011f\u0131 ve \u201cher dilde\u201d okudu\u011fu toplant\u0131lar\u0131 anlatan Muhammed el-H\u00fcseyn\u00ee, elbette daha da fazla biyografik malzeme g\u00fcn \u0131\u015f\u0131\u011f\u0131na\" \/>\n\t<meta name=\"robots\" content=\"max-image-preview:large\" \/>\n\t<meta name=\"author\" content=\"terc\u00fcman terc\u00fcman\"\/>\n\t<meta name=\"google-site-verification\" content=\"_Do0m5hW5EZGn6W1I0rvGqv6s_5Fr6nHI8Uj9qTWHMM\" \/>\n\t<meta name=\"keywords\" content=\"edebiyat tarihi eserleri,edebiyat tarihi kitaplar\u0131 \u00f6zellikleri,edebiyat tarihi kitaplar\u0131nda a\u015fa\u011f\u0131dakilerden hangisi bulunmaz,edebiyat tarihi yazarlar\u0131 ve eserleri,refik halit karay eserleri,\u015ferif akta\u015f eserleri,t\u00fcrk edebiyat tarihi,t\u00fcrk edebiyat tarihi kitaplar\u0131,t\u00fcrk edebiyat tarih\" \/>\n\t<link rel=\"canonical\" href=\"https:\/\/bestessayhomework.com\/tr\/serif-edebiyat-alaninda-tez-yaptirma-edebiyat-tez-yaptirma-ucretleri-edebiyat-odevleri-edebiyat-odev-ucretleri\/\" \/>\n\t<meta name=\"generator\" content=\"All in One SEO Pro (AIOSEO) 4.9.4.2\" \/>\n\t\t<meta property=\"og:locale\" content=\"tr_TR\" \/>\n\t\t<meta property=\"og:site_name\" content=\"En \u0130yi Essay | bestessayhomework@gmail.com - Bize Mail Kanal\u0131m\u0131zdan veya sa\u011f alt k\u00f6\u015fedeki Whatsapp tu\u015fundan Ula\u015f\u0131n - 0 (312) 276 75 93 -Essay Yapt\u0131rma, Essay Yazd\u0131rma, Parayla Essay Yazd\u0131rma, Parayla Essay Yapt\u0131rma, \u00dccretli Essay, \u00dccretli Essay Yapt\u0131rma, Profesyonel Essay Yapt\u0131rma,   Essay Projesi Yapt\u0131r, Essay \u00d6dev Yard\u0131m\u0131 Al, Essay D\u00fczenleme, Essay Projesi Yapt\u0131r,   Essay Sepeti, Essay Fiyat Teklifi Al, Essay Dan\u0131\u015fmanl\u0131k, Essay Ar\u015fivleri, Essay Kategorisi,   Essay Yazd\u0131rmak, Essay Yazd\u0131rma \u00dccreti, Essay Sunum, Essay \u00c7eviri, Essay Yazd\u0131rma \u00dccreti,   \u00dccretli Essay Yazd\u0131rma, Essay Yazd\u0131rma Siteleri, Parayla Essay Yazma, \u00d6dev Yazd\u0131rma, Essay Yazd\u0131rmak \u0130stiyorum,   Research Paper Yazd\u0131rmak, Argumentative Essay Topics, Cause Effect Essay \u00d6rnekleri, Classification Essay, Essay \u00c7e\u015fitleri,   Essay Rehberi, Opinion Essay Examples, Makale Yazd\u0131rma, Kompozisyon Yazd\u0131rma, Parayla Makale Yazd\u0131rma,   Parayla Kompozisyon Yazd\u0131rma, \u00dccretli Makale, \u00dccretli Kompozisyon, Profesyonel Makale Yapt\u0131rma, Profesyonel Kompozisyon Yapt\u0131rma,   Makale Projesi Yapt\u0131r, Makale \u00d6dev Yard\u0131m\u0131 Al, Makale D\u00fczenleme, Makale Projesi Yapt\u0131r, Makale Sepeti,   Makale Fiyat Teklifi Al, Makale Dan\u0131\u015fmanl\u0131k, Makale Ar\u015fivleri, Makale Kategorisi, Makale Yazd\u0131rmak, Makale Yazd\u0131rma \u00dccreti,   Makale Sunum, Makale \u00c7eviri, Makale Yazd\u0131rma \u00dccreti, \u00dccretli Makale Yazd\u0131rma, Makale Yazd\u0131rma Siteleri, Parayla Makale Yazma, Makale Sepeti,  Makale Yazd\u0131rmak \u0130stiyorum, \u00d6dev Dan\u0131\u015fmanl\u0131\u011f\u0131, \u00d6dev Yapt\u0131rma, Tez Yazd\u0131rma, Makale YAZDIRMA siteleri, Parayla makale YAZDIRMA, Seo makale fiyatlar\u0131, Sayfa ba\u015f\u0131 yaz\u0131 yazma \u00fccreti, \u0130ngilizce makale yazd\u0131rma, Akademik makale YAZDIRMA, Makale Fiyatlar\u0131 2022, Makale yazma, Blog Yazd\u0131rma, Blog Yazd\u0131rmak \u0130stiyorum, Essay yazma Uygulamas\u0131, Essay Yazma sitesi, \u0130ngilizce metin yazma sitesi, Writing yazma sitesi, Essay d\u00fczeltici, Essay Kontrol ettirme, Gramer kontrol, \u0130ngilizce Gramer d\u00fczeltme uygulamas\u0131, \u0130ngilizce c\u00fcmle d\u00fczeltme sitesi, Essay kontrol siteleri, Tez Yapt\u0131rma, Seo Uyumlu Blog Yapt\u0131rma\" \/>\n\t\t<meta property=\"og:type\" content=\"article\" \/>\n\t\t<meta property=\"og:title\" content=\"\u015eerif \u2013 Edebiyat Alan\u0131nda Tez Yapt\u0131rma \u2013 Edebiyat Tez Yapt\u0131rma \u00dccretleri \u2013 Edebiyat \u00d6devleri \u2013 Edebiyat \u00d6dev \u00dccretleri | En \u0130yi Essay\" \/>\n\t\t<meta property=\"og:description\" content=\"\u015eerif \u0130bn \u0130yas, Sultan \u0120avr\u012b&#039;nin Halep&#039;te vefat\u0131ndan sonra bu \u00fc\u00e7\u00fcn\u00fcn d\u00fc\u015fman\u0131 Osmanl\u0131 Padi\u015fah\u0131 I. Selim&#039;in l\u00fctfunu kazanmaya \u00e7al\u0131\u015ft\u0131klar\u0131n\u0131 \u00e7ok olumsuz de\u011ferlendirdi. Husayn b. 1505&#039;ten itibaren d\u00fczenli olarak yap\u0131lan ve sadece din alimlerinin de\u011fil, \u00f6rne\u011fin K\u0131c\u0131zzade gibi m\u00fczisyenlerin de kat\u0131ld\u0131\u011f\u0131 ve \u201cher dilde\u201d okudu\u011fu toplant\u0131lar\u0131 anlatan Muhammed el-H\u00fcseyn\u00ee, elbette daha da fazla biyografik malzeme g\u00fcn \u0131\u015f\u0131\u011f\u0131na\" \/>\n\t\t<meta property=\"og:url\" content=\"https:\/\/bestessayhomework.com\/tr\/serif-edebiyat-alaninda-tez-yaptirma-edebiyat-tez-yaptirma-ucretleri-edebiyat-odevleri-edebiyat-odev-ucretleri\/\" \/>\n\t\t<meta property=\"og:image\" content=\"https:\/\/bestessayhomework.com\/tr\/wp-content\/uploads\/2024\/03\/10.webp\" \/>\n\t\t<meta property=\"og:image:secure_url\" content=\"https:\/\/bestessayhomework.com\/tr\/wp-content\/uploads\/2024\/03\/10.webp\" \/>\n\t\t<meta property=\"og:image:width\" content=\"1280\" \/>\n\t\t<meta property=\"og:image:height\" content=\"720\" \/>\n\t\t<meta property=\"article:published_time\" content=\"2022-01-24T10:51:12+00:00\" \/>\n\t\t<meta property=\"article:modified_time\" content=\"2022-01-24T10:51:12+00:00\" \/>\n\t\t<meta name=\"twitter:card\" content=\"summary_large_image\" \/>\n\t\t<meta name=\"twitter:title\" content=\"\u015eerif \u2013 Edebiyat Alan\u0131nda Tez Yapt\u0131rma \u2013 Edebiyat Tez Yapt\u0131rma \u00dccretleri \u2013 Edebiyat \u00d6devleri \u2013 Edebiyat \u00d6dev \u00dccretleri | En \u0130yi Essay\" \/>\n\t\t<meta name=\"twitter:description\" content=\"\u015eerif \u0130bn \u0130yas, Sultan \u0120avr\u012b&#039;nin Halep&#039;te vefat\u0131ndan sonra bu \u00fc\u00e7\u00fcn\u00fcn d\u00fc\u015fman\u0131 Osmanl\u0131 Padi\u015fah\u0131 I. Selim&#039;in l\u00fctfunu kazanmaya \u00e7al\u0131\u015ft\u0131klar\u0131n\u0131 \u00e7ok olumsuz de\u011ferlendirdi. Husayn b. 1505&#039;ten itibaren d\u00fczenli olarak yap\u0131lan ve sadece din alimlerinin de\u011fil, \u00f6rne\u011fin K\u0131c\u0131zzade gibi m\u00fczisyenlerin de kat\u0131ld\u0131\u011f\u0131 ve \u201cher dilde\u201d okudu\u011fu toplant\u0131lar\u0131 anlatan Muhammed el-H\u00fcseyn\u00ee, elbette daha da fazla biyografik malzeme g\u00fcn \u0131\u015f\u0131\u011f\u0131na\" \/>\n\t\t<meta name=\"twitter:image\" content=\"https:\/\/bestessayhomework.com\/tr\/wp-content\/uploads\/2024\/03\/10.webp\" \/>\n\t\t<script type=\"application\/ld+json\" class=\"aioseo-schema\">\n\t\t\t{\"@context\":\"https:\\\/\\\/schema.org\",\"@graph\":[{\"@type\":\"Article\",\"@id\":\"https:\\\/\\\/bestessayhomework.com\\\/tr\\\/serif-edebiyat-alaninda-tez-yaptirma-edebiyat-tez-yaptirma-ucretleri-edebiyat-odevleri-edebiyat-odev-ucretleri\\\/#article\",\"name\":\"\\u015eerif \\u2013 Edebiyat Alan\\u0131nda Tez Yapt\\u0131rma \\u2013 Edebiyat Tez Yapt\\u0131rma \\u00dccretleri \\u2013 Edebiyat \\u00d6devleri \\u2013 Edebiyat \\u00d6dev \\u00dccretleri | En \\u0130yi Essay\",\"headline\":\"\\u015eerif \\u2013 Edebiyat Alan\\u0131nda Tez Yapt\\u0131rma \\u2013 Edebiyat Tez Yapt\\u0131rma \\u00dccretleri \\u2013 Edebiyat \\u00d6devleri \\u2013 Edebiyat \\u00d6dev \\u00dccretleri\",\"author\":{\"@id\":\"https:\\\/\\\/bestessayhomework.com\\\/tr\\\/author\\\/tercuman32\\\/#author\"},\"publisher\":{\"@id\":\"https:\\\/\\\/bestessayhomework.com\\\/tr\\\/#organization\"},\"image\":{\"@type\":\"ImageObject\",\"url\":\"https:\\\/\\\/bestessayhomework.com\\\/tr\\\/wp-content\\\/uploads\\\/2022\\\/01\\\/asd.jpg\",\"width\":650,\"height\":344,\"caption\":\"Tarihsel D\\u00f6nemler\\n\\nM\\u0131s\\u0131rl\\u0131lar\\u0131n en eski tarihsel d\\u00f6nemlerden beri y\\u0131l\\u0131n yakla\\u015f\\u0131k uzunlu\\u011funun fark\\u0131nda olduklar\\u0131 kesindir. Nil selinden Nil seline veya g\\u00fcnd\\u00f6n\\u00fcm\\u00fcnden g\\u00fcnd\\u00f6n\\u00fcm\\u00fcne g\\u00fcn kayd\\u0131n\\u0131n kolayl\\u0131kla tutulabilece\\u011fi d\\u00fc\\u015f\\u00fcn\\u00fcl\\u00fcrse, ba\\u015fka t\\u00fcrl\\u00fc olmas\\u0131 tuhaf olurdu. Ancak bu, elbette, yaln\\u0131zca yakla\\u015f\\u0131k bir say\\u0131 i\\u00e7in ge\\u00e7erlidir.\\n\\nEn erken d\\u00f6nemde M\\u0131s\\u0131rl\\u0131lar\\u0131n bu say\\u0131y\\u0131 sadece 360 g\\u00fcn yapt\\u0131klar\\u0131na inanmak i\\u00e7in baz\\u0131 nedenler var. Y\\u0131llar\\u0131n\\u0131n otuz g\\u00fcnden olu\\u015fan on iki aya b\\u00f6l\\u00fcnm\\u00fc\\u015f olmas\\u0131 bu inanca renk katmaktad\\u0131r; ancak her hal\\u00fckarda, yanl\\u0131\\u015fl\\u0131k zaman\\u0131nda fark edilmi\\u015f ve on ikinci ay\\u0131n sonu ile yeni y\\u0131l aras\\u0131na be\\u015f g\\u00fcnl\\u00fck bir \\\"k\\u00fc\\u00e7\\u00fck ay\\\" enterpolasyonu yap\\u0131larak k\\u0131smi bir \\u00e7are uygulanm\\u0131\\u015ft\\u0131r.\\n\\nBu, sorunu neredeyse ama tam olarak \\u00e7\\u00f6zmedi. A\\u00e7\\u0131k\\u00e7a ba\\u015far\\u0131s\\u0131z oldu\\u011fu \\u015fey, ger\\u00e7ek y\\u0131l\\u0131 ger\\u00e7ekten tamamlayan bir g\\u00fcn\\u00fcn bu ek \\u00e7eyre\\u011fini hesaba katmakt\\u0131.\\n\\nD\\u00fcnyan\\u0131n, g\\u00fcne\\u015f etraf\\u0131ndaki ge\\u00e7i\\u015f h\\u0131z\\u0131yla d\\u00f6nme hareketini y\\u0131ll\\u0131k u\\u00e7u\\u015funu tam olarak 360 g\\u00fcnde yapacak \\u015fekilde ayarlamas\\u0131 \\u015fans eseri insanl\\u0131k i\\u00e7in son derece uygun bir \\u015fey olurdu.\\n\\nO zaman, her biri otuz g\\u00fcnl\\u00fck on iki kameri ay tam olarak g\\u00fcne\\u015f y\\u0131l\\u0131na denk gelecek ve tarih \\u00f6\\u011frencilerinin kafas\\u0131n\\u0131 kar\\u0131\\u015ft\\u0131ran takvimin karma\\u015f\\u0131kl\\u0131klar\\u0131n\\u0131n \\u00e7o\\u011fundan ka\\u00e7\\u0131n\\u0131lm\\u0131\\u015f olacakt\\u0131; ama \\u00f6te yandan, belki de bu basitlik, insanlar\\u0131n g\\u00f6kleri eskisi kadar dikkatli ara\\u015ft\\u0131rmas\\u0131n\\u0131 engelleyerek astronomik bilime zarar verebilirdi.\\n\\nOlabildi\\u011fince, karma\\u015f\\u0131kl\\u0131k var. \\u00dc\\u00e7 y\\u00fcz altm\\u0131\\u015f be\\u015f ve (yakla\\u015f\\u0131k) bir \\u00e7eyrek g\\u00fcnl\\u00fck ger\\u00e7ek y\\u0131l, aylara e\\u015fit olarak b\\u00f6l\\u00fcnemez ve g\\u00fcnlerin burada ve orada araya eklenmesi gibi baz\\u0131 \\u00e7areler esast\\u0131r, aksi takdirde takvim kesinlikle uyumsuz hale gelir.\\u00a0\\n\\nM\\u0131s\\u0131rl\\u0131lar s\\u00f6z konusu oldu\\u011funda, az \\u00f6nce belirtildi\\u011fi gibi, M\\u0131s\\u0131rl\\u0131lar\\u0131n kendilerinin \\\"y\\u0131l\\u0131n be\\u015f g\\u00fcn\\u00fc\\\" olarak adland\\u0131rd\\u0131klar\\u0131 \\u015feyi olu\\u015fturan be\\u015f g\\u00fcn\\u00fcn tan\\u0131t\\u0131lmas\\u0131yla ayarlama giri\\u015fiminde bulunuldu. Bu s\\u00f6zde epagomenal g\\u00fcnler \\u015f\\u00fcphesiz \\u00e7ok erken bir d\\u00f6nemde tan\\u0131t\\u0131ld\\u0131.\\n\\nMaspero, Osiris efsanesinin bu g\\u00fcnlerin Nuit'in t\\u00fcm \\u00e7ocuklar\\u0131n\\u0131 do\\u011furmas\\u0131na izin vermek i\\u00e7in tanr\\u0131 Thot taraf\\u0131ndan yarat\\u0131ld\\u0131\\u011f\\u0131n\\u0131 a\\u00e7\\u0131klad\\u0131\\u011f\\u0131 ger\\u00e7e\\u011fini kan\\u0131tlayarak, bunlar\\u0131n ilk Thinite hanedan\\u0131ndan \\u00f6nce kullan\\u0131ld\\u0131\\u011f\\u0131n\\u0131 savunuyor; bu \\u00e7are, Nuit'e y\\u0131l\\u0131n herhangi bir g\\u00fcn\\u00fcnde \\u00e7ocuk do\\u011furamayaca\\u011f\\u0131na dair ilan edilen bir yasa\\u011f\\u0131n \\u00fcstesinden gelmek i\\u00e7in gerekliydi.\\n\\nAma elbette ek be\\u015f g\\u00fcn takvimi tam olarak d\\u00fczeltmeye yetmiyor. Hesaplanacak ek bir \\u00e7eyrek g\\u00fcn kald\\u0131. Bu, elbette, her d\\u00f6rt y\\u0131lda bir tam g\\u00fcn anlam\\u0131na gelir. Daha sonra \\u0130skenderiye biliminin her d\\u00f6rt y\\u0131lda bir bir g\\u00fcn eklemek gibi bir \\u00e7are buldu\\u011funu g\\u00f6rece\\u011fiz.\\n\\nAma ne yaz\\u0131k ki, eski M\\u0131s\\u0131rl\\u0131 bu ek g\\u00fcn\\u00fcn gereklili\\u011fini fark edemedi ya da fark ettiyse bile bilgisine g\\u00f6re hareket edemedi ve \\u00f6yle oldu ki, uzak ge\\u00e7mi\\u015fte bir yerde yeni bir y\\u0131l g\\u00fcn\\u00fcnden ba\\u015flayarak Nil'in sular alt\\u0131nda kalmas\\u0131yla ayn\\u0131 zamana denk geldi\\u011finden, zaman ge\\u00e7tik\\u00e7e takvim ve mevsimlerde s\\u00fcrekli de\\u011fi\\u015fen bir uyumsuzluk vard\\u0131.\\n\\nA\\u00e7\\u0131klanmas\\u0131 gereken M\\u0131s\\u0131r mevsimlerinin say\\u0131s\\u0131 \\u00fc\\u00e7t\\u00fc: sel mevsimi, tohum zaman\\u0131 mevsimi ve hasat mevsimi; her sezon elbette d\\u00f6rt ayd\\u0131r. Ba\\u015flang\\u0131\\u00e7ta, az \\u00f6nce de belirtildi\\u011fi gibi, su bask\\u0131n\\u0131 mevsimi ba\\u015flad\\u0131 ve ger\\u00e7ek su bask\\u0131n\\u0131 zaman\\u0131 ile ayn\\u0131 zamana denk geldi.\\n\\nYeni y\\u0131l g\\u00fcn\\u00fcn\\u00fcn daha kesin tespiti, M\\u0131s\\u0131rl\\u0131lar\\u0131n Sothis ad\\u0131n\\u0131 ta\\u015f\\u0131yan k\\u00f6pek y\\u0131ld\\u0131z\\u0131 Sirius'un s\\u00f6zde g\\u00fcne\\u015f do\\u011fu\\u015fu zaman\\u0131n\\u0131n g\\u00f6zlemlenmesiyle ba\\u015far\\u0131ld\\u0131. Heliopolis b\\u00f6lgesinden bak\\u0131ld\\u0131\\u011f\\u0131nda, yaz g\\u00fcnd\\u00f6n\\u00fcm\\u00fc s\\u0131ras\\u0131nda g\\u00fcne\\u015fin g\\u00f6klerde k\\u00f6pek y\\u0131ld\\u0131z\\u0131na yak\\u0131n bir konumda olmas\\u0131 muhtemeldir.\\n\\n\\u015eimdi, \\u00e7ok iyi bilindi\\u011fi gibi, M\\u0131s\\u0131rl\\u0131lar, hemen hemen her do\\u011fa olgusunun gerisinde tanr\\u0131sall\\u0131\\u011f\\u0131 g\\u00f6rerek, \\u00e7ok do\\u011fal olarak g\\u00fcne\\u015f-tanr\\u0131s\\u0131 gibi etkili oldu\\u011fu a\\u00e7\\u0131k\\u00e7a belli olan bir \\u015fahsiyete \\u00f6zel bir h\\u00fcrmet g\\u00f6sterdiler.\\n\\nTarih \\u00f6ncesi d\\u00f6nemler\\nTarih \\u00f6ncesi \\u00c7a\\u011flar s\\u0131ras\\u0131yla\\nTarih sonras\\u0131 devirler\\nTarihi \\u00c7a\\u011flar\\nTarihi \\u00e7a\\u011flar s\\u0131ralamas\\u0131\\ntarihi \\u00e7a\\u011flar \\nKalkolitik d\\u00f6nem\\nG\\u00fcn\\u00fcm\\u00fcze en Yak\\u0131n d\\u00f6nem Neolitik\\n\\nBilhassa, sabah M\\u0131s\\u0131r turuna \\u00e7\\u0131karken ona biat etmeyi uygun g\\u00f6rd\\u00fcler; M\\u0131s\\u0131rl\\u0131 astronom rahipler, tap\\u0131naklar\\u0131n\\u0131n yak\\u0131n\\u0131ndaki tepelere t\\u00fcnemi\\u015f, geli\\u015finin kesin an\\u0131n\\u0131 bilebilmek i\\u00e7in, g\\u00fcne\\u015f \\u0131\\u015f\\u0131nlar\\u0131ndan \\u00f6nce geldi\\u011fi g\\u00f6zlemlenmi\\u015f bir y\\u0131ld\\u0131za at\\u0131fta bulunarak do\\u011fu ufkunu taramay\\u0131 adet edinmi\\u015flerdi.\\n\\nElbette ekinokslar\\u0131n devinimleri, beceriksiz d\\u00fcnyam\\u0131z\\u0131n i\\u00e7ine d\\u00fc\\u015ft\\u00fc\\u011f\\u00fc eksenel yalpalama nedeniyle, sabit y\\u0131ld\\u0131zlar\\u0131n g\\u00fcne\\u015fe g\\u00f6re g\\u00f6r\\u00fcnen konumlar\\u0131n\\u0131 de\\u011fi\\u015ftirir, \\u00f6yle ki ayn\\u0131 y\\u0131ld\\u0131z sonsuza kadar g\\u00fcne\\u015f habercisi olarak hizmet edemez; ama \\u00f6te yandan, bu de\\u011fi\\u015fimler o kadar yava\\u015f ki, kaymay\\u0131 tespit etmek i\\u00e7in bir\\u00e7ok g\\u00f6kbilimci ku\\u015fa\\u011f\\u0131n\\u0131n g\\u00f6zlemleri gerekecektir.\\n\\nKan\\u0131tlar tam olarak kan\\u0131tlay\\u0131c\\u0131 olmasa da Lockyer, M\\u0131s\\u0131rl\\u0131lar\\u0131n astronomik g\\u00f6zlemlerinin k\\u00f6pek y\\u0131ld\\u0131z\\u0131 Sothis'in yaz g\\u00fcnd\\u00f6n\\u00fcm\\u00fc sabah\\u0131 g\\u00fcne\\u015fle yak\\u0131n ili\\u015fkide olmad\\u0131\\u011f\\u0131 bir d\\u00f6neme kadar uzand\\u0131\\u011f\\u0131na inan\\u0131yor.\\n\\nYine de Biot'un hesaplar\\u0131na g\\u00f6re, g\\u00fcnd\\u00f6n\\u00fcm\\u00fcnde Sothis'in helyasal y\\u00fckseli\\u015fi M\\u00d6 3285 gibi erken bir tarihte kaydedildi ve bu y\\u0131ld\\u0131z\\u0131n sonraki y\\u00fczy\\u0131llar boyunca bu \\u00f6zel prestij konumunu korumaya devam etti\\u011fi kesindir.\\n\\nBu nedenle, M\\u0131s\\u0131r'\\u0131n en \\u00f6nemli tanr\\u0131lar\\u0131ndan biri olan \\u0130sis ile ili\\u015fkilendirilmeye ba\\u015fland\\u0131 ve Sothis'in sabah g\\u00f6ky\\u00fcz\\u00fcnde ilk kez g\\u00f6r\\u00fcnd\\u00fc\\u011f\\u00fc g\\u00fcn yeni y\\u0131l\\u0131n ba\\u015flang\\u0131c\\u0131 oldu; o g\\u00fcn, daha \\u00f6nce belirtildi\\u011fi gibi, yaz g\\u00fcnd\\u00f6n\\u00fcm\\u00fc ve Nil ak\\u0131\\u015f\\u0131n\\u0131n ba\\u015flang\\u0131c\\u0131 ile ayn\\u0131 zamana denk geliyor.\\n\\nAma \\u015fimdi, g\\u00fcn\\u00fcn o hesaba kat\\u0131lmam\\u0131\\u015f \\u00e7eyre\\u011finin getirdi\\u011fi zorluklar i\\u00e7in. A\\u00e7\\u0131k\\u00e7as\\u0131, yaln\\u0131zca 365 g\\u00fcnl\\u00fck bir takvimle, d\\u00f6rt y\\u0131l\\u0131n sonunda, takvim y\\u0131l\\u0131 veya M\\u0131s\\u0131rl\\u0131lar\\u0131n adland\\u0131rd\\u0131\\u011f\\u0131 \\u015fekliyle belirsiz y\\u0131l, ger\\u00e7ek g\\u00fcne\\u015f y\\u0131l\\u0131na, yani g\\u00fcne\\u015f y\\u0131l\\u0131na g\\u00f6re bir tam g\\u00fcn kazanm\\u0131\\u015ft\\u0131. K\\u00f6pek y\\u0131ld\\u0131z\\u0131 Sothis'in y\\u00fckseli\\u015fi, hatal\\u0131 takvimin yeni y\\u0131l g\\u00fcn\\u00fcnde de\\u011fil, bir g\\u00fcn sonra ger\\u00e7ekle\\u015fecekti.\\n\\nVe birbirini takip eden her d\\u00f6rt y\\u0131ll\\u0131k d\\u00f6nemde, y\\u0131l\\u0131n ger\\u00e7ek ba\\u015flang\\u0131c\\u0131n\\u0131 belirleyen ve yine de tabii ki su bask\\u0131n\\u0131 ile \\u00e7ak\\u0131\\u015fan g\\u00fcne\\u015f do\\u011fu\\u015fu g\\u00fcn\\u00fc, takvimden bir g\\u00fcn daha geride kalacakt\\u0131.\\n\\n120 y\\u0131l boyunca koca bir ay kaybedilirdi; ve 480 y\\u0131lda o kadar b\\u00fcy\\u00fck bir kayma olur ki, mevsimler tamamen yersiz olur; takvimin tohum zaman\\u0131 olarak kaydetti\\u011fi \\u015feye kar\\u015f\\u0131l\\u0131k gelen ger\\u00e7ek su bask\\u0131n\\u0131 zaman\\u0131 ve takvimin hasat zaman\\u0131na kar\\u015f\\u0131l\\u0131k gelir.\\n\\n\\u0130lk ba\\u015fta bunun \\u00e7ok garip ve kafa kar\\u0131\\u015ft\\u0131r\\u0131c\\u0131 g\\u00f6r\\u00fcnd\\u00fc\\u011f\\u00fcn\\u00fc d\\u00fc\\u015f\\u00fcnd\\u00fcm, ancak b\\u00fcy\\u00fck olas\\u0131l\\u0131kla etkiler ger\\u00e7ek uygulamada hi\\u00e7 bu kadar fazla de\\u011fildi. Aylar ve g\\u00fcnler itibariyle mevsim adlar\\u0131n\\u0131n \\u00e7o\\u011fumuzun zihninde tamamen geleneksel bir anlam kazand\\u0131\\u011f\\u0131n\\u0131 bilmek i\\u00e7in kendi deneyimlerimizden \\u00f6teye gitmemize gerek yoktur.\\n\\n\\u00d6yleyse, kendi takvimimiz o kadar kusurlu olsayd\\u0131 ki, 120 y\\u0131l boyunca \\u015eubat ay\\u0131 ilk Ocak ay\\u0131 konumuna geri kaym\\u0131\\u015f olsayd\\u0131, de\\u011fi\\u015fiklik o kadar kademeli olurdu ki, iki ya da daha fazla ya\\u015fam s\\u00fcresini kapsayabilirdi. ortalama d\\u00f6rt ya da be\\u015f nesil, genel g\\u00f6zlemden pekala ka\\u00e7abilir.\"},\"datePublished\":\"2022-01-24T13:51:12+03:00\",\"dateModified\":\"2022-01-24T13:51:12+03:00\",\"inLanguage\":\"tr-TR\",\"mainEntityOfPage\":{\"@id\":\"https:\\\/\\\/bestessayhomework.com\\\/tr\\\/serif-edebiyat-alaninda-tez-yaptirma-edebiyat-tez-yaptirma-ucretleri-edebiyat-odevleri-edebiyat-odev-ucretleri\\\/#webpage\"},\"isPartOf\":{\"@id\":\"https:\\\/\\\/bestessayhomework.com\\\/tr\\\/serif-edebiyat-alaninda-tez-yaptirma-edebiyat-tez-yaptirma-ucretleri-edebiyat-odevleri-edebiyat-odev-ucretleri\\\/#webpage\"},\"articleSection\":\"Edebiyat tarihi kitaplar\\u0131 \\u00f6zellikleri, Edebiyat tarihi kitaplar\\u0131nda a\\u015fa\\u011f\\u0131dakilerden hangisi bulunmaz, T\\u00fcrk Edebiyat Tarih, Edebiyat tarihi eserleri, Edebiyat tarihi kitaplar\\u0131 \\u00f6zellikleri, Edebiyat tarihi kitaplar\\u0131nda a\\u015fa\\u011f\\u0131dakilerden hangisi bulunmaz, Edebiyat Tarihi yazarlar\\u0131 ve eserleri, Refik Halit Karay Eserleri, \\u015eerif Akta\\u015f Eserleri, T\\u00fcrk Edebiyat Tarihi, T\\u00fcrk Edebiyat Tarihi Kitaplar\\u0131\"},{\"@type\":\"BreadcrumbList\",\"@id\":\"https:\\\/\\\/bestessayhomework.com\\\/tr\\\/serif-edebiyat-alaninda-tez-yaptirma-edebiyat-tez-yaptirma-ucretleri-edebiyat-odevleri-edebiyat-odev-ucretleri\\\/#breadcrumblist\",\"itemListElement\":[{\"@type\":\"ListItem\",\"@id\":\"https:\\\/\\\/bestessayhomework.com\\\/tr#listItem\",\"position\":1,\"name\":\"Ev\",\"item\":\"https:\\\/\\\/bestessayhomework.com\\\/tr\",\"nextItem\":{\"@type\":\"ListItem\",\"@id\":\"https:\\\/\\\/bestessayhomework.com\\\/tr\\\/category\\\/edebiyat-tarihi-kitaplarinda-asagidakilerden-hangisi-bulunmaz\\\/#listItem\",\"name\":\"Edebiyat tarihi kitaplar\\u0131nda a\\u015fa\\u011f\\u0131dakilerden hangisi bulunmaz\"}},{\"@type\":\"ListItem\",\"@id\":\"https:\\\/\\\/bestessayhomework.com\\\/tr\\\/category\\\/edebiyat-tarihi-kitaplarinda-asagidakilerden-hangisi-bulunmaz\\\/#listItem\",\"position\":2,\"name\":\"Edebiyat tarihi kitaplar\\u0131nda a\\u015fa\\u011f\\u0131dakilerden hangisi bulunmaz\",\"item\":\"https:\\\/\\\/bestessayhomework.com\\\/tr\\\/category\\\/edebiyat-tarihi-kitaplarinda-asagidakilerden-hangisi-bulunmaz\\\/\",\"nextItem\":{\"@type\":\"ListItem\",\"@id\":\"https:\\\/\\\/bestessayhomework.com\\\/tr\\\/serif-edebiyat-alaninda-tez-yaptirma-edebiyat-tez-yaptirma-ucretleri-edebiyat-odevleri-edebiyat-odev-ucretleri\\\/#listItem\",\"name\":\"\\u015eerif \\u2013 Edebiyat Alan\\u0131nda Tez Yapt\\u0131rma \\u2013 Edebiyat Tez Yapt\\u0131rma \\u00dccretleri \\u2013 Edebiyat \\u00d6devleri \\u2013 Edebiyat \\u00d6dev \\u00dccretleri\"},\"previousItem\":{\"@type\":\"ListItem\",\"@id\":\"https:\\\/\\\/bestessayhomework.com\\\/tr#listItem\",\"name\":\"Ev\"}},{\"@type\":\"ListItem\",\"@id\":\"https:\\\/\\\/bestessayhomework.com\\\/tr\\\/serif-edebiyat-alaninda-tez-yaptirma-edebiyat-tez-yaptirma-ucretleri-edebiyat-odevleri-edebiyat-odev-ucretleri\\\/#listItem\",\"position\":3,\"name\":\"\\u015eerif \\u2013 Edebiyat Alan\\u0131nda Tez Yapt\\u0131rma \\u2013 Edebiyat Tez Yapt\\u0131rma \\u00dccretleri \\u2013 Edebiyat \\u00d6devleri \\u2013 Edebiyat \\u00d6dev \\u00dccretleri\",\"previousItem\":{\"@type\":\"ListItem\",\"@id\":\"https:\\\/\\\/bestessayhomework.com\\\/tr\\\/category\\\/edebiyat-tarihi-kitaplarinda-asagidakilerden-hangisi-bulunmaz\\\/#listItem\",\"name\":\"Edebiyat tarihi kitaplar\\u0131nda a\\u015fa\\u011f\\u0131dakilerden hangisi bulunmaz\"}}]},{\"@type\":\"Organization\",\"@id\":\"https:\\\/\\\/bestessayhomework.com\\\/tr\\\/#organization\",\"name\":\"Essay Yapt\\u0131rma\",\"description\":\"bestessayhomework@gmail.com - Bize Mail Kanal\\u0131m\\u0131zdan veya sa\\u011f alt k\\u00f6\\u015fedeki Whatsapp tu\\u015fundan Ula\\u015f\\u0131n - 0 (312) 276 75 93 -Essay Yapt\\u0131rma, Essay Yazd\\u0131rma, Parayla Essay Yazd\\u0131rma, Parayla Essay Yapt\\u0131rma, \\u00dccretli Essay, \\u00dccretli Essay Yapt\\u0131rma, Profesyonel Essay Yapt\\u0131rma,   Essay Projesi Yapt\\u0131r, Essay \\u00d6dev Yard\\u0131m\\u0131 Al, Essay D\\u00fczenleme, Essay Projesi Yapt\\u0131r,   Essay Sepeti, Essay Fiyat Teklifi Al, Essay Dan\\u0131\\u015fmanl\\u0131k, Essay Ar\\u015fivleri, Essay Kategorisi,   Essay Yazd\\u0131rmak, Essay Yazd\\u0131rma \\u00dccreti, Essay Sunum, Essay \\u00c7eviri, Essay Yazd\\u0131rma \\u00dccreti,   \\u00dccretli Essay Yazd\\u0131rma, Essay Yazd\\u0131rma Siteleri, Parayla Essay Yazma, \\u00d6dev Yazd\\u0131rma, Essay Yazd\\u0131rmak \\u0130stiyorum,   Research Paper Yazd\\u0131rmak, Argumentative Essay Topics, Cause Effect Essay \\u00d6rnekleri, Classification Essay, Essay \\u00c7e\\u015fitleri,   Essay Rehberi, Opinion Essay Examples, Makale Yazd\\u0131rma, Kompozisyon Yazd\\u0131rma, Parayla Makale Yazd\\u0131rma,   Parayla Kompozisyon Yazd\\u0131rma, \\u00dccretli Makale, \\u00dccretli Kompozisyon, Profesyonel Makale Yapt\\u0131rma, Profesyonel Kompozisyon Yapt\\u0131rma,   Makale Projesi Yapt\\u0131r, Makale \\u00d6dev Yard\\u0131m\\u0131 Al, Makale D\\u00fczenleme, Makale Projesi Yapt\\u0131r, Makale Sepeti,   Makale Fiyat Teklifi Al, Makale Dan\\u0131\\u015fmanl\\u0131k, Makale Ar\\u015fivleri, Makale Kategorisi, Makale Yazd\\u0131rmak, Makale Yazd\\u0131rma \\u00dccreti,   Makale Sunum, Makale \\u00c7eviri, Makale Yazd\\u0131rma \\u00dccreti, \\u00dccretli Makale Yazd\\u0131rma, Makale Yazd\\u0131rma Siteleri, Parayla Makale Yazma, Makale Sepeti,  Makale Yazd\\u0131rmak \\u0130stiyorum, \\u00d6dev Dan\\u0131\\u015fmanl\\u0131\\u011f\\u0131, \\u00d6dev Yapt\\u0131rma, Tez Yazd\\u0131rma, Makale YAZDIRMA siteleri, Parayla makale YAZDIRMA, Seo makale fiyatlar\\u0131, Sayfa ba\\u015f\\u0131 yaz\\u0131 yazma \\u00fccreti, \\u0130ngilizce makale yazd\\u0131rma, Akademik makale YAZDIRMA, Makale Fiyatlar\\u0131 2022, Makale yazma, Blog Yazd\\u0131rma, Blog Yazd\\u0131rmak \\u0130stiyorum, Essay yazma Uygulamas\\u0131, Essay Yazma sitesi, \\u0130ngilizce metin yazma sitesi, Writing yazma sitesi, Essay d\\u00fczeltici, Essay Kontrol ettirme, Gramer kontrol, \\u0130ngilizce Gramer d\\u00fczeltme uygulamas\\u0131, \\u0130ngilizce c\\u00fcmle d\\u00fczeltme sitesi, Essay kontrol siteleri, Tez Yapt\\u0131rma, Seo Uyumlu Blog Yapt\\u0131rma 0 (312) 276 75 93\",\"url\":\"https:\\\/\\\/bestessayhomework.com\\\/tr\\\/\",\"telephone\":\"+905423712952\",\"logo\":{\"@type\":\"ImageObject\",\"url\":\"https:\\\/\\\/bestessayhomework.com\\\/tr\\\/wp-content\\\/uploads\\\/2024\\\/03\\\/10.webp\",\"@id\":\"https:\\\/\\\/bestessayhomework.com\\\/tr\\\/serif-edebiyat-alaninda-tez-yaptirma-edebiyat-tez-yaptirma-ucretleri-edebiyat-odevleri-edebiyat-odev-ucretleri\\\/#organizationLogo\",\"width\":1280,\"height\":720},\"image\":{\"@id\":\"https:\\\/\\\/bestessayhomework.com\\\/tr\\\/serif-edebiyat-alaninda-tez-yaptirma-edebiyat-tez-yaptirma-ucretleri-edebiyat-odevleri-edebiyat-odev-ucretleri\\\/#organizationLogo\"}},{\"@type\":\"Person\",\"@id\":\"https:\\\/\\\/bestessayhomework.com\\\/tr\\\/author\\\/tercuman32\\\/#author\",\"url\":\"https:\\\/\\\/bestessayhomework.com\\\/tr\\\/author\\\/tercuman32\\\/\",\"name\":\"terc\\u00fcman terc\\u00fcman\",\"image\":{\"@type\":\"ImageObject\",\"url\":\"https:\\\/\\\/bestessayhomework.com\\\/tr\\\/wp-content\\\/litespeed\\\/avatar\\\/86c38c20b2eb3a1c431511229f015304.jpg?ver=1773154028\"}},{\"@type\":\"WebPage\",\"@id\":\"https:\\\/\\\/bestessayhomework.com\\\/tr\\\/serif-edebiyat-alaninda-tez-yaptirma-edebiyat-tez-yaptirma-ucretleri-edebiyat-odevleri-edebiyat-odev-ucretleri\\\/#webpage\",\"url\":\"https:\\\/\\\/bestessayhomework.com\\\/tr\\\/serif-edebiyat-alaninda-tez-yaptirma-edebiyat-tez-yaptirma-ucretleri-edebiyat-odevleri-edebiyat-odev-ucretleri\\\/\",\"name\":\"\\u015eerif \\u2013 Edebiyat Alan\\u0131nda Tez Yapt\\u0131rma \\u2013 Edebiyat Tez Yapt\\u0131rma \\u00dccretleri \\u2013 Edebiyat \\u00d6devleri \\u2013 Edebiyat \\u00d6dev \\u00dccretleri | En \\u0130yi Essay\",\"description\":\"\\u015eerif \\u0130bn \\u0130yas, Sultan \\u0120avr\\u012b'nin Halep'te vefat\\u0131ndan sonra bu \\u00fc\\u00e7\\u00fcn\\u00fcn d\\u00fc\\u015fman\\u0131 Osmanl\\u0131 Padi\\u015fah\\u0131 I. Selim'in l\\u00fctfunu kazanmaya \\u00e7al\\u0131\\u015ft\\u0131klar\\u0131n\\u0131 \\u00e7ok olumsuz de\\u011ferlendirdi. Husayn b. 1505'ten itibaren d\\u00fczenli olarak yap\\u0131lan ve sadece din alimlerinin de\\u011fil, \\u00f6rne\\u011fin K\\u0131c\\u0131zzade gibi m\\u00fczisyenlerin de kat\\u0131ld\\u0131\\u011f\\u0131 ve \\u201cher dilde\\u201d okudu\\u011fu toplant\\u0131lar\\u0131 anlatan Muhammed el-H\\u00fcseyn\\u00ee, elbette daha da fazla biyografik malzeme g\\u00fcn \\u0131\\u015f\\u0131\\u011f\\u0131na\",\"inLanguage\":\"tr-TR\",\"isPartOf\":{\"@id\":\"https:\\\/\\\/bestessayhomework.com\\\/tr\\\/#website\"},\"breadcrumb\":{\"@id\":\"https:\\\/\\\/bestessayhomework.com\\\/tr\\\/serif-edebiyat-alaninda-tez-yaptirma-edebiyat-tez-yaptirma-ucretleri-edebiyat-odevleri-edebiyat-odev-ucretleri\\\/#breadcrumblist\"},\"author\":{\"@id\":\"https:\\\/\\\/bestessayhomework.com\\\/tr\\\/author\\\/tercuman32\\\/#author\"},\"creator\":{\"@id\":\"https:\\\/\\\/bestessayhomework.com\\\/tr\\\/author\\\/tercuman32\\\/#author\"},\"image\":{\"@type\":\"ImageObject\",\"url\":\"https:\\\/\\\/bestessayhomework.com\\\/tr\\\/wp-content\\\/uploads\\\/2022\\\/01\\\/asd.jpg\",\"@id\":\"https:\\\/\\\/bestessayhomework.com\\\/tr\\\/serif-edebiyat-alaninda-tez-yaptirma-edebiyat-tez-yaptirma-ucretleri-edebiyat-odevleri-edebiyat-odev-ucretleri\\\/#mainImage\",\"width\":650,\"height\":344,\"caption\":\"Tarihsel D\\u00f6nemler\\n\\nM\\u0131s\\u0131rl\\u0131lar\\u0131n en eski tarihsel d\\u00f6nemlerden beri y\\u0131l\\u0131n yakla\\u015f\\u0131k uzunlu\\u011funun fark\\u0131nda olduklar\\u0131 kesindir. Nil selinden Nil seline veya g\\u00fcnd\\u00f6n\\u00fcm\\u00fcnden g\\u00fcnd\\u00f6n\\u00fcm\\u00fcne g\\u00fcn kayd\\u0131n\\u0131n kolayl\\u0131kla tutulabilece\\u011fi d\\u00fc\\u015f\\u00fcn\\u00fcl\\u00fcrse, ba\\u015fka t\\u00fcrl\\u00fc olmas\\u0131 tuhaf olurdu. Ancak bu, elbette, yaln\\u0131zca yakla\\u015f\\u0131k bir say\\u0131 i\\u00e7in ge\\u00e7erlidir.\\n\\nEn erken d\\u00f6nemde M\\u0131s\\u0131rl\\u0131lar\\u0131n bu say\\u0131y\\u0131 sadece 360 g\\u00fcn yapt\\u0131klar\\u0131na inanmak i\\u00e7in baz\\u0131 nedenler var. Y\\u0131llar\\u0131n\\u0131n otuz g\\u00fcnden olu\\u015fan on iki aya b\\u00f6l\\u00fcnm\\u00fc\\u015f olmas\\u0131 bu inanca renk katmaktad\\u0131r; ancak her hal\\u00fckarda, yanl\\u0131\\u015fl\\u0131k zaman\\u0131nda fark edilmi\\u015f ve on ikinci ay\\u0131n sonu ile yeni y\\u0131l aras\\u0131na be\\u015f g\\u00fcnl\\u00fck bir \\\"k\\u00fc\\u00e7\\u00fck ay\\\" enterpolasyonu yap\\u0131larak k\\u0131smi bir \\u00e7are uygulanm\\u0131\\u015ft\\u0131r.\\n\\nBu, sorunu neredeyse ama tam olarak \\u00e7\\u00f6zmedi. A\\u00e7\\u0131k\\u00e7a ba\\u015far\\u0131s\\u0131z oldu\\u011fu \\u015fey, ger\\u00e7ek y\\u0131l\\u0131 ger\\u00e7ekten tamamlayan bir g\\u00fcn\\u00fcn bu ek \\u00e7eyre\\u011fini hesaba katmakt\\u0131.\\n\\nD\\u00fcnyan\\u0131n, g\\u00fcne\\u015f etraf\\u0131ndaki ge\\u00e7i\\u015f h\\u0131z\\u0131yla d\\u00f6nme hareketini y\\u0131ll\\u0131k u\\u00e7u\\u015funu tam olarak 360 g\\u00fcnde yapacak \\u015fekilde ayarlamas\\u0131 \\u015fans eseri insanl\\u0131k i\\u00e7in son derece uygun bir \\u015fey olurdu.\\n\\nO zaman, her biri otuz g\\u00fcnl\\u00fck on iki kameri ay tam olarak g\\u00fcne\\u015f y\\u0131l\\u0131na denk gelecek ve tarih \\u00f6\\u011frencilerinin kafas\\u0131n\\u0131 kar\\u0131\\u015ft\\u0131ran takvimin karma\\u015f\\u0131kl\\u0131klar\\u0131n\\u0131n \\u00e7o\\u011fundan ka\\u00e7\\u0131n\\u0131lm\\u0131\\u015f olacakt\\u0131; ama \\u00f6te yandan, belki de bu basitlik, insanlar\\u0131n g\\u00f6kleri eskisi kadar dikkatli ara\\u015ft\\u0131rmas\\u0131n\\u0131 engelleyerek astronomik bilime zarar verebilirdi.\\n\\nOlabildi\\u011fince, karma\\u015f\\u0131kl\\u0131k var. \\u00dc\\u00e7 y\\u00fcz altm\\u0131\\u015f be\\u015f ve (yakla\\u015f\\u0131k) bir \\u00e7eyrek g\\u00fcnl\\u00fck ger\\u00e7ek y\\u0131l, aylara e\\u015fit olarak b\\u00f6l\\u00fcnemez ve g\\u00fcnlerin burada ve orada araya eklenmesi gibi baz\\u0131 \\u00e7areler esast\\u0131r, aksi takdirde takvim kesinlikle uyumsuz hale gelir.\\u00a0\\n\\nM\\u0131s\\u0131rl\\u0131lar s\\u00f6z konusu oldu\\u011funda, az \\u00f6nce belirtildi\\u011fi gibi, M\\u0131s\\u0131rl\\u0131lar\\u0131n kendilerinin \\\"y\\u0131l\\u0131n be\\u015f g\\u00fcn\\u00fc\\\" olarak adland\\u0131rd\\u0131klar\\u0131 \\u015feyi olu\\u015fturan be\\u015f g\\u00fcn\\u00fcn tan\\u0131t\\u0131lmas\\u0131yla ayarlama giri\\u015fiminde bulunuldu. Bu s\\u00f6zde epagomenal g\\u00fcnler \\u015f\\u00fcphesiz \\u00e7ok erken bir d\\u00f6nemde tan\\u0131t\\u0131ld\\u0131.\\n\\nMaspero, Osiris efsanesinin bu g\\u00fcnlerin Nuit'in t\\u00fcm \\u00e7ocuklar\\u0131n\\u0131 do\\u011furmas\\u0131na izin vermek i\\u00e7in tanr\\u0131 Thot taraf\\u0131ndan yarat\\u0131ld\\u0131\\u011f\\u0131n\\u0131 a\\u00e7\\u0131klad\\u0131\\u011f\\u0131 ger\\u00e7e\\u011fini kan\\u0131tlayarak, bunlar\\u0131n ilk Thinite hanedan\\u0131ndan \\u00f6nce kullan\\u0131ld\\u0131\\u011f\\u0131n\\u0131 savunuyor; bu \\u00e7are, Nuit'e y\\u0131l\\u0131n herhangi bir g\\u00fcn\\u00fcnde \\u00e7ocuk do\\u011furamayaca\\u011f\\u0131na dair ilan edilen bir yasa\\u011f\\u0131n \\u00fcstesinden gelmek i\\u00e7in gerekliydi.\\n\\nAma elbette ek be\\u015f g\\u00fcn takvimi tam olarak d\\u00fczeltmeye yetmiyor. Hesaplanacak ek bir \\u00e7eyrek g\\u00fcn kald\\u0131. Bu, elbette, her d\\u00f6rt y\\u0131lda bir tam g\\u00fcn anlam\\u0131na gelir. Daha sonra \\u0130skenderiye biliminin her d\\u00f6rt y\\u0131lda bir bir g\\u00fcn eklemek gibi bir \\u00e7are buldu\\u011funu g\\u00f6rece\\u011fiz.\\n\\nAma ne yaz\\u0131k ki, eski M\\u0131s\\u0131rl\\u0131 bu ek g\\u00fcn\\u00fcn gereklili\\u011fini fark edemedi ya da fark ettiyse bile bilgisine g\\u00f6re hareket edemedi ve \\u00f6yle oldu ki, uzak ge\\u00e7mi\\u015fte bir yerde yeni bir y\\u0131l g\\u00fcn\\u00fcnden ba\\u015flayarak Nil'in sular alt\\u0131nda kalmas\\u0131yla ayn\\u0131 zamana denk geldi\\u011finden, zaman ge\\u00e7tik\\u00e7e takvim ve mevsimlerde s\\u00fcrekli de\\u011fi\\u015fen bir uyumsuzluk vard\\u0131.\\n\\nA\\u00e7\\u0131klanmas\\u0131 gereken M\\u0131s\\u0131r mevsimlerinin say\\u0131s\\u0131 \\u00fc\\u00e7t\\u00fc: sel mevsimi, tohum zaman\\u0131 mevsimi ve hasat mevsimi; her sezon elbette d\\u00f6rt ayd\\u0131r. Ba\\u015flang\\u0131\\u00e7ta, az \\u00f6nce de belirtildi\\u011fi gibi, su bask\\u0131n\\u0131 mevsimi ba\\u015flad\\u0131 ve ger\\u00e7ek su bask\\u0131n\\u0131 zaman\\u0131 ile ayn\\u0131 zamana denk geldi.\\n\\nYeni y\\u0131l g\\u00fcn\\u00fcn\\u00fcn daha kesin tespiti, M\\u0131s\\u0131rl\\u0131lar\\u0131n Sothis ad\\u0131n\\u0131 ta\\u015f\\u0131yan k\\u00f6pek y\\u0131ld\\u0131z\\u0131 Sirius'un s\\u00f6zde g\\u00fcne\\u015f do\\u011fu\\u015fu zaman\\u0131n\\u0131n g\\u00f6zlemlenmesiyle ba\\u015far\\u0131ld\\u0131. Heliopolis b\\u00f6lgesinden bak\\u0131ld\\u0131\\u011f\\u0131nda, yaz g\\u00fcnd\\u00f6n\\u00fcm\\u00fc s\\u0131ras\\u0131nda g\\u00fcne\\u015fin g\\u00f6klerde k\\u00f6pek y\\u0131ld\\u0131z\\u0131na yak\\u0131n bir konumda olmas\\u0131 muhtemeldir.\\n\\n\\u015eimdi, \\u00e7ok iyi bilindi\\u011fi gibi, M\\u0131s\\u0131rl\\u0131lar, hemen hemen her do\\u011fa olgusunun gerisinde tanr\\u0131sall\\u0131\\u011f\\u0131 g\\u00f6rerek, \\u00e7ok do\\u011fal olarak g\\u00fcne\\u015f-tanr\\u0131s\\u0131 gibi etkili oldu\\u011fu a\\u00e7\\u0131k\\u00e7a belli olan bir \\u015fahsiyete \\u00f6zel bir h\\u00fcrmet g\\u00f6sterdiler.\\n\\nTarih \\u00f6ncesi d\\u00f6nemler\\nTarih \\u00f6ncesi \\u00c7a\\u011flar s\\u0131ras\\u0131yla\\nTarih sonras\\u0131 devirler\\nTarihi \\u00c7a\\u011flar\\nTarihi \\u00e7a\\u011flar s\\u0131ralamas\\u0131\\ntarihi \\u00e7a\\u011flar \\nKalkolitik d\\u00f6nem\\nG\\u00fcn\\u00fcm\\u00fcze en Yak\\u0131n d\\u00f6nem Neolitik\\n\\nBilhassa, sabah M\\u0131s\\u0131r turuna \\u00e7\\u0131karken ona biat etmeyi uygun g\\u00f6rd\\u00fcler; M\\u0131s\\u0131rl\\u0131 astronom rahipler, tap\\u0131naklar\\u0131n\\u0131n yak\\u0131n\\u0131ndaki tepelere t\\u00fcnemi\\u015f, geli\\u015finin kesin an\\u0131n\\u0131 bilebilmek i\\u00e7in, g\\u00fcne\\u015f \\u0131\\u015f\\u0131nlar\\u0131ndan \\u00f6nce geldi\\u011fi g\\u00f6zlemlenmi\\u015f bir y\\u0131ld\\u0131za at\\u0131fta bulunarak do\\u011fu ufkunu taramay\\u0131 adet edinmi\\u015flerdi.\\n\\nElbette ekinokslar\\u0131n devinimleri, beceriksiz d\\u00fcnyam\\u0131z\\u0131n i\\u00e7ine d\\u00fc\\u015ft\\u00fc\\u011f\\u00fc eksenel yalpalama nedeniyle, sabit y\\u0131ld\\u0131zlar\\u0131n g\\u00fcne\\u015fe g\\u00f6re g\\u00f6r\\u00fcnen konumlar\\u0131n\\u0131 de\\u011fi\\u015ftirir, \\u00f6yle ki ayn\\u0131 y\\u0131ld\\u0131z sonsuza kadar g\\u00fcne\\u015f habercisi olarak hizmet edemez; ama \\u00f6te yandan, bu de\\u011fi\\u015fimler o kadar yava\\u015f ki, kaymay\\u0131 tespit etmek i\\u00e7in bir\\u00e7ok g\\u00f6kbilimci ku\\u015fa\\u011f\\u0131n\\u0131n g\\u00f6zlemleri gerekecektir.\\n\\nKan\\u0131tlar tam olarak kan\\u0131tlay\\u0131c\\u0131 olmasa da Lockyer, M\\u0131s\\u0131rl\\u0131lar\\u0131n astronomik g\\u00f6zlemlerinin k\\u00f6pek y\\u0131ld\\u0131z\\u0131 Sothis'in yaz g\\u00fcnd\\u00f6n\\u00fcm\\u00fc sabah\\u0131 g\\u00fcne\\u015fle yak\\u0131n ili\\u015fkide olmad\\u0131\\u011f\\u0131 bir d\\u00f6neme kadar uzand\\u0131\\u011f\\u0131na inan\\u0131yor.\\n\\nYine de Biot'un hesaplar\\u0131na g\\u00f6re, g\\u00fcnd\\u00f6n\\u00fcm\\u00fcnde Sothis'in helyasal y\\u00fckseli\\u015fi M\\u00d6 3285 gibi erken bir tarihte kaydedildi ve bu y\\u0131ld\\u0131z\\u0131n sonraki y\\u00fczy\\u0131llar boyunca bu \\u00f6zel prestij konumunu korumaya devam etti\\u011fi kesindir.\\n\\nBu nedenle, M\\u0131s\\u0131r'\\u0131n en \\u00f6nemli tanr\\u0131lar\\u0131ndan biri olan \\u0130sis ile ili\\u015fkilendirilmeye ba\\u015fland\\u0131 ve Sothis'in sabah g\\u00f6ky\\u00fcz\\u00fcnde ilk kez g\\u00f6r\\u00fcnd\\u00fc\\u011f\\u00fc g\\u00fcn yeni y\\u0131l\\u0131n ba\\u015flang\\u0131c\\u0131 oldu; o g\\u00fcn, daha \\u00f6nce belirtildi\\u011fi gibi, yaz g\\u00fcnd\\u00f6n\\u00fcm\\u00fc ve Nil ak\\u0131\\u015f\\u0131n\\u0131n ba\\u015flang\\u0131c\\u0131 ile ayn\\u0131 zamana denk geliyor.\\n\\nAma \\u015fimdi, g\\u00fcn\\u00fcn o hesaba kat\\u0131lmam\\u0131\\u015f \\u00e7eyre\\u011finin getirdi\\u011fi zorluklar i\\u00e7in. A\\u00e7\\u0131k\\u00e7as\\u0131, yaln\\u0131zca 365 g\\u00fcnl\\u00fck bir takvimle, d\\u00f6rt y\\u0131l\\u0131n sonunda, takvim y\\u0131l\\u0131 veya M\\u0131s\\u0131rl\\u0131lar\\u0131n adland\\u0131rd\\u0131\\u011f\\u0131 \\u015fekliyle belirsiz y\\u0131l, ger\\u00e7ek g\\u00fcne\\u015f y\\u0131l\\u0131na, yani g\\u00fcne\\u015f y\\u0131l\\u0131na g\\u00f6re bir tam g\\u00fcn kazanm\\u0131\\u015ft\\u0131. K\\u00f6pek y\\u0131ld\\u0131z\\u0131 Sothis'in y\\u00fckseli\\u015fi, hatal\\u0131 takvimin yeni y\\u0131l g\\u00fcn\\u00fcnde de\\u011fil, bir g\\u00fcn sonra ger\\u00e7ekle\\u015fecekti.\\n\\nVe birbirini takip eden her d\\u00f6rt y\\u0131ll\\u0131k d\\u00f6nemde, y\\u0131l\\u0131n ger\\u00e7ek ba\\u015flang\\u0131c\\u0131n\\u0131 belirleyen ve yine de tabii ki su bask\\u0131n\\u0131 ile \\u00e7ak\\u0131\\u015fan g\\u00fcne\\u015f do\\u011fu\\u015fu g\\u00fcn\\u00fc, takvimden bir g\\u00fcn daha geride kalacakt\\u0131.\\n\\n120 y\\u0131l boyunca koca bir ay kaybedilirdi; ve 480 y\\u0131lda o kadar b\\u00fcy\\u00fck bir kayma olur ki, mevsimler tamamen yersiz olur; takvimin tohum zaman\\u0131 olarak kaydetti\\u011fi \\u015feye kar\\u015f\\u0131l\\u0131k gelen ger\\u00e7ek su bask\\u0131n\\u0131 zaman\\u0131 ve takvimin hasat zaman\\u0131na kar\\u015f\\u0131l\\u0131k gelir.\\n\\n\\u0130lk ba\\u015fta bunun \\u00e7ok garip ve kafa kar\\u0131\\u015ft\\u0131r\\u0131c\\u0131 g\\u00f6r\\u00fcnd\\u00fc\\u011f\\u00fcn\\u00fc d\\u00fc\\u015f\\u00fcnd\\u00fcm, ancak b\\u00fcy\\u00fck olas\\u0131l\\u0131kla etkiler ger\\u00e7ek uygulamada hi\\u00e7 bu kadar fazla de\\u011fildi. Aylar ve g\\u00fcnler itibariyle mevsim adlar\\u0131n\\u0131n \\u00e7o\\u011fumuzun zihninde tamamen geleneksel bir anlam kazand\\u0131\\u011f\\u0131n\\u0131 bilmek i\\u00e7in kendi deneyimlerimizden \\u00f6teye gitmemize gerek yoktur.\\n\\n\\u00d6yleyse, kendi takvimimiz o kadar kusurlu olsayd\\u0131 ki, 120 y\\u0131l boyunca \\u015eubat ay\\u0131 ilk Ocak ay\\u0131 konumuna geri kaym\\u0131\\u015f olsayd\\u0131, de\\u011fi\\u015fiklik o kadar kademeli olurdu ki, iki ya da daha fazla ya\\u015fam s\\u00fcresini kapsayabilirdi. ortalama d\\u00f6rt ya da be\\u015f nesil, genel g\\u00f6zlemden pekala ka\\u00e7abilir.\"},\"primaryImageOfPage\":{\"@id\":\"https:\\\/\\\/bestessayhomework.com\\\/tr\\\/serif-edebiyat-alaninda-tez-yaptirma-edebiyat-tez-yaptirma-ucretleri-edebiyat-odevleri-edebiyat-odev-ucretleri\\\/#mainImage\"},\"datePublished\":\"2022-01-24T13:51:12+03:00\",\"dateModified\":\"2022-01-24T13:51:12+03:00\"},{\"@type\":\"WebSite\",\"@id\":\"https:\\\/\\\/bestessayhomework.com\\\/tr\\\/#website\",\"url\":\"https:\\\/\\\/bestessayhomework.com\\\/tr\\\/\",\"name\":\"En \\u0130yi Essay\",\"description\":\"bestessayhomework@gmail.com - Bize Mail Kanal\\u0131m\\u0131zdan veya sa\\u011f alt k\\u00f6\\u015fedeki Whatsapp tu\\u015fundan Ula\\u015f\\u0131n - 0 (312) 276 75 93 -Essay Yapt\\u0131rma, Essay Yazd\\u0131rma, Parayla Essay Yazd\\u0131rma, Parayla Essay Yapt\\u0131rma, \\u00dccretli Essay, \\u00dccretli Essay Yapt\\u0131rma, Profesyonel Essay Yapt\\u0131rma,   Essay Projesi Yapt\\u0131r, Essay \\u00d6dev Yard\\u0131m\\u0131 Al, Essay D\\u00fczenleme, Essay Projesi Yapt\\u0131r,   Essay Sepeti, Essay Fiyat Teklifi Al, Essay Dan\\u0131\\u015fmanl\\u0131k, Essay Ar\\u015fivleri, Essay Kategorisi,   Essay Yazd\\u0131rmak, Essay Yazd\\u0131rma \\u00dccreti, Essay Sunum, Essay \\u00c7eviri, Essay Yazd\\u0131rma \\u00dccreti,   \\u00dccretli Essay Yazd\\u0131rma, Essay Yazd\\u0131rma Siteleri, Parayla Essay Yazma, \\u00d6dev Yazd\\u0131rma, Essay Yazd\\u0131rmak \\u0130stiyorum,   Research Paper Yazd\\u0131rmak, Argumentative Essay Topics, Cause Effect Essay \\u00d6rnekleri, Classification Essay, Essay \\u00c7e\\u015fitleri,   Essay Rehberi, Opinion Essay Examples, Makale Yazd\\u0131rma, Kompozisyon Yazd\\u0131rma, Parayla Makale Yazd\\u0131rma,   Parayla Kompozisyon Yazd\\u0131rma, \\u00dccretli Makale, \\u00dccretli Kompozisyon, Profesyonel Makale Yapt\\u0131rma, Profesyonel Kompozisyon Yapt\\u0131rma,   Makale Projesi Yapt\\u0131r, Makale \\u00d6dev Yard\\u0131m\\u0131 Al, Makale D\\u00fczenleme, Makale Projesi Yapt\\u0131r, Makale Sepeti,   Makale Fiyat Teklifi Al, Makale Dan\\u0131\\u015fmanl\\u0131k, Makale Ar\\u015fivleri, Makale Kategorisi, Makale Yazd\\u0131rmak, Makale Yazd\\u0131rma \\u00dccreti,   Makale Sunum, Makale \\u00c7eviri, Makale Yazd\\u0131rma \\u00dccreti, \\u00dccretli Makale Yazd\\u0131rma, Makale Yazd\\u0131rma Siteleri, Parayla Makale Yazma, Makale Sepeti,  Makale Yazd\\u0131rmak \\u0130stiyorum, \\u00d6dev Dan\\u0131\\u015fmanl\\u0131\\u011f\\u0131, \\u00d6dev Yapt\\u0131rma, Tez Yazd\\u0131rma, Makale YAZDIRMA siteleri, Parayla makale YAZDIRMA, Seo makale fiyatlar\\u0131, Sayfa ba\\u015f\\u0131 yaz\\u0131 yazma \\u00fccreti, \\u0130ngilizce makale yazd\\u0131rma, Akademik makale YAZDIRMA, Makale Fiyatlar\\u0131 2022, Makale yazma, Blog Yazd\\u0131rma, Blog Yazd\\u0131rmak \\u0130stiyorum, Essay yazma Uygulamas\\u0131, Essay Yazma sitesi, \\u0130ngilizce metin yazma sitesi, Writing yazma sitesi, Essay d\\u00fczeltici, Essay Kontrol ettirme, Gramer kontrol, \\u0130ngilizce Gramer d\\u00fczeltme uygulamas\\u0131, \\u0130ngilizce c\\u00fcmle d\\u00fczeltme sitesi, Essay kontrol siteleri, Tez Yapt\\u0131rma, Seo Uyumlu Blog Yapt\\u0131rma\",\"inLanguage\":\"tr-TR\",\"publisher\":{\"@id\":\"https:\\\/\\\/bestessayhomework.com\\\/tr\\\/#organization\"}}]}\n\t\t<\/script>\n\t\t<!-- All in One SEO Pro -->\r\n\t\t<title>\u015eerif \u2013 Edebiyat Alan\u0131nda Tez Yapt\u0131rma \u2013 Edebiyat Tez Yapt\u0131rma \u00dccretleri \u2013 Edebiyat \u00d6devleri \u2013 Edebiyat \u00d6dev \u00dccretleri | En \u0130yi Essay<\/title>\n\n","aioseo_head_json":{"title":"\u015eerif \u2013 Edebiyat Alan\u0131nda Tez Yapt\u0131rma \u2013 Edebiyat Tez Yapt\u0131rma \u00dccretleri \u2013 Edebiyat \u00d6devleri \u2013 Edebiyat \u00d6dev \u00dccretleri | En \u0130yi Essay","description":"\u015eerif \u0130bn \u0130yas, Sultan \u0120avr\u012b'nin Halep'te vefat\u0131ndan sonra bu \u00fc\u00e7\u00fcn\u00fcn d\u00fc\u015fman\u0131 Osmanl\u0131 Padi\u015fah\u0131 I. Selim'in l\u00fctfunu kazanmaya \u00e7al\u0131\u015ft\u0131klar\u0131n\u0131 \u00e7ok olumsuz de\u011ferlendirdi. Husayn b. 1505'ten itibaren d\u00fczenli olarak yap\u0131lan ve sadece din alimlerinin de\u011fil, \u00f6rne\u011fin K\u0131c\u0131zzade gibi m\u00fczisyenlerin de kat\u0131ld\u0131\u011f\u0131 ve \u201cher dilde\u201d okudu\u011fu toplant\u0131lar\u0131 anlatan Muhammed el-H\u00fcseyn\u00ee, elbette daha da fazla biyografik malzeme g\u00fcn \u0131\u015f\u0131\u011f\u0131na","canonical_url":"https:\/\/bestessayhomework.com\/tr\/serif-edebiyat-alaninda-tez-yaptirma-edebiyat-tez-yaptirma-ucretleri-edebiyat-odevleri-edebiyat-odev-ucretleri\/","robots":"max-image-preview:large","keywords":"edebiyat tarihi eserleri,edebiyat tarihi kitaplar\u0131 \u00f6zellikleri,edebiyat tarihi kitaplar\u0131nda a\u015fa\u011f\u0131dakilerden hangisi bulunmaz,edebiyat tarihi yazarlar\u0131 ve eserleri,refik halit karay eserleri,\u015ferif akta\u015f eserleri,t\u00fcrk edebiyat tarihi,t\u00fcrk edebiyat tarihi kitaplar\u0131,t\u00fcrk edebiyat tarih","webmasterTools":{"google-site-verification":"_Do0m5hW5EZGn6W1I0rvGqv6s_5Fr6nHI8Uj9qTWHMM","miscellaneous":""},"schema":{"@context":"https:\/\/schema.org","@graph":[{"@type":"Article","@id":"https:\/\/bestessayhomework.com\/tr\/serif-edebiyat-alaninda-tez-yaptirma-edebiyat-tez-yaptirma-ucretleri-edebiyat-odevleri-edebiyat-odev-ucretleri\/#article","name":"\u015eerif \u2013 Edebiyat Alan\u0131nda Tez Yapt\u0131rma \u2013 Edebiyat Tez Yapt\u0131rma \u00dccretleri \u2013 Edebiyat \u00d6devleri \u2013 Edebiyat \u00d6dev \u00dccretleri | En \u0130yi Essay","headline":"\u015eerif \u2013 Edebiyat Alan\u0131nda Tez Yapt\u0131rma \u2013 Edebiyat Tez Yapt\u0131rma \u00dccretleri \u2013 Edebiyat \u00d6devleri \u2013 Edebiyat \u00d6dev \u00dccretleri","author":{"@id":"https:\/\/bestessayhomework.com\/tr\/author\/tercuman32\/#author"},"publisher":{"@id":"https:\/\/bestessayhomework.com\/tr\/#organization"},"image":{"@type":"ImageObject","url":"https:\/\/bestessayhomework.com\/tr\/wp-content\/uploads\/2022\/01\/asd.jpg","width":650,"height":344,"caption":"Tarihsel D\u00f6nemler\n\nM\u0131s\u0131rl\u0131lar\u0131n en eski tarihsel d\u00f6nemlerden beri y\u0131l\u0131n yakla\u015f\u0131k uzunlu\u011funun fark\u0131nda olduklar\u0131 kesindir. Nil selinden Nil seline veya g\u00fcnd\u00f6n\u00fcm\u00fcnden g\u00fcnd\u00f6n\u00fcm\u00fcne g\u00fcn kayd\u0131n\u0131n kolayl\u0131kla tutulabilece\u011fi d\u00fc\u015f\u00fcn\u00fcl\u00fcrse, ba\u015fka t\u00fcrl\u00fc olmas\u0131 tuhaf olurdu. Ancak bu, elbette, yaln\u0131zca yakla\u015f\u0131k bir say\u0131 i\u00e7in ge\u00e7erlidir.\n\nEn erken d\u00f6nemde M\u0131s\u0131rl\u0131lar\u0131n bu say\u0131y\u0131 sadece 360 g\u00fcn yapt\u0131klar\u0131na inanmak i\u00e7in baz\u0131 nedenler var. Y\u0131llar\u0131n\u0131n otuz g\u00fcnden olu\u015fan on iki aya b\u00f6l\u00fcnm\u00fc\u015f olmas\u0131 bu inanca renk katmaktad\u0131r; ancak her hal\u00fckarda, yanl\u0131\u015fl\u0131k zaman\u0131nda fark edilmi\u015f ve on ikinci ay\u0131n sonu ile yeni y\u0131l aras\u0131na be\u015f g\u00fcnl\u00fck bir \"k\u00fc\u00e7\u00fck ay\" enterpolasyonu yap\u0131larak k\u0131smi bir \u00e7are uygulanm\u0131\u015ft\u0131r.\n\nBu, sorunu neredeyse ama tam olarak \u00e7\u00f6zmedi. A\u00e7\u0131k\u00e7a ba\u015far\u0131s\u0131z oldu\u011fu \u015fey, ger\u00e7ek y\u0131l\u0131 ger\u00e7ekten tamamlayan bir g\u00fcn\u00fcn bu ek \u00e7eyre\u011fini hesaba katmakt\u0131.\n\nD\u00fcnyan\u0131n, g\u00fcne\u015f etraf\u0131ndaki ge\u00e7i\u015f h\u0131z\u0131yla d\u00f6nme hareketini y\u0131ll\u0131k u\u00e7u\u015funu tam olarak 360 g\u00fcnde yapacak \u015fekilde ayarlamas\u0131 \u015fans eseri insanl\u0131k i\u00e7in son derece uygun bir \u015fey olurdu.\n\nO zaman, her biri otuz g\u00fcnl\u00fck on iki kameri ay tam olarak g\u00fcne\u015f y\u0131l\u0131na denk gelecek ve tarih \u00f6\u011frencilerinin kafas\u0131n\u0131 kar\u0131\u015ft\u0131ran takvimin karma\u015f\u0131kl\u0131klar\u0131n\u0131n \u00e7o\u011fundan ka\u00e7\u0131n\u0131lm\u0131\u015f olacakt\u0131; ama \u00f6te yandan, belki de bu basitlik, insanlar\u0131n g\u00f6kleri eskisi kadar dikkatli ara\u015ft\u0131rmas\u0131n\u0131 engelleyerek astronomik bilime zarar verebilirdi.\n\nOlabildi\u011fince, karma\u015f\u0131kl\u0131k var. \u00dc\u00e7 y\u00fcz altm\u0131\u015f be\u015f ve (yakla\u015f\u0131k) bir \u00e7eyrek g\u00fcnl\u00fck ger\u00e7ek y\u0131l, aylara e\u015fit olarak b\u00f6l\u00fcnemez ve g\u00fcnlerin burada ve orada araya eklenmesi gibi baz\u0131 \u00e7areler esast\u0131r, aksi takdirde takvim kesinlikle uyumsuz hale gelir.\u00a0\n\nM\u0131s\u0131rl\u0131lar s\u00f6z konusu oldu\u011funda, az \u00f6nce belirtildi\u011fi gibi, M\u0131s\u0131rl\u0131lar\u0131n kendilerinin \"y\u0131l\u0131n be\u015f g\u00fcn\u00fc\" olarak adland\u0131rd\u0131klar\u0131 \u015feyi olu\u015fturan be\u015f g\u00fcn\u00fcn tan\u0131t\u0131lmas\u0131yla ayarlama giri\u015fiminde bulunuldu. Bu s\u00f6zde epagomenal g\u00fcnler \u015f\u00fcphesiz \u00e7ok erken bir d\u00f6nemde tan\u0131t\u0131ld\u0131.\n\nMaspero, Osiris efsanesinin bu g\u00fcnlerin Nuit'in t\u00fcm \u00e7ocuklar\u0131n\u0131 do\u011furmas\u0131na izin vermek i\u00e7in tanr\u0131 Thot taraf\u0131ndan yarat\u0131ld\u0131\u011f\u0131n\u0131 a\u00e7\u0131klad\u0131\u011f\u0131 ger\u00e7e\u011fini kan\u0131tlayarak, bunlar\u0131n ilk Thinite hanedan\u0131ndan \u00f6nce kullan\u0131ld\u0131\u011f\u0131n\u0131 savunuyor; bu \u00e7are, Nuit'e y\u0131l\u0131n herhangi bir g\u00fcn\u00fcnde \u00e7ocuk do\u011furamayaca\u011f\u0131na dair ilan edilen bir yasa\u011f\u0131n \u00fcstesinden gelmek i\u00e7in gerekliydi.\n\nAma elbette ek be\u015f g\u00fcn takvimi tam olarak d\u00fczeltmeye yetmiyor. Hesaplanacak ek bir \u00e7eyrek g\u00fcn kald\u0131. Bu, elbette, her d\u00f6rt y\u0131lda bir tam g\u00fcn anlam\u0131na gelir. Daha sonra \u0130skenderiye biliminin her d\u00f6rt y\u0131lda bir bir g\u00fcn eklemek gibi bir \u00e7are buldu\u011funu g\u00f6rece\u011fiz.\n\nAma ne yaz\u0131k ki, eski M\u0131s\u0131rl\u0131 bu ek g\u00fcn\u00fcn gereklili\u011fini fark edemedi ya da fark ettiyse bile bilgisine g\u00f6re hareket edemedi ve \u00f6yle oldu ki, uzak ge\u00e7mi\u015fte bir yerde yeni bir y\u0131l g\u00fcn\u00fcnden ba\u015flayarak Nil'in sular alt\u0131nda kalmas\u0131yla ayn\u0131 zamana denk geldi\u011finden, zaman ge\u00e7tik\u00e7e takvim ve mevsimlerde s\u00fcrekli de\u011fi\u015fen bir uyumsuzluk vard\u0131.\n\nA\u00e7\u0131klanmas\u0131 gereken M\u0131s\u0131r mevsimlerinin say\u0131s\u0131 \u00fc\u00e7t\u00fc: sel mevsimi, tohum zaman\u0131 mevsimi ve hasat mevsimi; her sezon elbette d\u00f6rt ayd\u0131r. Ba\u015flang\u0131\u00e7ta, az \u00f6nce de belirtildi\u011fi gibi, su bask\u0131n\u0131 mevsimi ba\u015flad\u0131 ve ger\u00e7ek su bask\u0131n\u0131 zaman\u0131 ile ayn\u0131 zamana denk geldi.\n\nYeni y\u0131l g\u00fcn\u00fcn\u00fcn daha kesin tespiti, M\u0131s\u0131rl\u0131lar\u0131n Sothis ad\u0131n\u0131 ta\u015f\u0131yan k\u00f6pek y\u0131ld\u0131z\u0131 Sirius'un s\u00f6zde g\u00fcne\u015f do\u011fu\u015fu zaman\u0131n\u0131n g\u00f6zlemlenmesiyle ba\u015far\u0131ld\u0131. Heliopolis b\u00f6lgesinden bak\u0131ld\u0131\u011f\u0131nda, yaz g\u00fcnd\u00f6n\u00fcm\u00fc s\u0131ras\u0131nda g\u00fcne\u015fin g\u00f6klerde k\u00f6pek y\u0131ld\u0131z\u0131na yak\u0131n bir konumda olmas\u0131 muhtemeldir.\n\n\u015eimdi, \u00e7ok iyi bilindi\u011fi gibi, M\u0131s\u0131rl\u0131lar, hemen hemen her do\u011fa olgusunun gerisinde tanr\u0131sall\u0131\u011f\u0131 g\u00f6rerek, \u00e7ok do\u011fal olarak g\u00fcne\u015f-tanr\u0131s\u0131 gibi etkili oldu\u011fu a\u00e7\u0131k\u00e7a belli olan bir \u015fahsiyete \u00f6zel bir h\u00fcrmet g\u00f6sterdiler.\n\nTarih \u00f6ncesi d\u00f6nemler\nTarih \u00f6ncesi \u00c7a\u011flar s\u0131ras\u0131yla\nTarih sonras\u0131 devirler\nTarihi \u00c7a\u011flar\nTarihi \u00e7a\u011flar s\u0131ralamas\u0131\ntarihi \u00e7a\u011flar \nKalkolitik d\u00f6nem\nG\u00fcn\u00fcm\u00fcze en Yak\u0131n d\u00f6nem Neolitik\n\nBilhassa, sabah M\u0131s\u0131r turuna \u00e7\u0131karken ona biat etmeyi uygun g\u00f6rd\u00fcler; M\u0131s\u0131rl\u0131 astronom rahipler, tap\u0131naklar\u0131n\u0131n yak\u0131n\u0131ndaki tepelere t\u00fcnemi\u015f, geli\u015finin kesin an\u0131n\u0131 bilebilmek i\u00e7in, g\u00fcne\u015f \u0131\u015f\u0131nlar\u0131ndan \u00f6nce geldi\u011fi g\u00f6zlemlenmi\u015f bir y\u0131ld\u0131za at\u0131fta bulunarak do\u011fu ufkunu taramay\u0131 adet edinmi\u015flerdi.\n\nElbette ekinokslar\u0131n devinimleri, beceriksiz d\u00fcnyam\u0131z\u0131n i\u00e7ine d\u00fc\u015ft\u00fc\u011f\u00fc eksenel yalpalama nedeniyle, sabit y\u0131ld\u0131zlar\u0131n g\u00fcne\u015fe g\u00f6re g\u00f6r\u00fcnen konumlar\u0131n\u0131 de\u011fi\u015ftirir, \u00f6yle ki ayn\u0131 y\u0131ld\u0131z sonsuza kadar g\u00fcne\u015f habercisi olarak hizmet edemez; ama \u00f6te yandan, bu de\u011fi\u015fimler o kadar yava\u015f ki, kaymay\u0131 tespit etmek i\u00e7in bir\u00e7ok g\u00f6kbilimci ku\u015fa\u011f\u0131n\u0131n g\u00f6zlemleri gerekecektir.\n\nKan\u0131tlar tam olarak kan\u0131tlay\u0131c\u0131 olmasa da Lockyer, M\u0131s\u0131rl\u0131lar\u0131n astronomik g\u00f6zlemlerinin k\u00f6pek y\u0131ld\u0131z\u0131 Sothis'in yaz g\u00fcnd\u00f6n\u00fcm\u00fc sabah\u0131 g\u00fcne\u015fle yak\u0131n ili\u015fkide olmad\u0131\u011f\u0131 bir d\u00f6neme kadar uzand\u0131\u011f\u0131na inan\u0131yor.\n\nYine de Biot'un hesaplar\u0131na g\u00f6re, g\u00fcnd\u00f6n\u00fcm\u00fcnde Sothis'in helyasal y\u00fckseli\u015fi M\u00d6 3285 gibi erken bir tarihte kaydedildi ve bu y\u0131ld\u0131z\u0131n sonraki y\u00fczy\u0131llar boyunca bu \u00f6zel prestij konumunu korumaya devam etti\u011fi kesindir.\n\nBu nedenle, M\u0131s\u0131r'\u0131n en \u00f6nemli tanr\u0131lar\u0131ndan biri olan \u0130sis ile ili\u015fkilendirilmeye ba\u015fland\u0131 ve Sothis'in sabah g\u00f6ky\u00fcz\u00fcnde ilk kez g\u00f6r\u00fcnd\u00fc\u011f\u00fc g\u00fcn yeni y\u0131l\u0131n ba\u015flang\u0131c\u0131 oldu; o g\u00fcn, daha \u00f6nce belirtildi\u011fi gibi, yaz g\u00fcnd\u00f6n\u00fcm\u00fc ve Nil ak\u0131\u015f\u0131n\u0131n ba\u015flang\u0131c\u0131 ile ayn\u0131 zamana denk geliyor.\n\nAma \u015fimdi, g\u00fcn\u00fcn o hesaba kat\u0131lmam\u0131\u015f \u00e7eyre\u011finin getirdi\u011fi zorluklar i\u00e7in. A\u00e7\u0131k\u00e7as\u0131, yaln\u0131zca 365 g\u00fcnl\u00fck bir takvimle, d\u00f6rt y\u0131l\u0131n sonunda, takvim y\u0131l\u0131 veya M\u0131s\u0131rl\u0131lar\u0131n adland\u0131rd\u0131\u011f\u0131 \u015fekliyle belirsiz y\u0131l, ger\u00e7ek g\u00fcne\u015f y\u0131l\u0131na, yani g\u00fcne\u015f y\u0131l\u0131na g\u00f6re bir tam g\u00fcn kazanm\u0131\u015ft\u0131. K\u00f6pek y\u0131ld\u0131z\u0131 Sothis'in y\u00fckseli\u015fi, hatal\u0131 takvimin yeni y\u0131l g\u00fcn\u00fcnde de\u011fil, bir g\u00fcn sonra ger\u00e7ekle\u015fecekti.\n\nVe birbirini takip eden her d\u00f6rt y\u0131ll\u0131k d\u00f6nemde, y\u0131l\u0131n ger\u00e7ek ba\u015flang\u0131c\u0131n\u0131 belirleyen ve yine de tabii ki su bask\u0131n\u0131 ile \u00e7ak\u0131\u015fan g\u00fcne\u015f do\u011fu\u015fu g\u00fcn\u00fc, takvimden bir g\u00fcn daha geride kalacakt\u0131.\n\n120 y\u0131l boyunca koca bir ay kaybedilirdi; ve 480 y\u0131lda o kadar b\u00fcy\u00fck bir kayma olur ki, mevsimler tamamen yersiz olur; takvimin tohum zaman\u0131 olarak kaydetti\u011fi \u015feye kar\u015f\u0131l\u0131k gelen ger\u00e7ek su bask\u0131n\u0131 zaman\u0131 ve takvimin hasat zaman\u0131na kar\u015f\u0131l\u0131k gelir.\n\n\u0130lk ba\u015fta bunun \u00e7ok garip ve kafa kar\u0131\u015ft\u0131r\u0131c\u0131 g\u00f6r\u00fcnd\u00fc\u011f\u00fcn\u00fc d\u00fc\u015f\u00fcnd\u00fcm, ancak b\u00fcy\u00fck olas\u0131l\u0131kla etkiler ger\u00e7ek uygulamada hi\u00e7 bu kadar fazla de\u011fildi. Aylar ve g\u00fcnler itibariyle mevsim adlar\u0131n\u0131n \u00e7o\u011fumuzun zihninde tamamen geleneksel bir anlam kazand\u0131\u011f\u0131n\u0131 bilmek i\u00e7in kendi deneyimlerimizden \u00f6teye gitmemize gerek yoktur.\n\n\u00d6yleyse, kendi takvimimiz o kadar kusurlu olsayd\u0131 ki, 120 y\u0131l boyunca \u015eubat ay\u0131 ilk Ocak ay\u0131 konumuna geri kaym\u0131\u015f olsayd\u0131, de\u011fi\u015fiklik o kadar kademeli olurdu ki, iki ya da daha fazla ya\u015fam s\u00fcresini kapsayabilirdi. ortalama d\u00f6rt ya da be\u015f nesil, genel g\u00f6zlemden pekala ka\u00e7abilir."},"datePublished":"2022-01-24T13:51:12+03:00","dateModified":"2022-01-24T13:51:12+03:00","inLanguage":"tr-TR","mainEntityOfPage":{"@id":"https:\/\/bestessayhomework.com\/tr\/serif-edebiyat-alaninda-tez-yaptirma-edebiyat-tez-yaptirma-ucretleri-edebiyat-odevleri-edebiyat-odev-ucretleri\/#webpage"},"isPartOf":{"@id":"https:\/\/bestessayhomework.com\/tr\/serif-edebiyat-alaninda-tez-yaptirma-edebiyat-tez-yaptirma-ucretleri-edebiyat-odevleri-edebiyat-odev-ucretleri\/#webpage"},"articleSection":"Edebiyat tarihi kitaplar\u0131 \u00f6zellikleri, Edebiyat tarihi kitaplar\u0131nda a\u015fa\u011f\u0131dakilerden hangisi bulunmaz, T\u00fcrk Edebiyat Tarih, Edebiyat tarihi eserleri, Edebiyat tarihi kitaplar\u0131 \u00f6zellikleri, Edebiyat tarihi kitaplar\u0131nda a\u015fa\u011f\u0131dakilerden hangisi bulunmaz, Edebiyat Tarihi yazarlar\u0131 ve eserleri, Refik Halit Karay Eserleri, \u015eerif Akta\u015f Eserleri, T\u00fcrk Edebiyat Tarihi, T\u00fcrk Edebiyat Tarihi Kitaplar\u0131"},{"@type":"BreadcrumbList","@id":"https:\/\/bestessayhomework.com\/tr\/serif-edebiyat-alaninda-tez-yaptirma-edebiyat-tez-yaptirma-ucretleri-edebiyat-odevleri-edebiyat-odev-ucretleri\/#breadcrumblist","itemListElement":[{"@type":"ListItem","@id":"https:\/\/bestessayhomework.com\/tr#listItem","position":1,"name":"Ev","item":"https:\/\/bestessayhomework.com\/tr","nextItem":{"@type":"ListItem","@id":"https:\/\/bestessayhomework.com\/tr\/category\/edebiyat-tarihi-kitaplarinda-asagidakilerden-hangisi-bulunmaz\/#listItem","name":"Edebiyat tarihi kitaplar\u0131nda a\u015fa\u011f\u0131dakilerden hangisi bulunmaz"}},{"@type":"ListItem","@id":"https:\/\/bestessayhomework.com\/tr\/category\/edebiyat-tarihi-kitaplarinda-asagidakilerden-hangisi-bulunmaz\/#listItem","position":2,"name":"Edebiyat tarihi kitaplar\u0131nda a\u015fa\u011f\u0131dakilerden hangisi bulunmaz","item":"https:\/\/bestessayhomework.com\/tr\/category\/edebiyat-tarihi-kitaplarinda-asagidakilerden-hangisi-bulunmaz\/","nextItem":{"@type":"ListItem","@id":"https:\/\/bestessayhomework.com\/tr\/serif-edebiyat-alaninda-tez-yaptirma-edebiyat-tez-yaptirma-ucretleri-edebiyat-odevleri-edebiyat-odev-ucretleri\/#listItem","name":"\u015eerif \u2013 Edebiyat Alan\u0131nda Tez Yapt\u0131rma \u2013 Edebiyat Tez Yapt\u0131rma \u00dccretleri \u2013 Edebiyat \u00d6devleri \u2013 Edebiyat \u00d6dev \u00dccretleri"},"previousItem":{"@type":"ListItem","@id":"https:\/\/bestessayhomework.com\/tr#listItem","name":"Ev"}},{"@type":"ListItem","@id":"https:\/\/bestessayhomework.com\/tr\/serif-edebiyat-alaninda-tez-yaptirma-edebiyat-tez-yaptirma-ucretleri-edebiyat-odevleri-edebiyat-odev-ucretleri\/#listItem","position":3,"name":"\u015eerif \u2013 Edebiyat Alan\u0131nda Tez Yapt\u0131rma \u2013 Edebiyat Tez Yapt\u0131rma \u00dccretleri \u2013 Edebiyat \u00d6devleri \u2013 Edebiyat \u00d6dev \u00dccretleri","previousItem":{"@type":"ListItem","@id":"https:\/\/bestessayhomework.com\/tr\/category\/edebiyat-tarihi-kitaplarinda-asagidakilerden-hangisi-bulunmaz\/#listItem","name":"Edebiyat tarihi kitaplar\u0131nda a\u015fa\u011f\u0131dakilerden hangisi bulunmaz"}}]},{"@type":"Organization","@id":"https:\/\/bestessayhomework.com\/tr\/#organization","name":"Essay Yapt\u0131rma","description":"bestessayhomework@gmail.com - Bize Mail Kanal\u0131m\u0131zdan veya sa\u011f alt k\u00f6\u015fedeki Whatsapp tu\u015fundan Ula\u015f\u0131n - 0 (312) 276 75 93 -Essay Yapt\u0131rma, Essay Yazd\u0131rma, Parayla Essay Yazd\u0131rma, Parayla Essay Yapt\u0131rma, \u00dccretli Essay, \u00dccretli Essay Yapt\u0131rma, Profesyonel Essay Yapt\u0131rma,   Essay Projesi Yapt\u0131r, Essay \u00d6dev Yard\u0131m\u0131 Al, Essay D\u00fczenleme, Essay Projesi Yapt\u0131r,   Essay Sepeti, Essay Fiyat Teklifi Al, Essay Dan\u0131\u015fmanl\u0131k, Essay Ar\u015fivleri, Essay Kategorisi,   Essay Yazd\u0131rmak, Essay Yazd\u0131rma \u00dccreti, Essay Sunum, Essay \u00c7eviri, Essay Yazd\u0131rma \u00dccreti,   \u00dccretli Essay Yazd\u0131rma, Essay Yazd\u0131rma Siteleri, Parayla Essay Yazma, \u00d6dev Yazd\u0131rma, Essay Yazd\u0131rmak \u0130stiyorum,   Research Paper Yazd\u0131rmak, Argumentative Essay Topics, Cause Effect Essay \u00d6rnekleri, Classification Essay, Essay \u00c7e\u015fitleri,   Essay Rehberi, Opinion Essay Examples, Makale Yazd\u0131rma, Kompozisyon Yazd\u0131rma, Parayla Makale Yazd\u0131rma,   Parayla Kompozisyon Yazd\u0131rma, \u00dccretli Makale, \u00dccretli Kompozisyon, Profesyonel Makale Yapt\u0131rma, Profesyonel Kompozisyon Yapt\u0131rma,   Makale Projesi Yapt\u0131r, Makale \u00d6dev Yard\u0131m\u0131 Al, Makale D\u00fczenleme, Makale Projesi Yapt\u0131r, Makale Sepeti,   Makale Fiyat Teklifi Al, Makale Dan\u0131\u015fmanl\u0131k, Makale Ar\u015fivleri, Makale Kategorisi, Makale Yazd\u0131rmak, Makale Yazd\u0131rma \u00dccreti,   Makale Sunum, Makale \u00c7eviri, Makale Yazd\u0131rma \u00dccreti, \u00dccretli Makale Yazd\u0131rma, Makale Yazd\u0131rma Siteleri, Parayla Makale Yazma, Makale Sepeti,  Makale Yazd\u0131rmak \u0130stiyorum, \u00d6dev Dan\u0131\u015fmanl\u0131\u011f\u0131, \u00d6dev Yapt\u0131rma, Tez Yazd\u0131rma, Makale YAZDIRMA siteleri, Parayla makale YAZDIRMA, Seo makale fiyatlar\u0131, Sayfa ba\u015f\u0131 yaz\u0131 yazma \u00fccreti, \u0130ngilizce makale yazd\u0131rma, Akademik makale YAZDIRMA, Makale Fiyatlar\u0131 2022, Makale yazma, Blog Yazd\u0131rma, Blog Yazd\u0131rmak \u0130stiyorum, Essay yazma Uygulamas\u0131, Essay Yazma sitesi, \u0130ngilizce metin yazma sitesi, Writing yazma sitesi, Essay d\u00fczeltici, Essay Kontrol ettirme, Gramer kontrol, \u0130ngilizce Gramer d\u00fczeltme uygulamas\u0131, \u0130ngilizce c\u00fcmle d\u00fczeltme sitesi, Essay kontrol siteleri, Tez Yapt\u0131rma, Seo Uyumlu Blog Yapt\u0131rma 0 (312) 276 75 93","url":"https:\/\/bestessayhomework.com\/tr\/","telephone":"+905423712952","logo":{"@type":"ImageObject","url":"https:\/\/bestessayhomework.com\/tr\/wp-content\/uploads\/2024\/03\/10.webp","@id":"https:\/\/bestessayhomework.com\/tr\/serif-edebiyat-alaninda-tez-yaptirma-edebiyat-tez-yaptirma-ucretleri-edebiyat-odevleri-edebiyat-odev-ucretleri\/#organizationLogo","width":1280,"height":720},"image":{"@id":"https:\/\/bestessayhomework.com\/tr\/serif-edebiyat-alaninda-tez-yaptirma-edebiyat-tez-yaptirma-ucretleri-edebiyat-odevleri-edebiyat-odev-ucretleri\/#organizationLogo"}},{"@type":"Person","@id":"https:\/\/bestessayhomework.com\/tr\/author\/tercuman32\/#author","url":"https:\/\/bestessayhomework.com\/tr\/author\/tercuman32\/","name":"terc\u00fcman terc\u00fcman","image":{"@type":"ImageObject","url":"https:\/\/bestessayhomework.com\/tr\/wp-content\/litespeed\/avatar\/86c38c20b2eb3a1c431511229f015304.jpg?ver=1773154028"}},{"@type":"WebPage","@id":"https:\/\/bestessayhomework.com\/tr\/serif-edebiyat-alaninda-tez-yaptirma-edebiyat-tez-yaptirma-ucretleri-edebiyat-odevleri-edebiyat-odev-ucretleri\/#webpage","url":"https:\/\/bestessayhomework.com\/tr\/serif-edebiyat-alaninda-tez-yaptirma-edebiyat-tez-yaptirma-ucretleri-edebiyat-odevleri-edebiyat-odev-ucretleri\/","name":"\u015eerif \u2013 Edebiyat Alan\u0131nda Tez Yapt\u0131rma \u2013 Edebiyat Tez Yapt\u0131rma \u00dccretleri \u2013 Edebiyat \u00d6devleri \u2013 Edebiyat \u00d6dev \u00dccretleri | En \u0130yi Essay","description":"\u015eerif \u0130bn \u0130yas, Sultan \u0120avr\u012b'nin Halep'te vefat\u0131ndan sonra bu \u00fc\u00e7\u00fcn\u00fcn d\u00fc\u015fman\u0131 Osmanl\u0131 Padi\u015fah\u0131 I. Selim'in l\u00fctfunu kazanmaya \u00e7al\u0131\u015ft\u0131klar\u0131n\u0131 \u00e7ok olumsuz de\u011ferlendirdi. Husayn b. 1505'ten itibaren d\u00fczenli olarak yap\u0131lan ve sadece din alimlerinin de\u011fil, \u00f6rne\u011fin K\u0131c\u0131zzade gibi m\u00fczisyenlerin de kat\u0131ld\u0131\u011f\u0131 ve \u201cher dilde\u201d okudu\u011fu toplant\u0131lar\u0131 anlatan Muhammed el-H\u00fcseyn\u00ee, elbette daha da fazla biyografik malzeme g\u00fcn \u0131\u015f\u0131\u011f\u0131na","inLanguage":"tr-TR","isPartOf":{"@id":"https:\/\/bestessayhomework.com\/tr\/#website"},"breadcrumb":{"@id":"https:\/\/bestessayhomework.com\/tr\/serif-edebiyat-alaninda-tez-yaptirma-edebiyat-tez-yaptirma-ucretleri-edebiyat-odevleri-edebiyat-odev-ucretleri\/#breadcrumblist"},"author":{"@id":"https:\/\/bestessayhomework.com\/tr\/author\/tercuman32\/#author"},"creator":{"@id":"https:\/\/bestessayhomework.com\/tr\/author\/tercuman32\/#author"},"image":{"@type":"ImageObject","url":"https:\/\/bestessayhomework.com\/tr\/wp-content\/uploads\/2022\/01\/asd.jpg","@id":"https:\/\/bestessayhomework.com\/tr\/serif-edebiyat-alaninda-tez-yaptirma-edebiyat-tez-yaptirma-ucretleri-edebiyat-odevleri-edebiyat-odev-ucretleri\/#mainImage","width":650,"height":344,"caption":"Tarihsel D\u00f6nemler\n\nM\u0131s\u0131rl\u0131lar\u0131n en eski tarihsel d\u00f6nemlerden beri y\u0131l\u0131n yakla\u015f\u0131k uzunlu\u011funun fark\u0131nda olduklar\u0131 kesindir. Nil selinden Nil seline veya g\u00fcnd\u00f6n\u00fcm\u00fcnden g\u00fcnd\u00f6n\u00fcm\u00fcne g\u00fcn kayd\u0131n\u0131n kolayl\u0131kla tutulabilece\u011fi d\u00fc\u015f\u00fcn\u00fcl\u00fcrse, ba\u015fka t\u00fcrl\u00fc olmas\u0131 tuhaf olurdu. Ancak bu, elbette, yaln\u0131zca yakla\u015f\u0131k bir say\u0131 i\u00e7in ge\u00e7erlidir.\n\nEn erken d\u00f6nemde M\u0131s\u0131rl\u0131lar\u0131n bu say\u0131y\u0131 sadece 360 g\u00fcn yapt\u0131klar\u0131na inanmak i\u00e7in baz\u0131 nedenler var. Y\u0131llar\u0131n\u0131n otuz g\u00fcnden olu\u015fan on iki aya b\u00f6l\u00fcnm\u00fc\u015f olmas\u0131 bu inanca renk katmaktad\u0131r; ancak her hal\u00fckarda, yanl\u0131\u015fl\u0131k zaman\u0131nda fark edilmi\u015f ve on ikinci ay\u0131n sonu ile yeni y\u0131l aras\u0131na be\u015f g\u00fcnl\u00fck bir \"k\u00fc\u00e7\u00fck ay\" enterpolasyonu yap\u0131larak k\u0131smi bir \u00e7are uygulanm\u0131\u015ft\u0131r.\n\nBu, sorunu neredeyse ama tam olarak \u00e7\u00f6zmedi. A\u00e7\u0131k\u00e7a ba\u015far\u0131s\u0131z oldu\u011fu \u015fey, ger\u00e7ek y\u0131l\u0131 ger\u00e7ekten tamamlayan bir g\u00fcn\u00fcn bu ek \u00e7eyre\u011fini hesaba katmakt\u0131.\n\nD\u00fcnyan\u0131n, g\u00fcne\u015f etraf\u0131ndaki ge\u00e7i\u015f h\u0131z\u0131yla d\u00f6nme hareketini y\u0131ll\u0131k u\u00e7u\u015funu tam olarak 360 g\u00fcnde yapacak \u015fekilde ayarlamas\u0131 \u015fans eseri insanl\u0131k i\u00e7in son derece uygun bir \u015fey olurdu.\n\nO zaman, her biri otuz g\u00fcnl\u00fck on iki kameri ay tam olarak g\u00fcne\u015f y\u0131l\u0131na denk gelecek ve tarih \u00f6\u011frencilerinin kafas\u0131n\u0131 kar\u0131\u015ft\u0131ran takvimin karma\u015f\u0131kl\u0131klar\u0131n\u0131n \u00e7o\u011fundan ka\u00e7\u0131n\u0131lm\u0131\u015f olacakt\u0131; ama \u00f6te yandan, belki de bu basitlik, insanlar\u0131n g\u00f6kleri eskisi kadar dikkatli ara\u015ft\u0131rmas\u0131n\u0131 engelleyerek astronomik bilime zarar verebilirdi.\n\nOlabildi\u011fince, karma\u015f\u0131kl\u0131k var. \u00dc\u00e7 y\u00fcz altm\u0131\u015f be\u015f ve (yakla\u015f\u0131k) bir \u00e7eyrek g\u00fcnl\u00fck ger\u00e7ek y\u0131l, aylara e\u015fit olarak b\u00f6l\u00fcnemez ve g\u00fcnlerin burada ve orada araya eklenmesi gibi baz\u0131 \u00e7areler esast\u0131r, aksi takdirde takvim kesinlikle uyumsuz hale gelir.\u00a0\n\nM\u0131s\u0131rl\u0131lar s\u00f6z konusu oldu\u011funda, az \u00f6nce belirtildi\u011fi gibi, M\u0131s\u0131rl\u0131lar\u0131n kendilerinin \"y\u0131l\u0131n be\u015f g\u00fcn\u00fc\" olarak adland\u0131rd\u0131klar\u0131 \u015feyi olu\u015fturan be\u015f g\u00fcn\u00fcn tan\u0131t\u0131lmas\u0131yla ayarlama giri\u015fiminde bulunuldu. Bu s\u00f6zde epagomenal g\u00fcnler \u015f\u00fcphesiz \u00e7ok erken bir d\u00f6nemde tan\u0131t\u0131ld\u0131.\n\nMaspero, Osiris efsanesinin bu g\u00fcnlerin Nuit'in t\u00fcm \u00e7ocuklar\u0131n\u0131 do\u011furmas\u0131na izin vermek i\u00e7in tanr\u0131 Thot taraf\u0131ndan yarat\u0131ld\u0131\u011f\u0131n\u0131 a\u00e7\u0131klad\u0131\u011f\u0131 ger\u00e7e\u011fini kan\u0131tlayarak, bunlar\u0131n ilk Thinite hanedan\u0131ndan \u00f6nce kullan\u0131ld\u0131\u011f\u0131n\u0131 savunuyor; bu \u00e7are, Nuit'e y\u0131l\u0131n herhangi bir g\u00fcn\u00fcnde \u00e7ocuk do\u011furamayaca\u011f\u0131na dair ilan edilen bir yasa\u011f\u0131n \u00fcstesinden gelmek i\u00e7in gerekliydi.\n\nAma elbette ek be\u015f g\u00fcn takvimi tam olarak d\u00fczeltmeye yetmiyor. Hesaplanacak ek bir \u00e7eyrek g\u00fcn kald\u0131. Bu, elbette, her d\u00f6rt y\u0131lda bir tam g\u00fcn anlam\u0131na gelir. Daha sonra \u0130skenderiye biliminin her d\u00f6rt y\u0131lda bir bir g\u00fcn eklemek gibi bir \u00e7are buldu\u011funu g\u00f6rece\u011fiz.\n\nAma ne yaz\u0131k ki, eski M\u0131s\u0131rl\u0131 bu ek g\u00fcn\u00fcn gereklili\u011fini fark edemedi ya da fark ettiyse bile bilgisine g\u00f6re hareket edemedi ve \u00f6yle oldu ki, uzak ge\u00e7mi\u015fte bir yerde yeni bir y\u0131l g\u00fcn\u00fcnden ba\u015flayarak Nil'in sular alt\u0131nda kalmas\u0131yla ayn\u0131 zamana denk geldi\u011finden, zaman ge\u00e7tik\u00e7e takvim ve mevsimlerde s\u00fcrekli de\u011fi\u015fen bir uyumsuzluk vard\u0131.\n\nA\u00e7\u0131klanmas\u0131 gereken M\u0131s\u0131r mevsimlerinin say\u0131s\u0131 \u00fc\u00e7t\u00fc: sel mevsimi, tohum zaman\u0131 mevsimi ve hasat mevsimi; her sezon elbette d\u00f6rt ayd\u0131r. Ba\u015flang\u0131\u00e7ta, az \u00f6nce de belirtildi\u011fi gibi, su bask\u0131n\u0131 mevsimi ba\u015flad\u0131 ve ger\u00e7ek su bask\u0131n\u0131 zaman\u0131 ile ayn\u0131 zamana denk geldi.\n\nYeni y\u0131l g\u00fcn\u00fcn\u00fcn daha kesin tespiti, M\u0131s\u0131rl\u0131lar\u0131n Sothis ad\u0131n\u0131 ta\u015f\u0131yan k\u00f6pek y\u0131ld\u0131z\u0131 Sirius'un s\u00f6zde g\u00fcne\u015f do\u011fu\u015fu zaman\u0131n\u0131n g\u00f6zlemlenmesiyle ba\u015far\u0131ld\u0131. Heliopolis b\u00f6lgesinden bak\u0131ld\u0131\u011f\u0131nda, yaz g\u00fcnd\u00f6n\u00fcm\u00fc s\u0131ras\u0131nda g\u00fcne\u015fin g\u00f6klerde k\u00f6pek y\u0131ld\u0131z\u0131na yak\u0131n bir konumda olmas\u0131 muhtemeldir.\n\n\u015eimdi, \u00e7ok iyi bilindi\u011fi gibi, M\u0131s\u0131rl\u0131lar, hemen hemen her do\u011fa olgusunun gerisinde tanr\u0131sall\u0131\u011f\u0131 g\u00f6rerek, \u00e7ok do\u011fal olarak g\u00fcne\u015f-tanr\u0131s\u0131 gibi etkili oldu\u011fu a\u00e7\u0131k\u00e7a belli olan bir \u015fahsiyete \u00f6zel bir h\u00fcrmet g\u00f6sterdiler.\n\nTarih \u00f6ncesi d\u00f6nemler\nTarih \u00f6ncesi \u00c7a\u011flar s\u0131ras\u0131yla\nTarih sonras\u0131 devirler\nTarihi \u00c7a\u011flar\nTarihi \u00e7a\u011flar s\u0131ralamas\u0131\ntarihi \u00e7a\u011flar \nKalkolitik d\u00f6nem\nG\u00fcn\u00fcm\u00fcze en Yak\u0131n d\u00f6nem Neolitik\n\nBilhassa, sabah M\u0131s\u0131r turuna \u00e7\u0131karken ona biat etmeyi uygun g\u00f6rd\u00fcler; M\u0131s\u0131rl\u0131 astronom rahipler, tap\u0131naklar\u0131n\u0131n yak\u0131n\u0131ndaki tepelere t\u00fcnemi\u015f, geli\u015finin kesin an\u0131n\u0131 bilebilmek i\u00e7in, g\u00fcne\u015f \u0131\u015f\u0131nlar\u0131ndan \u00f6nce geldi\u011fi g\u00f6zlemlenmi\u015f bir y\u0131ld\u0131za at\u0131fta bulunarak do\u011fu ufkunu taramay\u0131 adet edinmi\u015flerdi.\n\nElbette ekinokslar\u0131n devinimleri, beceriksiz d\u00fcnyam\u0131z\u0131n i\u00e7ine d\u00fc\u015ft\u00fc\u011f\u00fc eksenel yalpalama nedeniyle, sabit y\u0131ld\u0131zlar\u0131n g\u00fcne\u015fe g\u00f6re g\u00f6r\u00fcnen konumlar\u0131n\u0131 de\u011fi\u015ftirir, \u00f6yle ki ayn\u0131 y\u0131ld\u0131z sonsuza kadar g\u00fcne\u015f habercisi olarak hizmet edemez; ama \u00f6te yandan, bu de\u011fi\u015fimler o kadar yava\u015f ki, kaymay\u0131 tespit etmek i\u00e7in bir\u00e7ok g\u00f6kbilimci ku\u015fa\u011f\u0131n\u0131n g\u00f6zlemleri gerekecektir.\n\nKan\u0131tlar tam olarak kan\u0131tlay\u0131c\u0131 olmasa da Lockyer, M\u0131s\u0131rl\u0131lar\u0131n astronomik g\u00f6zlemlerinin k\u00f6pek y\u0131ld\u0131z\u0131 Sothis'in yaz g\u00fcnd\u00f6n\u00fcm\u00fc sabah\u0131 g\u00fcne\u015fle yak\u0131n ili\u015fkide olmad\u0131\u011f\u0131 bir d\u00f6neme kadar uzand\u0131\u011f\u0131na inan\u0131yor.\n\nYine de Biot'un hesaplar\u0131na g\u00f6re, g\u00fcnd\u00f6n\u00fcm\u00fcnde Sothis'in helyasal y\u00fckseli\u015fi M\u00d6 3285 gibi erken bir tarihte kaydedildi ve bu y\u0131ld\u0131z\u0131n sonraki y\u00fczy\u0131llar boyunca bu \u00f6zel prestij konumunu korumaya devam etti\u011fi kesindir.\n\nBu nedenle, M\u0131s\u0131r'\u0131n en \u00f6nemli tanr\u0131lar\u0131ndan biri olan \u0130sis ile ili\u015fkilendirilmeye ba\u015fland\u0131 ve Sothis'in sabah g\u00f6ky\u00fcz\u00fcnde ilk kez g\u00f6r\u00fcnd\u00fc\u011f\u00fc g\u00fcn yeni y\u0131l\u0131n ba\u015flang\u0131c\u0131 oldu; o g\u00fcn, daha \u00f6nce belirtildi\u011fi gibi, yaz g\u00fcnd\u00f6n\u00fcm\u00fc ve Nil ak\u0131\u015f\u0131n\u0131n ba\u015flang\u0131c\u0131 ile ayn\u0131 zamana denk geliyor.\n\nAma \u015fimdi, g\u00fcn\u00fcn o hesaba kat\u0131lmam\u0131\u015f \u00e7eyre\u011finin getirdi\u011fi zorluklar i\u00e7in. A\u00e7\u0131k\u00e7as\u0131, yaln\u0131zca 365 g\u00fcnl\u00fck bir takvimle, d\u00f6rt y\u0131l\u0131n sonunda, takvim y\u0131l\u0131 veya M\u0131s\u0131rl\u0131lar\u0131n adland\u0131rd\u0131\u011f\u0131 \u015fekliyle belirsiz y\u0131l, ger\u00e7ek g\u00fcne\u015f y\u0131l\u0131na, yani g\u00fcne\u015f y\u0131l\u0131na g\u00f6re bir tam g\u00fcn kazanm\u0131\u015ft\u0131. K\u00f6pek y\u0131ld\u0131z\u0131 Sothis'in y\u00fckseli\u015fi, hatal\u0131 takvimin yeni y\u0131l g\u00fcn\u00fcnde de\u011fil, bir g\u00fcn sonra ger\u00e7ekle\u015fecekti.\n\nVe birbirini takip eden her d\u00f6rt y\u0131ll\u0131k d\u00f6nemde, y\u0131l\u0131n ger\u00e7ek ba\u015flang\u0131c\u0131n\u0131 belirleyen ve yine de tabii ki su bask\u0131n\u0131 ile \u00e7ak\u0131\u015fan g\u00fcne\u015f do\u011fu\u015fu g\u00fcn\u00fc, takvimden bir g\u00fcn daha geride kalacakt\u0131.\n\n120 y\u0131l boyunca koca bir ay kaybedilirdi; ve 480 y\u0131lda o kadar b\u00fcy\u00fck bir kayma olur ki, mevsimler tamamen yersiz olur; takvimin tohum zaman\u0131 olarak kaydetti\u011fi \u015feye kar\u015f\u0131l\u0131k gelen ger\u00e7ek su bask\u0131n\u0131 zaman\u0131 ve takvimin hasat zaman\u0131na kar\u015f\u0131l\u0131k gelir.\n\n\u0130lk ba\u015fta bunun \u00e7ok garip ve kafa kar\u0131\u015ft\u0131r\u0131c\u0131 g\u00f6r\u00fcnd\u00fc\u011f\u00fcn\u00fc d\u00fc\u015f\u00fcnd\u00fcm, ancak b\u00fcy\u00fck olas\u0131l\u0131kla etkiler ger\u00e7ek uygulamada hi\u00e7 bu kadar fazla de\u011fildi. Aylar ve g\u00fcnler itibariyle mevsim adlar\u0131n\u0131n \u00e7o\u011fumuzun zihninde tamamen geleneksel bir anlam kazand\u0131\u011f\u0131n\u0131 bilmek i\u00e7in kendi deneyimlerimizden \u00f6teye gitmemize gerek yoktur.\n\n\u00d6yleyse, kendi takvimimiz o kadar kusurlu olsayd\u0131 ki, 120 y\u0131l boyunca \u015eubat ay\u0131 ilk Ocak ay\u0131 konumuna geri kaym\u0131\u015f olsayd\u0131, de\u011fi\u015fiklik o kadar kademeli olurdu ki, iki ya da daha fazla ya\u015fam s\u00fcresini kapsayabilirdi. ortalama d\u00f6rt ya da be\u015f nesil, genel g\u00f6zlemden pekala ka\u00e7abilir."},"primaryImageOfPage":{"@id":"https:\/\/bestessayhomework.com\/tr\/serif-edebiyat-alaninda-tez-yaptirma-edebiyat-tez-yaptirma-ucretleri-edebiyat-odevleri-edebiyat-odev-ucretleri\/#mainImage"},"datePublished":"2022-01-24T13:51:12+03:00","dateModified":"2022-01-24T13:51:12+03:00"},{"@type":"WebSite","@id":"https:\/\/bestessayhomework.com\/tr\/#website","url":"https:\/\/bestessayhomework.com\/tr\/","name":"En \u0130yi Essay","description":"bestessayhomework@gmail.com - Bize Mail Kanal\u0131m\u0131zdan veya sa\u011f alt k\u00f6\u015fedeki Whatsapp tu\u015fundan Ula\u015f\u0131n - 0 (312) 276 75 93 -Essay Yapt\u0131rma, Essay Yazd\u0131rma, Parayla Essay Yazd\u0131rma, Parayla Essay Yapt\u0131rma, \u00dccretli Essay, \u00dccretli Essay Yapt\u0131rma, Profesyonel Essay Yapt\u0131rma,   Essay Projesi Yapt\u0131r, Essay \u00d6dev Yard\u0131m\u0131 Al, Essay D\u00fczenleme, Essay Projesi Yapt\u0131r,   Essay Sepeti, Essay Fiyat Teklifi Al, Essay Dan\u0131\u015fmanl\u0131k, Essay Ar\u015fivleri, Essay Kategorisi,   Essay Yazd\u0131rmak, Essay Yazd\u0131rma \u00dccreti, Essay Sunum, Essay \u00c7eviri, Essay Yazd\u0131rma \u00dccreti,   \u00dccretli Essay Yazd\u0131rma, Essay Yazd\u0131rma Siteleri, Parayla Essay Yazma, \u00d6dev Yazd\u0131rma, Essay Yazd\u0131rmak \u0130stiyorum,   Research Paper Yazd\u0131rmak, Argumentative Essay Topics, Cause Effect Essay \u00d6rnekleri, Classification Essay, Essay \u00c7e\u015fitleri,   Essay Rehberi, Opinion Essay Examples, Makale Yazd\u0131rma, Kompozisyon Yazd\u0131rma, Parayla Makale Yazd\u0131rma,   Parayla Kompozisyon Yazd\u0131rma, \u00dccretli Makale, \u00dccretli Kompozisyon, Profesyonel Makale Yapt\u0131rma, Profesyonel Kompozisyon Yapt\u0131rma,   Makale Projesi Yapt\u0131r, Makale \u00d6dev Yard\u0131m\u0131 Al, Makale D\u00fczenleme, Makale Projesi Yapt\u0131r, Makale Sepeti,   Makale Fiyat Teklifi Al, Makale Dan\u0131\u015fmanl\u0131k, Makale Ar\u015fivleri, Makale Kategorisi, Makale Yazd\u0131rmak, Makale Yazd\u0131rma \u00dccreti,   Makale Sunum, Makale \u00c7eviri, Makale Yazd\u0131rma \u00dccreti, \u00dccretli Makale Yazd\u0131rma, Makale Yazd\u0131rma Siteleri, Parayla Makale Yazma, Makale Sepeti,  Makale Yazd\u0131rmak \u0130stiyorum, \u00d6dev Dan\u0131\u015fmanl\u0131\u011f\u0131, \u00d6dev Yapt\u0131rma, Tez Yazd\u0131rma, Makale YAZDIRMA siteleri, Parayla makale YAZDIRMA, Seo makale fiyatlar\u0131, Sayfa ba\u015f\u0131 yaz\u0131 yazma \u00fccreti, \u0130ngilizce makale yazd\u0131rma, Akademik makale YAZDIRMA, Makale Fiyatlar\u0131 2022, Makale yazma, Blog Yazd\u0131rma, Blog Yazd\u0131rmak \u0130stiyorum, Essay yazma Uygulamas\u0131, Essay Yazma sitesi, \u0130ngilizce metin yazma sitesi, Writing yazma sitesi, Essay d\u00fczeltici, Essay Kontrol ettirme, Gramer kontrol, \u0130ngilizce Gramer d\u00fczeltme uygulamas\u0131, \u0130ngilizce c\u00fcmle d\u00fczeltme sitesi, Essay kontrol siteleri, Tez Yapt\u0131rma, Seo Uyumlu Blog Yapt\u0131rma","inLanguage":"tr-TR","publisher":{"@id":"https:\/\/bestessayhomework.com\/tr\/#organization"}}]},"og:locale":"tr_TR","og:site_name":"En \u0130yi Essay | bestessayhomework@gmail.com - Bize Mail Kanal\u0131m\u0131zdan veya sa\u011f alt k\u00f6\u015fedeki Whatsapp tu\u015fundan Ula\u015f\u0131n - 0 (312) 276 75 93 -Essay Yapt\u0131rma, Essay Yazd\u0131rma, Parayla Essay Yazd\u0131rma, Parayla Essay Yapt\u0131rma, \u00dccretli Essay, \u00dccretli Essay Yapt\u0131rma, Profesyonel Essay Yapt\u0131rma,   Essay Projesi Yapt\u0131r, Essay \u00d6dev Yard\u0131m\u0131 Al, Essay D\u00fczenleme, Essay Projesi Yapt\u0131r,   Essay Sepeti, Essay Fiyat Teklifi Al, Essay Dan\u0131\u015fmanl\u0131k, Essay Ar\u015fivleri, Essay Kategorisi,   Essay Yazd\u0131rmak, Essay Yazd\u0131rma \u00dccreti, Essay Sunum, Essay \u00c7eviri, Essay Yazd\u0131rma \u00dccreti,   \u00dccretli Essay Yazd\u0131rma, Essay Yazd\u0131rma Siteleri, Parayla Essay Yazma, \u00d6dev Yazd\u0131rma, Essay Yazd\u0131rmak \u0130stiyorum,   Research Paper Yazd\u0131rmak, Argumentative Essay Topics, Cause Effect Essay \u00d6rnekleri, Classification Essay, Essay \u00c7e\u015fitleri,   Essay Rehberi, Opinion Essay Examples, Makale Yazd\u0131rma, Kompozisyon Yazd\u0131rma, Parayla Makale Yazd\u0131rma,   Parayla Kompozisyon Yazd\u0131rma, \u00dccretli Makale, \u00dccretli Kompozisyon, Profesyonel Makale Yapt\u0131rma, Profesyonel Kompozisyon Yapt\u0131rma,   Makale Projesi Yapt\u0131r, Makale \u00d6dev Yard\u0131m\u0131 Al, Makale D\u00fczenleme, Makale Projesi Yapt\u0131r, Makale Sepeti,   Makale Fiyat Teklifi Al, Makale Dan\u0131\u015fmanl\u0131k, Makale Ar\u015fivleri, Makale Kategorisi, Makale Yazd\u0131rmak, Makale Yazd\u0131rma \u00dccreti,   Makale Sunum, Makale \u00c7eviri, Makale Yazd\u0131rma \u00dccreti, \u00dccretli Makale Yazd\u0131rma, Makale Yazd\u0131rma Siteleri, Parayla Makale Yazma, Makale Sepeti,  Makale Yazd\u0131rmak \u0130stiyorum, \u00d6dev Dan\u0131\u015fmanl\u0131\u011f\u0131, \u00d6dev Yapt\u0131rma, Tez Yazd\u0131rma, Makale YAZDIRMA siteleri, Parayla makale YAZDIRMA, Seo makale fiyatlar\u0131, Sayfa ba\u015f\u0131 yaz\u0131 yazma \u00fccreti, \u0130ngilizce makale yazd\u0131rma, Akademik makale YAZDIRMA, Makale Fiyatlar\u0131 2022, Makale yazma, Blog Yazd\u0131rma, Blog Yazd\u0131rmak \u0130stiyorum, Essay yazma Uygulamas\u0131, Essay Yazma sitesi, \u0130ngilizce metin yazma sitesi, Writing yazma sitesi, Essay d\u00fczeltici, Essay Kontrol ettirme, Gramer kontrol, \u0130ngilizce Gramer d\u00fczeltme uygulamas\u0131, \u0130ngilizce c\u00fcmle d\u00fczeltme sitesi, Essay kontrol siteleri, Tez Yapt\u0131rma, Seo Uyumlu Blog Yapt\u0131rma","og:type":"article","og:title":"\u015eerif \u2013 Edebiyat Alan\u0131nda Tez Yapt\u0131rma \u2013 Edebiyat Tez Yapt\u0131rma \u00dccretleri \u2013 Edebiyat \u00d6devleri \u2013 Edebiyat \u00d6dev \u00dccretleri | En \u0130yi Essay","og:description":"\u015eerif \u0130bn \u0130yas, Sultan \u0120avr\u012b'nin Halep'te vefat\u0131ndan sonra bu \u00fc\u00e7\u00fcn\u00fcn d\u00fc\u015fman\u0131 Osmanl\u0131 Padi\u015fah\u0131 I. Selim'in l\u00fctfunu kazanmaya \u00e7al\u0131\u015ft\u0131klar\u0131n\u0131 \u00e7ok olumsuz de\u011ferlendirdi. Husayn b. 1505'ten itibaren d\u00fczenli olarak yap\u0131lan ve sadece din alimlerinin de\u011fil, \u00f6rne\u011fin K\u0131c\u0131zzade gibi m\u00fczisyenlerin de kat\u0131ld\u0131\u011f\u0131 ve \u201cher dilde\u201d okudu\u011fu toplant\u0131lar\u0131 anlatan Muhammed el-H\u00fcseyn\u00ee, elbette daha da fazla biyografik malzeme g\u00fcn \u0131\u015f\u0131\u011f\u0131na","og:url":"https:\/\/bestessayhomework.com\/tr\/serif-edebiyat-alaninda-tez-yaptirma-edebiyat-tez-yaptirma-ucretleri-edebiyat-odevleri-edebiyat-odev-ucretleri\/","og:image":"https:\/\/bestessayhomework.com\/tr\/wp-content\/uploads\/2024\/03\/10.webp","og:image:secure_url":"https:\/\/bestessayhomework.com\/tr\/wp-content\/uploads\/2024\/03\/10.webp","og:image:width":1280,"og:image:height":720,"article:published_time":"2022-01-24T10:51:12+00:00","article:modified_time":"2022-01-24T10:51:12+00:00","twitter:card":"summary_large_image","twitter:title":"\u015eerif \u2013 Edebiyat Alan\u0131nda Tez Yapt\u0131rma \u2013 Edebiyat Tez Yapt\u0131rma \u00dccretleri \u2013 Edebiyat \u00d6devleri \u2013 Edebiyat \u00d6dev \u00dccretleri | En \u0130yi Essay","twitter:description":"\u015eerif \u0130bn \u0130yas, Sultan \u0120avr\u012b'nin Halep'te vefat\u0131ndan sonra bu \u00fc\u00e7\u00fcn\u00fcn d\u00fc\u015fman\u0131 Osmanl\u0131 Padi\u015fah\u0131 I. Selim'in l\u00fctfunu kazanmaya \u00e7al\u0131\u015ft\u0131klar\u0131n\u0131 \u00e7ok olumsuz de\u011ferlendirdi. Husayn b. 1505'ten itibaren d\u00fczenli olarak yap\u0131lan ve sadece din alimlerinin de\u011fil, \u00f6rne\u011fin K\u0131c\u0131zzade gibi m\u00fczisyenlerin de kat\u0131ld\u0131\u011f\u0131 ve \u201cher dilde\u201d okudu\u011fu toplant\u0131lar\u0131 anlatan Muhammed el-H\u00fcseyn\u00ee, elbette daha da fazla biyografik malzeme g\u00fcn \u0131\u015f\u0131\u011f\u0131na","twitter:image":"https:\/\/bestessayhomework.com\/tr\/wp-content\/uploads\/2024\/03\/10.webp"},"aioseo_meta_data":{"post_id":"8568","title":null,"description":null,"keywords":null,"keyphrases":null,"primary_term":null,"canonical_url":null,"og_title":null,"og_description":null,"og_object_type":"default","og_image_type":"default","og_image_url":null,"og_image_width":null,"og_image_height":null,"og_image_custom_url":null,"og_image_custom_fields":null,"og_video":null,"og_custom_url":null,"og_article_section":null,"og_article_tags":null,"twitter_use_og":false,"twitter_card":"default","twitter_image_type":"default","twitter_image_url":null,"twitter_image_custom_url":null,"twitter_image_custom_fields":null,"twitter_title":null,"twitter_description":null,"schema":{"blockGraphs":[],"customGraphs":[],"default":{"data":{"Article":[],"Course":[],"Dataset":[],"FAQPage":[],"Movie":[],"Person":[],"Product":[],"ProductReview":[],"Car":[],"Recipe":[],"Service":[],"SoftwareApplication":[],"WebPage":[]},"graphName":"","isEnabled":true},"graphs":[]},"schema_type":"default","schema_type_options":null,"pillar_content":false,"robots_default":true,"robots_noindex":false,"robots_noarchive":false,"robots_nosnippet":false,"robots_nofollow":false,"robots_noimageindex":false,"robots_noodp":false,"robots_notranslate":false,"robots_max_snippet":null,"robots_max_videopreview":null,"robots_max_imagepreview":"large","priority":null,"frequency":null,"local_seo":null,"seo_analyzer_scan_date":null,"breadcrumb_settings":null,"limit_modified_date":false,"reviewed_by":null,"open_ai":null,"ai":null,"created":"2024-11-01 20:26:55","updated":"2025-06-03 20:17:29"},"aioseo_breadcrumb":"<div class=\"aioseo-breadcrumbs\"><span class=\"aioseo-breadcrumb\">\n\t<a href=\"https:\/\/bestessayhomework.com\/tr\" title=\"Ev\">Ev<\/a>\n<\/span><span class=\"aioseo-breadcrumb-separator\">&raquo;<\/span><span class=\"aioseo-breadcrumb\">\n\t<a href=\"https:\/\/bestessayhomework.com\/tr\/category\/edebiyat-tarihi-kitaplarinda-asagidakilerden-hangisi-bulunmaz\/\" title=\"Edebiyat tarihi kitaplar\u0131nda a\u015fa\u011f\u0131dakilerden hangisi bulunmaz\">Edebiyat tarihi kitaplar\u0131nda a\u015fa\u011f\u0131dakilerden hangisi bulunmaz<\/a>\n<\/span><span class=\"aioseo-breadcrumb-separator\">&raquo;<\/span><span class=\"aioseo-breadcrumb\">\n\t\u015eerif \u2013 Edebiyat Alan\u0131nda Tez Yapt\u0131rma \u2013 Edebiyat Tez Yapt\u0131rma \u00dccretleri \u2013 Edebiyat \u00d6devleri \u2013 Edebiyat \u00d6dev \u00dccretleri\n<\/span><\/div>","aioseo_breadcrumb_json":[{"label":"Ev","link":"https:\/\/bestessayhomework.com\/tr"},{"label":"Edebiyat tarihi kitaplar\u0131nda a\u015fa\u011f\u0131dakilerden hangisi bulunmaz","link":"https:\/\/bestessayhomework.com\/tr\/category\/edebiyat-tarihi-kitaplarinda-asagidakilerden-hangisi-bulunmaz\/"},{"label":"\u015eerif \u2013 Edebiyat Alan\u0131nda Tez Yapt\u0131rma \u2013 Edebiyat Tez Yapt\u0131rma \u00dccretleri \u2013 Edebiyat \u00d6devleri \u2013 Edebiyat \u00d6dev \u00dccretleri","link":"https:\/\/bestessayhomework.com\/tr\/serif-edebiyat-alaninda-tez-yaptirma-edebiyat-tez-yaptirma-ucretleri-edebiyat-odevleri-edebiyat-odev-ucretleri\/"}],"_links":{"self":[{"href":"https:\/\/bestessayhomework.com\/tr\/wp-json\/wp\/v2\/posts\/8568","targetHints":{"allow":["GET"]}}],"collection":[{"href":"https:\/\/bestessayhomework.com\/tr\/wp-json\/wp\/v2\/posts"}],"about":[{"href":"https:\/\/bestessayhomework.com\/tr\/wp-json\/wp\/v2\/types\/post"}],"author":[{"embeddable":true,"href":"https:\/\/bestessayhomework.com\/tr\/wp-json\/wp\/v2\/users\/6"}],"replies":[{"embeddable":true,"href":"https:\/\/bestessayhomework.com\/tr\/wp-json\/wp\/v2\/comments?post=8568"}],"version-history":[{"count":0,"href":"https:\/\/bestessayhomework.com\/tr\/wp-json\/wp\/v2\/posts\/8568\/revisions"}],"wp:featuredmedia":[{"embeddable":true,"href":"https:\/\/bestessayhomework.com\/tr\/wp-json\/wp\/v2\/media\/8397"}],"wp:attachment":[{"href":"https:\/\/bestessayhomework.com\/tr\/wp-json\/wp\/v2\/media?parent=8568"}],"wp:term":[{"taxonomy":"category","embeddable":true,"href":"https:\/\/bestessayhomework.com\/tr\/wp-json\/wp\/v2\/categories?post=8568"},{"taxonomy":"post_tag","embeddable":true,"href":"https:\/\/bestessayhomework.com\/tr\/wp-json\/wp\/v2\/tags?post=8568"}],"curies":[{"name":"wp","href":"https:\/\/api.w.org\/{rel}","templated":true}]}}