{"id":8660,"date":"2022-01-30T17:30:37","date_gmt":"2022-01-30T14:30:37","guid":{"rendered":"https:\/\/bestessayhomework.com\/tr\/?p=8660"},"modified":"2022-01-30T17:30:37","modified_gmt":"2022-01-30T14:30:37","slug":"alfabenin-degistigi-gunlerde-edebiyat-edebiyat-alaninda-tez-yaptirma-edebiyat-tez-yaptirma-ucretleri-edebiyat-odevleri-edebiyat-odev-ucretleri","status":"publish","type":"post","link":"https:\/\/bestessayhomework.com\/tr\/alfabenin-degistigi-gunlerde-edebiyat-edebiyat-alaninda-tez-yaptirma-edebiyat-tez-yaptirma-ucretleri-edebiyat-odevleri-edebiyat-odev-ucretleri\/","title":{"rendered":"Alfabenin De\u011fi\u015fti\u011fi G\u00fcnlerde Edebiyat \u2013 Edebiyat Alan\u0131nda Tez Yapt\u0131rma \u2013 Edebiyat Tez Yapt\u0131rma \u00dccretleri \u2013 Edebiyat \u00d6devleri \u2013 Edebiyat \u00d6dev \u00dccretleri"},"content":{"rendered":"<h3 style=\"text-align: center\"><strong><span style=\"color: #0000ff;font-family: 'times new roman', times, serif\">Alfabenin De\u011fi\u015fti\u011fi G\u00fcnlerde Edebiyat<\/span><\/strong><\/h3>\n<p style=\"text-align: justify\"><span style=\"color: #000000;font-family: 'times new roman', times, serif\">1927 ve 1928 aras\u0131nda hemen hemen t\u00fcm T\u00fcrkler, birka\u00e7 istisna d\u0131\u015f\u0131nda ve sonunda \u00e7e\u015fitli uyarlanm\u0131\u015f bi\u00e7imlerde, birka\u00e7 y\u00fczy\u0131l boyunca kulland\u0131klar\u0131 Arap alfabesinden vazge\u00e7tiler. 1927 ve 1928&#8217;de Sovyetler Birli\u011fi&#8217;ndeki T\u00fcrklerin neredeyse tamam\u0131, 1938-1940&#8217;a kadar kullan\u0131mda kalacak olan Latin alfabesini kabul ettikten sonra, T\u00fcrkiye de bu durumda kal\u0131c\u0131 olacak ve ellinci y\u0131l d\u00f6n\u00fcm\u00fc olan ayn\u0131 ad\u0131m\u0131 att\u0131. asl\u0131nda 1978&#8217;de kutland\u0131.<\/span><\/p>\n<p style=\"text-align: justify\"><span style=\"color: #000000;font-family: 'times new roman', times, serif\">T\u00fcrkiye Cumhuriyeti&#8217;nde, Yaz\u0131 Devrimi&#8217;nin (Harf \u0130nkilab\u0131, daha sonra Harf Devrimi) oldu\u011fu y\u0131lda, Osmanl\u0131 \u0130slam miras\u0131ndan kopu\u015f zaten olduk\u00e7a ilerlemi\u015fti. 1928&#8217;in ba\u015f\u0131nda uluslararas\u0131 kullan\u0131mdaki rakamlar kabul edildi. Yine ayn\u0131 y\u0131l alfabe de\u011fi\u015fikli\u011fi, bat\u0131l\u0131la\u015fmay\u0131 ve moderniteyi te\u015fvik etmeyi ama\u00e7layan bu \u00f6nlemlerin doruk noktas\u0131 olacakt\u0131.<\/span><\/p>\n<p style=\"text-align: justify\"><span style=\"color: #000000;font-family: 'times new roman', times, serif\">\u00dclkedeki durum bu radikal m\u00fcdahale i\u00e7in elveri\u015fliydi. K\u0131sa s\u00fcre \u00f6nce faaliyetlerine ara veren \u0130stiklal Mahkemeleri&#8217;nin cayd\u0131r\u0131c\u0131 etkisi hissedilmeye devam ederken, Takrir-i S\u00fck\u00fbn Kanunu da bas\u0131n\u0131n s\u0131k\u0131 bir denetime tabi tutulmas\u0131na izin verdi.\u00a0<\/span><\/p>\n<p style=\"text-align: justify\"><span style=\"color: #000000;font-family: 'times new roman', times, serif\">1925&#8217;ten bu yana ya\u015fanan siyasi olaylar, edebiyatta var olan \u00e7at\u0131\u015fmalar\u0131 alevlendirdi; Baz\u0131 yazarlar g\u00f6n\u00fcll\u00fc veya zorunlu olarak \u00fclkeyi terk ederken, daha bir\u00e7ok yazar Mustafa Kemal&#8217;in milli m\u00fccadelesini desteklemek i\u00e7in \u00f6ne \u00e7\u0131kt\u0131. Dolay\u0131s\u0131yla alfabe de\u011fi\u015fikli\u011finin arifesinde T\u00fcrk edebiyat\u0131nda belirleyici bir ak\u0131ma i\u015faret etmek kolay de\u011fildir.<\/span><\/p>\n<p style=\"text-align: justify\"><span style=\"color: #000000;font-family: 'times new roman', times, serif\">Birinci Cumhuriyet&#8217;in devrimci \u00f6nlemleri, de\u011fi\u015fimin etkisinin \u015fiirde ve kurmacada ayn\u0131 olmad\u0131\u011f\u0131 ger\u00e7e\u011fini gizlememelidir. Kurguda eski \u00e7a\u011fdan yeni \u00e7a\u011fa ge\u00e7i\u015f daha az ani olmu\u015ftur. Burada ge\u00e7mi\u015f h\u00e2l\u00e2 mevcut g\u00f6r\u00fcn\u00fcyordu; birka\u00e7 nesli temsil eden ya\u015fayan yazarlar\u0131n \u00fcretimini kaps\u0131yordu.<\/span><\/p>\n<p style=\"text-align: justify\"><span style=\"color: #000000;font-family: 'times new roman', times, serif\">On d\u00f6rt milyon T\u00fcrk&#8217;\u00fcn k\u0131rsal kesiminde ya\u015fayanlar hi\u00e7 okur kitlesi olu\u015fturmuyordu; e\u011fitimli az\u0131nl\u0131k (y\u00fczde sekiz ila on), eserleri h\u00e2l\u00e2 19. y\u00fczy\u0131l\u0131n, \u00f6zellikle de Sultan II. Abd\u00fclhamid&#8217;in bo\u011fucu d\u00f6neminin izlerini ta\u015f\u0131yan \u015fairlerine ve nesir yazarlar\u0131na de\u011fer veriyorlard\u0131.4 \u015eairler, 1908 J\u00f6n T\u00fcrk Devrimi&#8217;ni co\u015fkuyla kar\u015f\u0131lam\u0131\u015f ve \u00f6yle ya da b\u00f6yle kat\u0131lm\u0131\u015ft\u0131.<\/span><\/p>\n<p style=\"text-align: justify\"><span style=\"color: #000000;font-family: 'times new roman', times, serif\">Me\u015frutiyet&#8217;te, yani anayasal rejimin restorasyonunda, dil reformu en hayati konu olmu\u015ftu. Arap alfabesini reforme etme fikri de yeniden canland\u0131r\u0131lm\u0131\u015ft\u0131. Latin alfabesini benimseme fikri a\u00e7\u0131k\u00e7a savunulmaya ba\u015fland\u0131, ancak bu neredeyse evrensel bir muhalefetle kar\u015f\u0131la\u015ft\u0131.<\/span><\/p>\n<p style=\"text-align: justify\"><span style=\"color: #000000;font-family: 'times new roman', times, serif\">Cumhuriyet&#8217;teki alfabe de\u011fi\u015fikli\u011fi anlat\u0131ld\u0131 ve yeniden anlat\u0131ld\u0131; Latin harfleriyle fiili deneyler 1927&#8217;nin sonlar\u0131na do\u011fru ba\u015flad\u0131. Mustafa Kemal (Atat\u00fcrk) A\u011fustos 1928&#8217;de \u00fclke \u00e7ap\u0131nda bir seferberlik ba\u015flatt\u0131 ve 3 Kas\u0131m 1928&#8217;de Millet Meclisi yeni T\u00fcrk alfabesini kuran ve alfabenin kullan\u0131lmas\u0131n\u0131 yasaklayan yasay\u0131 kabul etti. Ayn\u0131 y\u0131l\u0131n 1 Aral\u0131k tarihinden sonra t\u00fcm kamu i\u015flerinde Arap yaz\u0131s\u0131. Latin alfabesinin kabul\u00fc, T\u00fcrk d\u00f6n\u00fc\u015f\u00fcm\u00fcn\u00fcn en kritik a\u015famas\u0131n\u0131n ba\u015flang\u0131c\u0131 oldu.<\/span><\/p>\n<hr \/>\n<p style=\"text-align: center\"><span style=\"color: #33cccc\"><a href=\"https:\/\/bestessayhomework.com\/tr\/\" target=\"_blank\" rel=\"noopener\">D\u00fcnya<\/a> alfabeleri<\/span><br \/>\n<span style=\"color: #33cccc\">Alfabe<\/span><br \/>\n<span style=\"color: #33cccc\">Alfabe de\u011fi\u015fikli\u011fi i\u00e7in ilk tart\u0131\u015fmalar hangi d\u00f6nemde yap\u0131lm\u0131\u015ft\u0131r<\/span><br \/>\n<span style=\"color: #33cccc\">T\u00fcrk alfabesinin Tarihi Geli\u015fimi<\/span><br \/>\n<span style=\"color: #33cccc\">D\u00fcnyadaki ilk alfabe<\/span><br \/>\n<span style=\"color: #33cccc\">Alfabenin Tarihsel Geli\u015fimi<\/span><br \/>\n<span style=\"color: #33cccc\">Alfabe de\u011fi\u015fiminde din hangi y\u00f6nde etkili olmu\u015ftur<\/span><br \/>\n<span style=\"color: #33cccc\">Latin alfabesi<\/span><\/p>\n<hr \/>\n<p style=\"text-align: justify\"><span style=\"color: #000000;font-family: 'times new roman', times, serif\">Bu de\u011fi\u015fimin etkisini hisseden toplumsal ya\u015fam\u0131n \u00e7e\u015fitli y\u00f6nleri aras\u0131nda edebiyat da vard\u0131. Edebiyat tarihi ve T\u00fcrkiye tarihi ara\u015ft\u0131rmalar\u0131nda genellikle edebi \u00fcretimdeki \u201cde\u011fi\u015fimin travmatik do\u011fas\u0131\u201d (Niyazi Berkes, \u015eapka Kanunu&#8217;na at\u0131fta bulunarak) okuryazarl\u0131\u011f\u0131n uygulanmas\u0131 ve edebiyat e\u011fitiminin uygulanmas\u0131 gibi di\u011fer y\u00f6nlerin g\u00f6lgesinde kalma e\u011filimindedir.\u00a0<\/span><\/p>\n<p style=\"text-align: justify\"><span style=\"color: #000000;font-family: 'times new roman', times, serif\">\u0130lk olarak, yaz\u0131n\u0131n tan\u0131t\u0131lmas\u0131 asl\u0131nda T\u00fcrk n\u00fcfusu aras\u0131nda okuryazarl\u0131\u011f\u0131 te\u015fvik etmeye hizmet etti; \u00e7o\u011fu okulu olmayan k\u0131rk bin k\u00f6yde okuma-yazma bilmeyen 12,4 milyondan fazla insan ya\u015f\u0131yordu. Senaryo de\u011fi\u015fikli\u011finin yard\u0131m\u0131yla okuryazarl\u0131\u011f\u0131n temel hedefine ula\u015fmak i\u00e7in ortak \u00e7abalar tart\u0131\u015fmas\u0131z bir ba\u015far\u0131ya sahiptir.<\/span><\/p>\n<p style=\"text-align: justify\"><span style=\"color: #000000;font-family: 'times new roman', times, serif\">Okul sisteminin iyile\u015ftirilmesi, zorunlu okula devam\u0131n tesis edilmesi ve yeti\u015fkin e\u011fitimine y\u00f6nelik derslerin dahil edilmesi ile kayda de\u011fer ba\u015far\u0131lar elde edilmi\u015ftir. Bilindi\u011fi gibi, okuryazarl\u0131k istatistikleri bug\u00fcn hala y\u00fcksek g\u00f6r\u00fcn\u00fcyorsa, bunun nedeni \u00fclkenin baz\u0131 b\u00f6lgelerinin \u00e7ok e\u015fit olmayan bir \u015fekilde geli\u015fmi\u015f olmas\u0131 ve do\u011fu illerinin okuma yazma bilmeyenlerin genel ortalamas\u0131n\u0131 art\u0131rmas\u0131d\u0131r.<\/span><\/p>\n<p style=\"text-align: justify\"><span style=\"color: #000000;font-family: 'times new roman', times, serif\">Yaz\u0131 devrimi, dil sorununun11 \u00f6nemini ortaya \u00e7\u0131kard\u0131 ve halihaz\u0131rda s\u00fcrmekte olan dil reformuna en g\u00fc\u00e7l\u00fc ivmeyi sa\u011flad\u0131; Osmanl\u0131ca, yeni yaz\u0131 ya\u015famazd\u0131: \u201cOsmanl\u0131 T\u00fcrk\u00e7esi yeni yaz\u0131yla ya\u015fayamazd\u0131.\u201d<\/span><\/p>\n<p style=\"text-align: justify\"><span style=\"color: #000000;font-family: 'times new roman', times, serif\">\u015eimdi dil reformu \u00e7al\u0131\u015fmalar\u0131 ciddi bir \u015fekilde ba\u015flad\u0131; Latin alfabesinin tan\u0131t\u0131m\u0131 i\u00e7in haz\u0131rl\u0131k yapan Harf Komisyonu, Dil Komisyonuna d\u00f6n\u00fc\u015ft\u00fcr\u00fclm\u00fc\u015f ve \u00f6nceki a\u015famalardan farkl\u0131 olarak, ilk \u0131l\u0131ml\u0131 ve \u00e7ok ba\u015far\u0131l\u0131 olmayan a\u015famas\u0131 1931&#8217;de sona eren devlet destekli dil reformu ba\u015flam\u0131\u015ft\u0131r. Komisyonun feshi ile. Radikal safl\u0131k14 a\u015famas\u0131na kadar dil safla\u015ft\u0131rmas\u0131n\u0131n daha da geli\u015ftirilmesi, bu geli\u015fimin edebiyat \u00fczerindeki \u00e7e\u015fitli etkilerinden \u00e7ok daha ayr\u0131nt\u0131l\u0131 olarak incelenmi\u015ftir.<\/span><\/p>\n<p style=\"text-align: justify\"><span style=\"color: #000000;font-family: 'times new roman', times, serif\">Daha \u00f6nceki laik yasalar gibi, Arap yaz\u0131s\u0131n\u0131n kald\u0131r\u0131lmas\u0131 da M\u00fcsl\u00fcman n\u00fcfusta belirli bir miktarda tiksinti ve d\u00fc\u015fmanl\u0131k yaratt\u0131. Neredeyse tamam\u0131 gazetelerden uzak tutuldu. A\u011fustos 1928&#8217;de Karadeniz k\u0131y\u0131s\u0131nda ola\u011fan\u00fcst\u00fc bir kar ya\u011f\u0131\u015f\u0131 ile so\u011fuk bir b\u00fcy\u00fc, Trabzon&#8217;un dindar M\u00fcsl\u00fcmanlar\u0131na, Kuran&#8217;\u0131n kutsal alfabesini terk ettikleri i\u00e7in Tanr\u0131&#8217;n\u0131n gazab\u0131n\u0131n bir i\u015fareti olarak g\u00f6r\u00fcnd\u00fc\u011f\u00fcnde ve camilere ak\u0131n etti\u011finde, bir Amerikan gazetesi, T\u00fcrk makamlar\u0131 harekete ge\u00e7iyor, oysa alfabe de\u011fi\u015fikli\u011fine ili\u015fkin kanun ancak 3 Kas\u0131m 1928&#8217;de y\u00fcr\u00fcrl\u00fc\u011fe girdi.<\/span><\/p>\n<p style=\"text-align: justify\"><span style=\"color: #000000;font-family: 'times new roman', times, serif\">Ocak 1928&#8217;de gazetelerde, yeni yaz\u0131n\u0131n dine zarar verece\u011fini ileri s\u00fcrerek halk\u0131 k\u0131\u015fk\u0131rtmaya \u00e7al\u0131\u015fan baz\u0131 ki\u015filerin Sivas&#8217;ta tutukland\u0131\u011f\u0131na dair bir haber \u00e7\u0131kt\u0131. Ard\u0131ndan gelen resmi yalanlamalar ve sorumlu edit\u00f6r hakk\u0131nda a\u00e7\u0131lan davalar, Takrir-i \u015e\u00fck\u00fbn&#8217;un son aylar\u0131na biraz \u0131\u015f\u0131k tuttu.<\/span><\/p>\n<p style=\"text-align: justify\"><span style=\"color: #000000;font-family: 'times new roman', times, serif\">\u0130stanbul&#8217;un kap\u0131c\u0131lar\u0131, hamallar\u0131 ve bah\u00e7\u0131vanlar\u0131n\u0131n bu ve di\u011fer reformlara g\u00f6sterdi\u011fi ho\u015fg\u00f6r\u00fc, yeni rejimin zaten ge\u00e7ici oldu\u011fu inanc\u0131na dayan\u0131yor gibiydi. Ba\u011f\u0131ms\u0131z eylemlerin n\u00fcfusun yaln\u0131zca bir k\u0131sm\u0131ndan kaynakland\u0131\u011f\u0131n\u0131 ve k\u00f6yl\u00fclerin \u201ckafir yaz\u0131s\u0131na\u201d kar\u015f\u0131 homurdanmas\u0131n\u0131n etkisiz kald\u0131\u011f\u0131n\u0131 varsayarsak, de\u011fi\u015fim tam bir ba\u015far\u0131 olarak tan\u0131mlanabilir. Bu, Mustafa Kemal&#8217;in ki\u015fisel ba\u011fl\u0131l\u0131\u011f\u0131n\u0131n yan\u0131 s\u0131ra, onu tebe\u015fir ve karatahtayla k\u0131rlara kadar takip eden \u015fehirli entelijansiyan\u0131n \u015fevkine bor\u00e7luydu.<\/span><\/p>\n<p style=\"text-align: justify\"><span style=\"color: #000000;font-family: 'times new roman', times, serif\">Yabanc\u0131 g\u00f6zlemcilerin de belirtti\u011fi gibi, yeni alfabeye en \u00e7abuk al\u0131\u015fanlar, daha \u00f6nce okuma yazma bilmeyenler ve \u201cyar\u0131 e\u011fitimli kitle\u201d oldu. S\u0131radan insanlar art\u0131k bir gazetenin s\u00f6zlerini heceleyebileceklerinden memnun g\u00f6r\u00fcn\u00fcyordu ve be\u015f y\u0131l sonra yaz\u0131lan bir oyunda b\u00fct\u00fcn bir k\u00f6y yeni harfleri hevesle \u00f6\u011freniyor; iki ayl\u0131k okuma al\u0131\u015ft\u0131rmalar\u0131ndan sonra ya\u015fl\u0131 s\u00fctanne bile Gazi hakk\u0131nda bir kitap okuyabilir. Yazma s\u0131ras\u0131nda (1981), literat\u00fcrde alfabe de\u011fi\u015fikli\u011finin ba\u015fka hi\u00e7bir tedavisi bilgime ula\u015fmam\u0131\u015ft\u0131.<\/span><\/p>\n","protected":false},"excerpt":{"rendered":"<p>Alfabenin De\u011fi\u015fti\u011fi G\u00fcnlerde Edebiyat 1927 ve 1928 aras\u0131nda hemen hemen t\u00fcm T\u00fcrkler, birka\u00e7 istisna d\u0131\u015f\u0131nda ve sonunda \u00e7e\u015fitli uyarlanm\u0131\u015f bi\u00e7imlerde, birka\u00e7 y\u00fczy\u0131l boyunca kulland\u0131klar\u0131 Arap alfabesinden vazge\u00e7tiler. 1927 ve 1928&#8217;de Sovyetler Birli\u011fi&#8217;ndeki T\u00fcrklerin neredeyse tamam\u0131, 1938-1940&#8217;a kadar kullan\u0131mda kalacak olan Latin alfabesini kabul ettikten sonra, T\u00fcrkiye de bu durumda kal\u0131c\u0131 olacak ve ellinci y\u0131l d\u00f6n\u00fcm\u00fc&hellip; <br \/> <a class=\"button small blue\" href=\"https:\/\/bestessayhomework.com\/tr\/alfabenin-degistigi-gunlerde-edebiyat-edebiyat-alaninda-tez-yaptirma-edebiyat-tez-yaptirma-ucretleri-edebiyat-odevleri-edebiyat-odev-ucretleri\/\">Devam\u0131<\/a><\/p>\n","protected":false},"author":6,"featured_media":8397,"comment_status":"closed","ping_status":"closed","sticky":false,"template":"","format":"standard","meta":{"om_disable_all_campaigns":false,"_monsterinsights_skip_tracking":false,"_monsterinsights_sitenote_active":false,"_monsterinsights_sitenote_note":"","_monsterinsights_sitenote_category":0,"footnotes":""},"categories":[18904,18907,18906,18905],"tags":[18909,18910,18914,18913,18908,18912,18915,18911],"class_list":["post-8660","post","type-post","status-publish","format-standard","has-post-thumbnail","hentry","category-alfabe-degisikligi-icin-ilk-tartismalar-hangi-donemde-yapilmistir","category-alfabe-degisiminde-din-hangi-yonde-etkili-olmustur","category-alfabenin-tarihsel-gelisimi","category-turk-alfabesinin-tarihi-gelisimi","tag-alfabe","tag-alfabe-degisikligi-icin-ilk-tartismalar-hangi-donemde-yapilmistir","tag-alfabe-degisiminde-din-hangi-yonde-etkili-olmustur","tag-alfabenin-tarihsel-gelisimi","tag-dunya-alfabeleri","tag-dunyadaki-ilk-alfabe","tag-latin-alfabesi","tag-turk-alfabesinin-tarihi-gelisimi"],"aioseo_notices":[],"aioseo_head":"\n\t\t<!-- All in One SEO Pro 4.9.4.2 - aioseo.com -->\n\t<meta name=\"description\" content=\"Alfabenin De\u011fi\u015fti\u011fi G\u00fcnlerde Edebiyat 1927 ve 1928 aras\u0131nda hemen hemen t\u00fcm T\u00fcrkler, birka\u00e7 istisna d\u0131\u015f\u0131nda ve sonunda \u00e7e\u015fitli uyarlanm\u0131\u015f bi\u00e7imlerde, birka\u00e7 y\u00fczy\u0131l boyunca kulland\u0131klar\u0131 Arap alfabesinden vazge\u00e7tiler. 1927 ve 1928&#039;de Sovyetler Birli\u011fi&#039;ndeki T\u00fcrklerin neredeyse tamam\u0131, 1938-1940&#039;a kadar kullan\u0131mda kalacak olan Latin alfabesini kabul ettikten sonra, T\u00fcrkiye de bu durumda kal\u0131c\u0131 olacak ve ellinci y\u0131l d\u00f6n\u00fcm\u00fc\" \/>\n\t<meta name=\"robots\" content=\"max-image-preview:large\" \/>\n\t<meta name=\"author\" content=\"terc\u00fcman terc\u00fcman\"\/>\n\t<meta name=\"google-site-verification\" content=\"_Do0m5hW5EZGn6W1I0rvGqv6s_5Fr6nHI8Uj9qTWHMM\" \/>\n\t<meta name=\"keywords\" content=\"alfabe,alfabe de\u011fi\u015fikli\u011fi i\u00e7in ilk tart\u0131\u015fmalar hangi d\u00f6nemde yap\u0131lm\u0131\u015ft\u0131r,alfabe de\u011fi\u015fiminde din hangi y\u00f6nde etkili olmu\u015ftur,alfabenin tarihsel geli\u015fimi,d\u00fcnya alfabeleri,d\u00fcnyadaki ilk alfabe,latin alfabesi,t\u00fcrk alfabesinin tarihi geli\u015fimi\" \/>\n\t<link rel=\"canonical\" href=\"https:\/\/bestessayhomework.com\/tr\/alfabenin-degistigi-gunlerde-edebiyat-edebiyat-alaninda-tez-yaptirma-edebiyat-tez-yaptirma-ucretleri-edebiyat-odevleri-edebiyat-odev-ucretleri\/\" \/>\n\t<meta name=\"generator\" content=\"All in One SEO Pro (AIOSEO) 4.9.4.2\" \/>\n\t\t<meta property=\"og:locale\" content=\"tr_TR\" \/>\n\t\t<meta property=\"og:site_name\" content=\"En \u0130yi Essay | bestessayhomework@gmail.com - Bize Mail Kanal\u0131m\u0131zdan veya sa\u011f alt k\u00f6\u015fedeki Whatsapp tu\u015fundan Ula\u015f\u0131n - 0 (312) 276 75 93 -Essay Yapt\u0131rma, Essay Yazd\u0131rma, Parayla Essay Yazd\u0131rma, Parayla Essay Yapt\u0131rma, \u00dccretli Essay, \u00dccretli Essay Yapt\u0131rma, Profesyonel Essay Yapt\u0131rma,   Essay Projesi Yapt\u0131r, Essay \u00d6dev Yard\u0131m\u0131 Al, Essay D\u00fczenleme, Essay Projesi Yapt\u0131r,   Essay Sepeti, Essay Fiyat Teklifi Al, Essay Dan\u0131\u015fmanl\u0131k, Essay Ar\u015fivleri, Essay Kategorisi,   Essay Yazd\u0131rmak, Essay Yazd\u0131rma \u00dccreti, Essay Sunum, Essay \u00c7eviri, Essay Yazd\u0131rma \u00dccreti,   \u00dccretli Essay Yazd\u0131rma, Essay Yazd\u0131rma Siteleri, Parayla Essay Yazma, \u00d6dev Yazd\u0131rma, Essay Yazd\u0131rmak \u0130stiyorum,   Research Paper Yazd\u0131rmak, Argumentative Essay Topics, Cause Effect Essay \u00d6rnekleri, Classification Essay, Essay \u00c7e\u015fitleri,   Essay Rehberi, Opinion Essay Examples, Makale Yazd\u0131rma, Kompozisyon Yazd\u0131rma, Parayla Makale Yazd\u0131rma,   Parayla Kompozisyon Yazd\u0131rma, \u00dccretli Makale, \u00dccretli Kompozisyon, Profesyonel Makale Yapt\u0131rma, Profesyonel Kompozisyon Yapt\u0131rma,   Makale Projesi Yapt\u0131r, Makale \u00d6dev Yard\u0131m\u0131 Al, Makale D\u00fczenleme, Makale Projesi Yapt\u0131r, Makale Sepeti,   Makale Fiyat Teklifi Al, Makale Dan\u0131\u015fmanl\u0131k, Makale Ar\u015fivleri, Makale Kategorisi, Makale Yazd\u0131rmak, Makale Yazd\u0131rma \u00dccreti,   Makale Sunum, Makale \u00c7eviri, Makale Yazd\u0131rma \u00dccreti, \u00dccretli Makale Yazd\u0131rma, Makale Yazd\u0131rma Siteleri, Parayla Makale Yazma, Makale Sepeti,  Makale Yazd\u0131rmak \u0130stiyorum, \u00d6dev Dan\u0131\u015fmanl\u0131\u011f\u0131, \u00d6dev Yapt\u0131rma, Tez Yazd\u0131rma, Makale YAZDIRMA siteleri, Parayla makale YAZDIRMA, Seo makale fiyatlar\u0131, Sayfa ba\u015f\u0131 yaz\u0131 yazma \u00fccreti, \u0130ngilizce makale yazd\u0131rma, Akademik makale YAZDIRMA, Makale Fiyatlar\u0131 2022, Makale yazma, Blog Yazd\u0131rma, Blog Yazd\u0131rmak \u0130stiyorum, Essay yazma Uygulamas\u0131, Essay Yazma sitesi, \u0130ngilizce metin yazma sitesi, Writing yazma sitesi, Essay d\u00fczeltici, Essay Kontrol ettirme, Gramer kontrol, \u0130ngilizce Gramer d\u00fczeltme uygulamas\u0131, \u0130ngilizce c\u00fcmle d\u00fczeltme sitesi, Essay kontrol siteleri, Tez Yapt\u0131rma, Seo Uyumlu Blog Yapt\u0131rma\" \/>\n\t\t<meta property=\"og:type\" content=\"article\" \/>\n\t\t<meta property=\"og:title\" content=\"Alfabenin De\u011fi\u015fti\u011fi G\u00fcnlerde Edebiyat \u2013 Edebiyat Alan\u0131nda Tez Yapt\u0131rma \u2013 Edebiyat Tez Yapt\u0131rma \u00dccretleri \u2013 Edebiyat \u00d6devleri \u2013 Edebiyat \u00d6dev \u00dccretleri | En \u0130yi Essay\" \/>\n\t\t<meta property=\"og:description\" content=\"Alfabenin De\u011fi\u015fti\u011fi G\u00fcnlerde Edebiyat 1927 ve 1928 aras\u0131nda hemen hemen t\u00fcm T\u00fcrkler, birka\u00e7 istisna d\u0131\u015f\u0131nda ve sonunda \u00e7e\u015fitli uyarlanm\u0131\u015f bi\u00e7imlerde, birka\u00e7 y\u00fczy\u0131l boyunca kulland\u0131klar\u0131 Arap alfabesinden vazge\u00e7tiler. 1927 ve 1928&#039;de Sovyetler Birli\u011fi&#039;ndeki T\u00fcrklerin neredeyse tamam\u0131, 1938-1940&#039;a kadar kullan\u0131mda kalacak olan Latin alfabesini kabul ettikten sonra, T\u00fcrkiye de bu durumda kal\u0131c\u0131 olacak ve ellinci y\u0131l d\u00f6n\u00fcm\u00fc\" \/>\n\t\t<meta property=\"og:url\" content=\"https:\/\/bestessayhomework.com\/tr\/alfabenin-degistigi-gunlerde-edebiyat-edebiyat-alaninda-tez-yaptirma-edebiyat-tez-yaptirma-ucretleri-edebiyat-odevleri-edebiyat-odev-ucretleri\/\" \/>\n\t\t<meta property=\"og:image\" content=\"https:\/\/bestessayhomework.com\/tr\/wp-content\/uploads\/2024\/03\/10.webp\" \/>\n\t\t<meta property=\"og:image:secure_url\" content=\"https:\/\/bestessayhomework.com\/tr\/wp-content\/uploads\/2024\/03\/10.webp\" \/>\n\t\t<meta property=\"og:image:width\" content=\"1280\" \/>\n\t\t<meta property=\"og:image:height\" content=\"720\" \/>\n\t\t<meta property=\"article:published_time\" content=\"2022-01-30T14:30:37+00:00\" \/>\n\t\t<meta property=\"article:modified_time\" content=\"2022-01-30T14:30:37+00:00\" \/>\n\t\t<meta name=\"twitter:card\" content=\"summary_large_image\" \/>\n\t\t<meta name=\"twitter:title\" content=\"Alfabenin De\u011fi\u015fti\u011fi G\u00fcnlerde Edebiyat \u2013 Edebiyat Alan\u0131nda Tez Yapt\u0131rma \u2013 Edebiyat Tez Yapt\u0131rma \u00dccretleri \u2013 Edebiyat \u00d6devleri \u2013 Edebiyat \u00d6dev \u00dccretleri | En \u0130yi Essay\" \/>\n\t\t<meta name=\"twitter:description\" content=\"Alfabenin De\u011fi\u015fti\u011fi G\u00fcnlerde Edebiyat 1927 ve 1928 aras\u0131nda hemen hemen t\u00fcm T\u00fcrkler, birka\u00e7 istisna d\u0131\u015f\u0131nda ve sonunda \u00e7e\u015fitli uyarlanm\u0131\u015f bi\u00e7imlerde, birka\u00e7 y\u00fczy\u0131l boyunca kulland\u0131klar\u0131 Arap alfabesinden vazge\u00e7tiler. 1927 ve 1928&#039;de Sovyetler Birli\u011fi&#039;ndeki T\u00fcrklerin neredeyse tamam\u0131, 1938-1940&#039;a kadar kullan\u0131mda kalacak olan Latin alfabesini kabul ettikten sonra, T\u00fcrkiye de bu durumda kal\u0131c\u0131 olacak ve ellinci y\u0131l d\u00f6n\u00fcm\u00fc\" \/>\n\t\t<meta name=\"twitter:image\" content=\"https:\/\/bestessayhomework.com\/tr\/wp-content\/uploads\/2024\/03\/10.webp\" \/>\n\t\t<script type=\"application\/ld+json\" class=\"aioseo-schema\">\n\t\t\t{\"@context\":\"https:\\\/\\\/schema.org\",\"@graph\":[{\"@type\":\"Article\",\"@id\":\"https:\\\/\\\/bestessayhomework.com\\\/tr\\\/alfabenin-degistigi-gunlerde-edebiyat-edebiyat-alaninda-tez-yaptirma-edebiyat-tez-yaptirma-ucretleri-edebiyat-odevleri-edebiyat-odev-ucretleri\\\/#article\",\"name\":\"Alfabenin De\\u011fi\\u015fti\\u011fi G\\u00fcnlerde Edebiyat \\u2013 Edebiyat Alan\\u0131nda Tez Yapt\\u0131rma \\u2013 Edebiyat Tez Yapt\\u0131rma \\u00dccretleri \\u2013 Edebiyat \\u00d6devleri \\u2013 Edebiyat \\u00d6dev \\u00dccretleri | En \\u0130yi Essay\",\"headline\":\"Alfabenin De\\u011fi\\u015fti\\u011fi G\\u00fcnlerde Edebiyat \\u2013 Edebiyat Alan\\u0131nda Tez Yapt\\u0131rma \\u2013 Edebiyat Tez Yapt\\u0131rma \\u00dccretleri \\u2013 Edebiyat \\u00d6devleri \\u2013 Edebiyat \\u00d6dev \\u00dccretleri\",\"author\":{\"@id\":\"https:\\\/\\\/bestessayhomework.com\\\/tr\\\/author\\\/tercuman32\\\/#author\"},\"publisher\":{\"@id\":\"https:\\\/\\\/bestessayhomework.com\\\/tr\\\/#organization\"},\"image\":{\"@type\":\"ImageObject\",\"url\":\"https:\\\/\\\/bestessayhomework.com\\\/tr\\\/wp-content\\\/uploads\\\/2022\\\/01\\\/asd.jpg\",\"width\":650,\"height\":344,\"caption\":\"Tarihsel D\\u00f6nemler\\n\\nM\\u0131s\\u0131rl\\u0131lar\\u0131n en eski tarihsel d\\u00f6nemlerden beri y\\u0131l\\u0131n yakla\\u015f\\u0131k uzunlu\\u011funun fark\\u0131nda olduklar\\u0131 kesindir. Nil selinden Nil seline veya g\\u00fcnd\\u00f6n\\u00fcm\\u00fcnden g\\u00fcnd\\u00f6n\\u00fcm\\u00fcne g\\u00fcn kayd\\u0131n\\u0131n kolayl\\u0131kla tutulabilece\\u011fi d\\u00fc\\u015f\\u00fcn\\u00fcl\\u00fcrse, ba\\u015fka t\\u00fcrl\\u00fc olmas\\u0131 tuhaf olurdu. Ancak bu, elbette, yaln\\u0131zca yakla\\u015f\\u0131k bir say\\u0131 i\\u00e7in ge\\u00e7erlidir.\\n\\nEn erken d\\u00f6nemde M\\u0131s\\u0131rl\\u0131lar\\u0131n bu say\\u0131y\\u0131 sadece 360 g\\u00fcn yapt\\u0131klar\\u0131na inanmak i\\u00e7in baz\\u0131 nedenler var. Y\\u0131llar\\u0131n\\u0131n otuz g\\u00fcnden olu\\u015fan on iki aya b\\u00f6l\\u00fcnm\\u00fc\\u015f olmas\\u0131 bu inanca renk katmaktad\\u0131r; ancak her hal\\u00fckarda, yanl\\u0131\\u015fl\\u0131k zaman\\u0131nda fark edilmi\\u015f ve on ikinci ay\\u0131n sonu ile yeni y\\u0131l aras\\u0131na be\\u015f g\\u00fcnl\\u00fck bir \\\"k\\u00fc\\u00e7\\u00fck ay\\\" enterpolasyonu yap\\u0131larak k\\u0131smi bir \\u00e7are uygulanm\\u0131\\u015ft\\u0131r.\\n\\nBu, sorunu neredeyse ama tam olarak \\u00e7\\u00f6zmedi. A\\u00e7\\u0131k\\u00e7a ba\\u015far\\u0131s\\u0131z oldu\\u011fu \\u015fey, ger\\u00e7ek y\\u0131l\\u0131 ger\\u00e7ekten tamamlayan bir g\\u00fcn\\u00fcn bu ek \\u00e7eyre\\u011fini hesaba katmakt\\u0131.\\n\\nD\\u00fcnyan\\u0131n, g\\u00fcne\\u015f etraf\\u0131ndaki ge\\u00e7i\\u015f h\\u0131z\\u0131yla d\\u00f6nme hareketini y\\u0131ll\\u0131k u\\u00e7u\\u015funu tam olarak 360 g\\u00fcnde yapacak \\u015fekilde ayarlamas\\u0131 \\u015fans eseri insanl\\u0131k i\\u00e7in son derece uygun bir \\u015fey olurdu.\\n\\nO zaman, her biri otuz g\\u00fcnl\\u00fck on iki kameri ay tam olarak g\\u00fcne\\u015f y\\u0131l\\u0131na denk gelecek ve tarih \\u00f6\\u011frencilerinin kafas\\u0131n\\u0131 kar\\u0131\\u015ft\\u0131ran takvimin karma\\u015f\\u0131kl\\u0131klar\\u0131n\\u0131n \\u00e7o\\u011fundan ka\\u00e7\\u0131n\\u0131lm\\u0131\\u015f olacakt\\u0131; ama \\u00f6te yandan, belki de bu basitlik, insanlar\\u0131n g\\u00f6kleri eskisi kadar dikkatli ara\\u015ft\\u0131rmas\\u0131n\\u0131 engelleyerek astronomik bilime zarar verebilirdi.\\n\\nOlabildi\\u011fince, karma\\u015f\\u0131kl\\u0131k var. \\u00dc\\u00e7 y\\u00fcz altm\\u0131\\u015f be\\u015f ve (yakla\\u015f\\u0131k) bir \\u00e7eyrek g\\u00fcnl\\u00fck ger\\u00e7ek y\\u0131l, aylara e\\u015fit olarak b\\u00f6l\\u00fcnemez ve g\\u00fcnlerin burada ve orada araya eklenmesi gibi baz\\u0131 \\u00e7areler esast\\u0131r, aksi takdirde takvim kesinlikle uyumsuz hale gelir.\\u00a0\\n\\nM\\u0131s\\u0131rl\\u0131lar s\\u00f6z konusu oldu\\u011funda, az \\u00f6nce belirtildi\\u011fi gibi, M\\u0131s\\u0131rl\\u0131lar\\u0131n kendilerinin \\\"y\\u0131l\\u0131n be\\u015f g\\u00fcn\\u00fc\\\" olarak adland\\u0131rd\\u0131klar\\u0131 \\u015feyi olu\\u015fturan be\\u015f g\\u00fcn\\u00fcn tan\\u0131t\\u0131lmas\\u0131yla ayarlama giri\\u015fiminde bulunuldu. Bu s\\u00f6zde epagomenal g\\u00fcnler \\u015f\\u00fcphesiz \\u00e7ok erken bir d\\u00f6nemde tan\\u0131t\\u0131ld\\u0131.\\n\\nMaspero, Osiris efsanesinin bu g\\u00fcnlerin Nuit'in t\\u00fcm \\u00e7ocuklar\\u0131n\\u0131 do\\u011furmas\\u0131na izin vermek i\\u00e7in tanr\\u0131 Thot taraf\\u0131ndan yarat\\u0131ld\\u0131\\u011f\\u0131n\\u0131 a\\u00e7\\u0131klad\\u0131\\u011f\\u0131 ger\\u00e7e\\u011fini kan\\u0131tlayarak, bunlar\\u0131n ilk Thinite hanedan\\u0131ndan \\u00f6nce kullan\\u0131ld\\u0131\\u011f\\u0131n\\u0131 savunuyor; bu \\u00e7are, Nuit'e y\\u0131l\\u0131n herhangi bir g\\u00fcn\\u00fcnde \\u00e7ocuk do\\u011furamayaca\\u011f\\u0131na dair ilan edilen bir yasa\\u011f\\u0131n \\u00fcstesinden gelmek i\\u00e7in gerekliydi.\\n\\nAma elbette ek be\\u015f g\\u00fcn takvimi tam olarak d\\u00fczeltmeye yetmiyor. Hesaplanacak ek bir \\u00e7eyrek g\\u00fcn kald\\u0131. Bu, elbette, her d\\u00f6rt y\\u0131lda bir tam g\\u00fcn anlam\\u0131na gelir. Daha sonra \\u0130skenderiye biliminin her d\\u00f6rt y\\u0131lda bir bir g\\u00fcn eklemek gibi bir \\u00e7are buldu\\u011funu g\\u00f6rece\\u011fiz.\\n\\nAma ne yaz\\u0131k ki, eski M\\u0131s\\u0131rl\\u0131 bu ek g\\u00fcn\\u00fcn gereklili\\u011fini fark edemedi ya da fark ettiyse bile bilgisine g\\u00f6re hareket edemedi ve \\u00f6yle oldu ki, uzak ge\\u00e7mi\\u015fte bir yerde yeni bir y\\u0131l g\\u00fcn\\u00fcnden ba\\u015flayarak Nil'in sular alt\\u0131nda kalmas\\u0131yla ayn\\u0131 zamana denk geldi\\u011finden, zaman ge\\u00e7tik\\u00e7e takvim ve mevsimlerde s\\u00fcrekli de\\u011fi\\u015fen bir uyumsuzluk vard\\u0131.\\n\\nA\\u00e7\\u0131klanmas\\u0131 gereken M\\u0131s\\u0131r mevsimlerinin say\\u0131s\\u0131 \\u00fc\\u00e7t\\u00fc: sel mevsimi, tohum zaman\\u0131 mevsimi ve hasat mevsimi; her sezon elbette d\\u00f6rt ayd\\u0131r. Ba\\u015flang\\u0131\\u00e7ta, az \\u00f6nce de belirtildi\\u011fi gibi, su bask\\u0131n\\u0131 mevsimi ba\\u015flad\\u0131 ve ger\\u00e7ek su bask\\u0131n\\u0131 zaman\\u0131 ile ayn\\u0131 zamana denk geldi.\\n\\nYeni y\\u0131l g\\u00fcn\\u00fcn\\u00fcn daha kesin tespiti, M\\u0131s\\u0131rl\\u0131lar\\u0131n Sothis ad\\u0131n\\u0131 ta\\u015f\\u0131yan k\\u00f6pek y\\u0131ld\\u0131z\\u0131 Sirius'un s\\u00f6zde g\\u00fcne\\u015f do\\u011fu\\u015fu zaman\\u0131n\\u0131n g\\u00f6zlemlenmesiyle ba\\u015far\\u0131ld\\u0131. Heliopolis b\\u00f6lgesinden bak\\u0131ld\\u0131\\u011f\\u0131nda, yaz g\\u00fcnd\\u00f6n\\u00fcm\\u00fc s\\u0131ras\\u0131nda g\\u00fcne\\u015fin g\\u00f6klerde k\\u00f6pek y\\u0131ld\\u0131z\\u0131na yak\\u0131n bir konumda olmas\\u0131 muhtemeldir.\\n\\n\\u015eimdi, \\u00e7ok iyi bilindi\\u011fi gibi, M\\u0131s\\u0131rl\\u0131lar, hemen hemen her do\\u011fa olgusunun gerisinde tanr\\u0131sall\\u0131\\u011f\\u0131 g\\u00f6rerek, \\u00e7ok do\\u011fal olarak g\\u00fcne\\u015f-tanr\\u0131s\\u0131 gibi etkili oldu\\u011fu a\\u00e7\\u0131k\\u00e7a belli olan bir \\u015fahsiyete \\u00f6zel bir h\\u00fcrmet g\\u00f6sterdiler.\\n\\nTarih \\u00f6ncesi d\\u00f6nemler\\nTarih \\u00f6ncesi \\u00c7a\\u011flar s\\u0131ras\\u0131yla\\nTarih sonras\\u0131 devirler\\nTarihi \\u00c7a\\u011flar\\nTarihi \\u00e7a\\u011flar s\\u0131ralamas\\u0131\\ntarihi \\u00e7a\\u011flar \\nKalkolitik d\\u00f6nem\\nG\\u00fcn\\u00fcm\\u00fcze en Yak\\u0131n d\\u00f6nem Neolitik\\n\\nBilhassa, sabah M\\u0131s\\u0131r turuna \\u00e7\\u0131karken ona biat etmeyi uygun g\\u00f6rd\\u00fcler; M\\u0131s\\u0131rl\\u0131 astronom rahipler, tap\\u0131naklar\\u0131n\\u0131n yak\\u0131n\\u0131ndaki tepelere t\\u00fcnemi\\u015f, geli\\u015finin kesin an\\u0131n\\u0131 bilebilmek i\\u00e7in, g\\u00fcne\\u015f \\u0131\\u015f\\u0131nlar\\u0131ndan \\u00f6nce geldi\\u011fi g\\u00f6zlemlenmi\\u015f bir y\\u0131ld\\u0131za at\\u0131fta bulunarak do\\u011fu ufkunu taramay\\u0131 adet edinmi\\u015flerdi.\\n\\nElbette ekinokslar\\u0131n devinimleri, beceriksiz d\\u00fcnyam\\u0131z\\u0131n i\\u00e7ine d\\u00fc\\u015ft\\u00fc\\u011f\\u00fc eksenel yalpalama nedeniyle, sabit y\\u0131ld\\u0131zlar\\u0131n g\\u00fcne\\u015fe g\\u00f6re g\\u00f6r\\u00fcnen konumlar\\u0131n\\u0131 de\\u011fi\\u015ftirir, \\u00f6yle ki ayn\\u0131 y\\u0131ld\\u0131z sonsuza kadar g\\u00fcne\\u015f habercisi olarak hizmet edemez; ama \\u00f6te yandan, bu de\\u011fi\\u015fimler o kadar yava\\u015f ki, kaymay\\u0131 tespit etmek i\\u00e7in bir\\u00e7ok g\\u00f6kbilimci ku\\u015fa\\u011f\\u0131n\\u0131n g\\u00f6zlemleri gerekecektir.\\n\\nKan\\u0131tlar tam olarak kan\\u0131tlay\\u0131c\\u0131 olmasa da Lockyer, M\\u0131s\\u0131rl\\u0131lar\\u0131n astronomik g\\u00f6zlemlerinin k\\u00f6pek y\\u0131ld\\u0131z\\u0131 Sothis'in yaz g\\u00fcnd\\u00f6n\\u00fcm\\u00fc sabah\\u0131 g\\u00fcne\\u015fle yak\\u0131n ili\\u015fkide olmad\\u0131\\u011f\\u0131 bir d\\u00f6neme kadar uzand\\u0131\\u011f\\u0131na inan\\u0131yor.\\n\\nYine de Biot'un hesaplar\\u0131na g\\u00f6re, g\\u00fcnd\\u00f6n\\u00fcm\\u00fcnde Sothis'in helyasal y\\u00fckseli\\u015fi M\\u00d6 3285 gibi erken bir tarihte kaydedildi ve bu y\\u0131ld\\u0131z\\u0131n sonraki y\\u00fczy\\u0131llar boyunca bu \\u00f6zel prestij konumunu korumaya devam etti\\u011fi kesindir.\\n\\nBu nedenle, M\\u0131s\\u0131r'\\u0131n en \\u00f6nemli tanr\\u0131lar\\u0131ndan biri olan \\u0130sis ile ili\\u015fkilendirilmeye ba\\u015fland\\u0131 ve Sothis'in sabah g\\u00f6ky\\u00fcz\\u00fcnde ilk kez g\\u00f6r\\u00fcnd\\u00fc\\u011f\\u00fc g\\u00fcn yeni y\\u0131l\\u0131n ba\\u015flang\\u0131c\\u0131 oldu; o g\\u00fcn, daha \\u00f6nce belirtildi\\u011fi gibi, yaz g\\u00fcnd\\u00f6n\\u00fcm\\u00fc ve Nil ak\\u0131\\u015f\\u0131n\\u0131n ba\\u015flang\\u0131c\\u0131 ile ayn\\u0131 zamana denk geliyor.\\n\\nAma \\u015fimdi, g\\u00fcn\\u00fcn o hesaba kat\\u0131lmam\\u0131\\u015f \\u00e7eyre\\u011finin getirdi\\u011fi zorluklar i\\u00e7in. A\\u00e7\\u0131k\\u00e7as\\u0131, yaln\\u0131zca 365 g\\u00fcnl\\u00fck bir takvimle, d\\u00f6rt y\\u0131l\\u0131n sonunda, takvim y\\u0131l\\u0131 veya M\\u0131s\\u0131rl\\u0131lar\\u0131n adland\\u0131rd\\u0131\\u011f\\u0131 \\u015fekliyle belirsiz y\\u0131l, ger\\u00e7ek g\\u00fcne\\u015f y\\u0131l\\u0131na, yani g\\u00fcne\\u015f y\\u0131l\\u0131na g\\u00f6re bir tam g\\u00fcn kazanm\\u0131\\u015ft\\u0131. K\\u00f6pek y\\u0131ld\\u0131z\\u0131 Sothis'in y\\u00fckseli\\u015fi, hatal\\u0131 takvimin yeni y\\u0131l g\\u00fcn\\u00fcnde de\\u011fil, bir g\\u00fcn sonra ger\\u00e7ekle\\u015fecekti.\\n\\nVe birbirini takip eden her d\\u00f6rt y\\u0131ll\\u0131k d\\u00f6nemde, y\\u0131l\\u0131n ger\\u00e7ek ba\\u015flang\\u0131c\\u0131n\\u0131 belirleyen ve yine de tabii ki su bask\\u0131n\\u0131 ile \\u00e7ak\\u0131\\u015fan g\\u00fcne\\u015f do\\u011fu\\u015fu g\\u00fcn\\u00fc, takvimden bir g\\u00fcn daha geride kalacakt\\u0131.\\n\\n120 y\\u0131l boyunca koca bir ay kaybedilirdi; ve 480 y\\u0131lda o kadar b\\u00fcy\\u00fck bir kayma olur ki, mevsimler tamamen yersiz olur; takvimin tohum zaman\\u0131 olarak kaydetti\\u011fi \\u015feye kar\\u015f\\u0131l\\u0131k gelen ger\\u00e7ek su bask\\u0131n\\u0131 zaman\\u0131 ve takvimin hasat zaman\\u0131na kar\\u015f\\u0131l\\u0131k gelir.\\n\\n\\u0130lk ba\\u015fta bunun \\u00e7ok garip ve kafa kar\\u0131\\u015ft\\u0131r\\u0131c\\u0131 g\\u00f6r\\u00fcnd\\u00fc\\u011f\\u00fcn\\u00fc d\\u00fc\\u015f\\u00fcnd\\u00fcm, ancak b\\u00fcy\\u00fck olas\\u0131l\\u0131kla etkiler ger\\u00e7ek uygulamada hi\\u00e7 bu kadar fazla de\\u011fildi. Aylar ve g\\u00fcnler itibariyle mevsim adlar\\u0131n\\u0131n \\u00e7o\\u011fumuzun zihninde tamamen geleneksel bir anlam kazand\\u0131\\u011f\\u0131n\\u0131 bilmek i\\u00e7in kendi deneyimlerimizden \\u00f6teye gitmemize gerek yoktur.\\n\\n\\u00d6yleyse, kendi takvimimiz o kadar kusurlu olsayd\\u0131 ki, 120 y\\u0131l boyunca \\u015eubat ay\\u0131 ilk Ocak ay\\u0131 konumuna geri kaym\\u0131\\u015f olsayd\\u0131, de\\u011fi\\u015fiklik o kadar kademeli olurdu ki, iki ya da daha fazla ya\\u015fam s\\u00fcresini kapsayabilirdi. ortalama d\\u00f6rt ya da be\\u015f nesil, genel g\\u00f6zlemden pekala ka\\u00e7abilir.\"},\"datePublished\":\"2022-01-30T17:30:37+03:00\",\"dateModified\":\"2022-01-30T17:30:37+03:00\",\"inLanguage\":\"tr-TR\",\"mainEntityOfPage\":{\"@id\":\"https:\\\/\\\/bestessayhomework.com\\\/tr\\\/alfabenin-degistigi-gunlerde-edebiyat-edebiyat-alaninda-tez-yaptirma-edebiyat-tez-yaptirma-ucretleri-edebiyat-odevleri-edebiyat-odev-ucretleri\\\/#webpage\"},\"isPartOf\":{\"@id\":\"https:\\\/\\\/bestessayhomework.com\\\/tr\\\/alfabenin-degistigi-gunlerde-edebiyat-edebiyat-alaninda-tez-yaptirma-edebiyat-tez-yaptirma-ucretleri-edebiyat-odevleri-edebiyat-odev-ucretleri\\\/#webpage\"},\"articleSection\":\"Alfabe de\\u011fi\\u015fikli\\u011fi i\\u00e7in ilk tart\\u0131\\u015fmalar hangi d\\u00f6nemde yap\\u0131lm\\u0131\\u015ft\\u0131r, Alfabe de\\u011fi\\u015fiminde din hangi y\\u00f6nde etkili olmu\\u015ftur, Alfabenin Tarihsel Geli\\u015fimi, T\\u00fcrk alfabesinin Tarihi Geli\\u015fimi, Alfabe, Alfabe de\\u011fi\\u015fikli\\u011fi i\\u00e7in ilk tart\\u0131\\u015fmalar hangi d\\u00f6nemde yap\\u0131lm\\u0131\\u015ft\\u0131r, Alfabe de\\u011fi\\u015fiminde din hangi y\\u00f6nde etkili olmu\\u015ftur, Alfabenin Tarihsel Geli\\u015fimi, D\\u00fcnya alfabeleri, D\\u00fcnyadaki ilk alfabe, Latin alfabesi, T\\u00fcrk alfabesinin Tarihi Geli\\u015fimi\"},{\"@type\":\"BreadcrumbList\",\"@id\":\"https:\\\/\\\/bestessayhomework.com\\\/tr\\\/alfabenin-degistigi-gunlerde-edebiyat-edebiyat-alaninda-tez-yaptirma-edebiyat-tez-yaptirma-ucretleri-edebiyat-odevleri-edebiyat-odev-ucretleri\\\/#breadcrumblist\",\"itemListElement\":[{\"@type\":\"ListItem\",\"@id\":\"https:\\\/\\\/bestessayhomework.com\\\/tr#listItem\",\"position\":1,\"name\":\"Ev\",\"item\":\"https:\\\/\\\/bestessayhomework.com\\\/tr\",\"nextItem\":{\"@type\":\"ListItem\",\"@id\":\"https:\\\/\\\/bestessayhomework.com\\\/tr\\\/category\\\/alfabe-degisikligi-icin-ilk-tartismalar-hangi-donemde-yapilmistir\\\/#listItem\",\"name\":\"Alfabe de\\u011fi\\u015fikli\\u011fi i\\u00e7in ilk tart\\u0131\\u015fmalar hangi d\\u00f6nemde yap\\u0131lm\\u0131\\u015ft\\u0131r\"}},{\"@type\":\"ListItem\",\"@id\":\"https:\\\/\\\/bestessayhomework.com\\\/tr\\\/category\\\/alfabe-degisikligi-icin-ilk-tartismalar-hangi-donemde-yapilmistir\\\/#listItem\",\"position\":2,\"name\":\"Alfabe de\\u011fi\\u015fikli\\u011fi i\\u00e7in ilk tart\\u0131\\u015fmalar hangi d\\u00f6nemde yap\\u0131lm\\u0131\\u015ft\\u0131r\",\"item\":\"https:\\\/\\\/bestessayhomework.com\\\/tr\\\/category\\\/alfabe-degisikligi-icin-ilk-tartismalar-hangi-donemde-yapilmistir\\\/\",\"nextItem\":{\"@type\":\"ListItem\",\"@id\":\"https:\\\/\\\/bestessayhomework.com\\\/tr\\\/alfabenin-degistigi-gunlerde-edebiyat-edebiyat-alaninda-tez-yaptirma-edebiyat-tez-yaptirma-ucretleri-edebiyat-odevleri-edebiyat-odev-ucretleri\\\/#listItem\",\"name\":\"Alfabenin De\\u011fi\\u015fti\\u011fi G\\u00fcnlerde Edebiyat \\u2013 Edebiyat Alan\\u0131nda Tez Yapt\\u0131rma \\u2013 Edebiyat Tez Yapt\\u0131rma \\u00dccretleri \\u2013 Edebiyat \\u00d6devleri \\u2013 Edebiyat \\u00d6dev \\u00dccretleri\"},\"previousItem\":{\"@type\":\"ListItem\",\"@id\":\"https:\\\/\\\/bestessayhomework.com\\\/tr#listItem\",\"name\":\"Ev\"}},{\"@type\":\"ListItem\",\"@id\":\"https:\\\/\\\/bestessayhomework.com\\\/tr\\\/alfabenin-degistigi-gunlerde-edebiyat-edebiyat-alaninda-tez-yaptirma-edebiyat-tez-yaptirma-ucretleri-edebiyat-odevleri-edebiyat-odev-ucretleri\\\/#listItem\",\"position\":3,\"name\":\"Alfabenin De\\u011fi\\u015fti\\u011fi G\\u00fcnlerde Edebiyat \\u2013 Edebiyat Alan\\u0131nda Tez Yapt\\u0131rma \\u2013 Edebiyat Tez Yapt\\u0131rma \\u00dccretleri \\u2013 Edebiyat \\u00d6devleri \\u2013 Edebiyat \\u00d6dev \\u00dccretleri\",\"previousItem\":{\"@type\":\"ListItem\",\"@id\":\"https:\\\/\\\/bestessayhomework.com\\\/tr\\\/category\\\/alfabe-degisikligi-icin-ilk-tartismalar-hangi-donemde-yapilmistir\\\/#listItem\",\"name\":\"Alfabe de\\u011fi\\u015fikli\\u011fi i\\u00e7in ilk tart\\u0131\\u015fmalar hangi d\\u00f6nemde yap\\u0131lm\\u0131\\u015ft\\u0131r\"}}]},{\"@type\":\"Organization\",\"@id\":\"https:\\\/\\\/bestessayhomework.com\\\/tr\\\/#organization\",\"name\":\"Essay Yapt\\u0131rma\",\"description\":\"bestessayhomework@gmail.com - Bize Mail Kanal\\u0131m\\u0131zdan veya sa\\u011f alt k\\u00f6\\u015fedeki Whatsapp tu\\u015fundan Ula\\u015f\\u0131n - 0 (312) 276 75 93 -Essay Yapt\\u0131rma, Essay Yazd\\u0131rma, Parayla Essay Yazd\\u0131rma, Parayla Essay Yapt\\u0131rma, \\u00dccretli Essay, \\u00dccretli Essay Yapt\\u0131rma, Profesyonel Essay Yapt\\u0131rma,   Essay Projesi Yapt\\u0131r, Essay \\u00d6dev Yard\\u0131m\\u0131 Al, Essay D\\u00fczenleme, Essay Projesi Yapt\\u0131r,   Essay Sepeti, Essay Fiyat Teklifi Al, Essay Dan\\u0131\\u015fmanl\\u0131k, Essay Ar\\u015fivleri, Essay Kategorisi,   Essay Yazd\\u0131rmak, Essay Yazd\\u0131rma \\u00dccreti, Essay Sunum, Essay \\u00c7eviri, Essay Yazd\\u0131rma \\u00dccreti,   \\u00dccretli Essay Yazd\\u0131rma, Essay Yazd\\u0131rma Siteleri, Parayla Essay Yazma, \\u00d6dev Yazd\\u0131rma, Essay Yazd\\u0131rmak \\u0130stiyorum,   Research Paper Yazd\\u0131rmak, Argumentative Essay Topics, Cause Effect Essay \\u00d6rnekleri, Classification Essay, Essay \\u00c7e\\u015fitleri,   Essay Rehberi, Opinion Essay Examples, Makale Yazd\\u0131rma, Kompozisyon Yazd\\u0131rma, Parayla Makale Yazd\\u0131rma,   Parayla Kompozisyon Yazd\\u0131rma, \\u00dccretli Makale, \\u00dccretli Kompozisyon, Profesyonel Makale Yapt\\u0131rma, Profesyonel Kompozisyon Yapt\\u0131rma,   Makale Projesi Yapt\\u0131r, Makale \\u00d6dev Yard\\u0131m\\u0131 Al, Makale D\\u00fczenleme, Makale Projesi Yapt\\u0131r, Makale Sepeti,   Makale Fiyat Teklifi Al, Makale Dan\\u0131\\u015fmanl\\u0131k, Makale Ar\\u015fivleri, Makale Kategorisi, Makale Yazd\\u0131rmak, Makale Yazd\\u0131rma \\u00dccreti,   Makale Sunum, Makale \\u00c7eviri, Makale Yazd\\u0131rma \\u00dccreti, \\u00dccretli Makale Yazd\\u0131rma, Makale Yazd\\u0131rma Siteleri, Parayla Makale Yazma, Makale Sepeti,  Makale Yazd\\u0131rmak \\u0130stiyorum, \\u00d6dev Dan\\u0131\\u015fmanl\\u0131\\u011f\\u0131, \\u00d6dev Yapt\\u0131rma, Tez Yazd\\u0131rma, Makale YAZDIRMA siteleri, Parayla makale YAZDIRMA, Seo makale fiyatlar\\u0131, Sayfa ba\\u015f\\u0131 yaz\\u0131 yazma \\u00fccreti, \\u0130ngilizce makale yazd\\u0131rma, Akademik makale YAZDIRMA, Makale Fiyatlar\\u0131 2022, Makale yazma, Blog Yazd\\u0131rma, Blog Yazd\\u0131rmak \\u0130stiyorum, Essay yazma Uygulamas\\u0131, Essay Yazma sitesi, \\u0130ngilizce metin yazma sitesi, Writing yazma sitesi, Essay d\\u00fczeltici, Essay Kontrol ettirme, Gramer kontrol, \\u0130ngilizce Gramer d\\u00fczeltme uygulamas\\u0131, \\u0130ngilizce c\\u00fcmle d\\u00fczeltme sitesi, Essay kontrol siteleri, Tez Yapt\\u0131rma, Seo Uyumlu Blog Yapt\\u0131rma 0 (312) 276 75 93\",\"url\":\"https:\\\/\\\/bestessayhomework.com\\\/tr\\\/\",\"telephone\":\"+905423712952\",\"logo\":{\"@type\":\"ImageObject\",\"url\":\"https:\\\/\\\/bestessayhomework.com\\\/tr\\\/wp-content\\\/uploads\\\/2024\\\/03\\\/10.webp\",\"@id\":\"https:\\\/\\\/bestessayhomework.com\\\/tr\\\/alfabenin-degistigi-gunlerde-edebiyat-edebiyat-alaninda-tez-yaptirma-edebiyat-tez-yaptirma-ucretleri-edebiyat-odevleri-edebiyat-odev-ucretleri\\\/#organizationLogo\",\"width\":1280,\"height\":720},\"image\":{\"@id\":\"https:\\\/\\\/bestessayhomework.com\\\/tr\\\/alfabenin-degistigi-gunlerde-edebiyat-edebiyat-alaninda-tez-yaptirma-edebiyat-tez-yaptirma-ucretleri-edebiyat-odevleri-edebiyat-odev-ucretleri\\\/#organizationLogo\"}},{\"@type\":\"Person\",\"@id\":\"https:\\\/\\\/bestessayhomework.com\\\/tr\\\/author\\\/tercuman32\\\/#author\",\"url\":\"https:\\\/\\\/bestessayhomework.com\\\/tr\\\/author\\\/tercuman32\\\/\",\"name\":\"terc\\u00fcman terc\\u00fcman\",\"image\":{\"@type\":\"ImageObject\",\"url\":\"https:\\\/\\\/bestessayhomework.com\\\/tr\\\/wp-content\\\/litespeed\\\/avatar\\\/86c38c20b2eb3a1c431511229f015304.jpg?ver=1773154028\"}},{\"@type\":\"WebPage\",\"@id\":\"https:\\\/\\\/bestessayhomework.com\\\/tr\\\/alfabenin-degistigi-gunlerde-edebiyat-edebiyat-alaninda-tez-yaptirma-edebiyat-tez-yaptirma-ucretleri-edebiyat-odevleri-edebiyat-odev-ucretleri\\\/#webpage\",\"url\":\"https:\\\/\\\/bestessayhomework.com\\\/tr\\\/alfabenin-degistigi-gunlerde-edebiyat-edebiyat-alaninda-tez-yaptirma-edebiyat-tez-yaptirma-ucretleri-edebiyat-odevleri-edebiyat-odev-ucretleri\\\/\",\"name\":\"Alfabenin De\\u011fi\\u015fti\\u011fi G\\u00fcnlerde Edebiyat \\u2013 Edebiyat Alan\\u0131nda Tez Yapt\\u0131rma \\u2013 Edebiyat Tez Yapt\\u0131rma \\u00dccretleri \\u2013 Edebiyat \\u00d6devleri \\u2013 Edebiyat \\u00d6dev \\u00dccretleri | En \\u0130yi Essay\",\"description\":\"Alfabenin De\\u011fi\\u015fti\\u011fi G\\u00fcnlerde Edebiyat 1927 ve 1928 aras\\u0131nda hemen hemen t\\u00fcm T\\u00fcrkler, birka\\u00e7 istisna d\\u0131\\u015f\\u0131nda ve sonunda \\u00e7e\\u015fitli uyarlanm\\u0131\\u015f bi\\u00e7imlerde, birka\\u00e7 y\\u00fczy\\u0131l boyunca kulland\\u0131klar\\u0131 Arap alfabesinden vazge\\u00e7tiler. 1927 ve 1928'de Sovyetler Birli\\u011fi'ndeki T\\u00fcrklerin neredeyse tamam\\u0131, 1938-1940'a kadar kullan\\u0131mda kalacak olan Latin alfabesini kabul ettikten sonra, T\\u00fcrkiye de bu durumda kal\\u0131c\\u0131 olacak ve ellinci y\\u0131l d\\u00f6n\\u00fcm\\u00fc\",\"inLanguage\":\"tr-TR\",\"isPartOf\":{\"@id\":\"https:\\\/\\\/bestessayhomework.com\\\/tr\\\/#website\"},\"breadcrumb\":{\"@id\":\"https:\\\/\\\/bestessayhomework.com\\\/tr\\\/alfabenin-degistigi-gunlerde-edebiyat-edebiyat-alaninda-tez-yaptirma-edebiyat-tez-yaptirma-ucretleri-edebiyat-odevleri-edebiyat-odev-ucretleri\\\/#breadcrumblist\"},\"author\":{\"@id\":\"https:\\\/\\\/bestessayhomework.com\\\/tr\\\/author\\\/tercuman32\\\/#author\"},\"creator\":{\"@id\":\"https:\\\/\\\/bestessayhomework.com\\\/tr\\\/author\\\/tercuman32\\\/#author\"},\"image\":{\"@type\":\"ImageObject\",\"url\":\"https:\\\/\\\/bestessayhomework.com\\\/tr\\\/wp-content\\\/uploads\\\/2022\\\/01\\\/asd.jpg\",\"@id\":\"https:\\\/\\\/bestessayhomework.com\\\/tr\\\/alfabenin-degistigi-gunlerde-edebiyat-edebiyat-alaninda-tez-yaptirma-edebiyat-tez-yaptirma-ucretleri-edebiyat-odevleri-edebiyat-odev-ucretleri\\\/#mainImage\",\"width\":650,\"height\":344,\"caption\":\"Tarihsel D\\u00f6nemler\\n\\nM\\u0131s\\u0131rl\\u0131lar\\u0131n en eski tarihsel d\\u00f6nemlerden beri y\\u0131l\\u0131n yakla\\u015f\\u0131k uzunlu\\u011funun fark\\u0131nda olduklar\\u0131 kesindir. Nil selinden Nil seline veya g\\u00fcnd\\u00f6n\\u00fcm\\u00fcnden g\\u00fcnd\\u00f6n\\u00fcm\\u00fcne g\\u00fcn kayd\\u0131n\\u0131n kolayl\\u0131kla tutulabilece\\u011fi d\\u00fc\\u015f\\u00fcn\\u00fcl\\u00fcrse, ba\\u015fka t\\u00fcrl\\u00fc olmas\\u0131 tuhaf olurdu. Ancak bu, elbette, yaln\\u0131zca yakla\\u015f\\u0131k bir say\\u0131 i\\u00e7in ge\\u00e7erlidir.\\n\\nEn erken d\\u00f6nemde M\\u0131s\\u0131rl\\u0131lar\\u0131n bu say\\u0131y\\u0131 sadece 360 g\\u00fcn yapt\\u0131klar\\u0131na inanmak i\\u00e7in baz\\u0131 nedenler var. Y\\u0131llar\\u0131n\\u0131n otuz g\\u00fcnden olu\\u015fan on iki aya b\\u00f6l\\u00fcnm\\u00fc\\u015f olmas\\u0131 bu inanca renk katmaktad\\u0131r; ancak her hal\\u00fckarda, yanl\\u0131\\u015fl\\u0131k zaman\\u0131nda fark edilmi\\u015f ve on ikinci ay\\u0131n sonu ile yeni y\\u0131l aras\\u0131na be\\u015f g\\u00fcnl\\u00fck bir \\\"k\\u00fc\\u00e7\\u00fck ay\\\" enterpolasyonu yap\\u0131larak k\\u0131smi bir \\u00e7are uygulanm\\u0131\\u015ft\\u0131r.\\n\\nBu, sorunu neredeyse ama tam olarak \\u00e7\\u00f6zmedi. A\\u00e7\\u0131k\\u00e7a ba\\u015far\\u0131s\\u0131z oldu\\u011fu \\u015fey, ger\\u00e7ek y\\u0131l\\u0131 ger\\u00e7ekten tamamlayan bir g\\u00fcn\\u00fcn bu ek \\u00e7eyre\\u011fini hesaba katmakt\\u0131.\\n\\nD\\u00fcnyan\\u0131n, g\\u00fcne\\u015f etraf\\u0131ndaki ge\\u00e7i\\u015f h\\u0131z\\u0131yla d\\u00f6nme hareketini y\\u0131ll\\u0131k u\\u00e7u\\u015funu tam olarak 360 g\\u00fcnde yapacak \\u015fekilde ayarlamas\\u0131 \\u015fans eseri insanl\\u0131k i\\u00e7in son derece uygun bir \\u015fey olurdu.\\n\\nO zaman, her biri otuz g\\u00fcnl\\u00fck on iki kameri ay tam olarak g\\u00fcne\\u015f y\\u0131l\\u0131na denk gelecek ve tarih \\u00f6\\u011frencilerinin kafas\\u0131n\\u0131 kar\\u0131\\u015ft\\u0131ran takvimin karma\\u015f\\u0131kl\\u0131klar\\u0131n\\u0131n \\u00e7o\\u011fundan ka\\u00e7\\u0131n\\u0131lm\\u0131\\u015f olacakt\\u0131; ama \\u00f6te yandan, belki de bu basitlik, insanlar\\u0131n g\\u00f6kleri eskisi kadar dikkatli ara\\u015ft\\u0131rmas\\u0131n\\u0131 engelleyerek astronomik bilime zarar verebilirdi.\\n\\nOlabildi\\u011fince, karma\\u015f\\u0131kl\\u0131k var. \\u00dc\\u00e7 y\\u00fcz altm\\u0131\\u015f be\\u015f ve (yakla\\u015f\\u0131k) bir \\u00e7eyrek g\\u00fcnl\\u00fck ger\\u00e7ek y\\u0131l, aylara e\\u015fit olarak b\\u00f6l\\u00fcnemez ve g\\u00fcnlerin burada ve orada araya eklenmesi gibi baz\\u0131 \\u00e7areler esast\\u0131r, aksi takdirde takvim kesinlikle uyumsuz hale gelir.\\u00a0\\n\\nM\\u0131s\\u0131rl\\u0131lar s\\u00f6z konusu oldu\\u011funda, az \\u00f6nce belirtildi\\u011fi gibi, M\\u0131s\\u0131rl\\u0131lar\\u0131n kendilerinin \\\"y\\u0131l\\u0131n be\\u015f g\\u00fcn\\u00fc\\\" olarak adland\\u0131rd\\u0131klar\\u0131 \\u015feyi olu\\u015fturan be\\u015f g\\u00fcn\\u00fcn tan\\u0131t\\u0131lmas\\u0131yla ayarlama giri\\u015fiminde bulunuldu. Bu s\\u00f6zde epagomenal g\\u00fcnler \\u015f\\u00fcphesiz \\u00e7ok erken bir d\\u00f6nemde tan\\u0131t\\u0131ld\\u0131.\\n\\nMaspero, Osiris efsanesinin bu g\\u00fcnlerin Nuit'in t\\u00fcm \\u00e7ocuklar\\u0131n\\u0131 do\\u011furmas\\u0131na izin vermek i\\u00e7in tanr\\u0131 Thot taraf\\u0131ndan yarat\\u0131ld\\u0131\\u011f\\u0131n\\u0131 a\\u00e7\\u0131klad\\u0131\\u011f\\u0131 ger\\u00e7e\\u011fini kan\\u0131tlayarak, bunlar\\u0131n ilk Thinite hanedan\\u0131ndan \\u00f6nce kullan\\u0131ld\\u0131\\u011f\\u0131n\\u0131 savunuyor; bu \\u00e7are, Nuit'e y\\u0131l\\u0131n herhangi bir g\\u00fcn\\u00fcnde \\u00e7ocuk do\\u011furamayaca\\u011f\\u0131na dair ilan edilen bir yasa\\u011f\\u0131n \\u00fcstesinden gelmek i\\u00e7in gerekliydi.\\n\\nAma elbette ek be\\u015f g\\u00fcn takvimi tam olarak d\\u00fczeltmeye yetmiyor. Hesaplanacak ek bir \\u00e7eyrek g\\u00fcn kald\\u0131. Bu, elbette, her d\\u00f6rt y\\u0131lda bir tam g\\u00fcn anlam\\u0131na gelir. Daha sonra \\u0130skenderiye biliminin her d\\u00f6rt y\\u0131lda bir bir g\\u00fcn eklemek gibi bir \\u00e7are buldu\\u011funu g\\u00f6rece\\u011fiz.\\n\\nAma ne yaz\\u0131k ki, eski M\\u0131s\\u0131rl\\u0131 bu ek g\\u00fcn\\u00fcn gereklili\\u011fini fark edemedi ya da fark ettiyse bile bilgisine g\\u00f6re hareket edemedi ve \\u00f6yle oldu ki, uzak ge\\u00e7mi\\u015fte bir yerde yeni bir y\\u0131l g\\u00fcn\\u00fcnden ba\\u015flayarak Nil'in sular alt\\u0131nda kalmas\\u0131yla ayn\\u0131 zamana denk geldi\\u011finden, zaman ge\\u00e7tik\\u00e7e takvim ve mevsimlerde s\\u00fcrekli de\\u011fi\\u015fen bir uyumsuzluk vard\\u0131.\\n\\nA\\u00e7\\u0131klanmas\\u0131 gereken M\\u0131s\\u0131r mevsimlerinin say\\u0131s\\u0131 \\u00fc\\u00e7t\\u00fc: sel mevsimi, tohum zaman\\u0131 mevsimi ve hasat mevsimi; her sezon elbette d\\u00f6rt ayd\\u0131r. Ba\\u015flang\\u0131\\u00e7ta, az \\u00f6nce de belirtildi\\u011fi gibi, su bask\\u0131n\\u0131 mevsimi ba\\u015flad\\u0131 ve ger\\u00e7ek su bask\\u0131n\\u0131 zaman\\u0131 ile ayn\\u0131 zamana denk geldi.\\n\\nYeni y\\u0131l g\\u00fcn\\u00fcn\\u00fcn daha kesin tespiti, M\\u0131s\\u0131rl\\u0131lar\\u0131n Sothis ad\\u0131n\\u0131 ta\\u015f\\u0131yan k\\u00f6pek y\\u0131ld\\u0131z\\u0131 Sirius'un s\\u00f6zde g\\u00fcne\\u015f do\\u011fu\\u015fu zaman\\u0131n\\u0131n g\\u00f6zlemlenmesiyle ba\\u015far\\u0131ld\\u0131. Heliopolis b\\u00f6lgesinden bak\\u0131ld\\u0131\\u011f\\u0131nda, yaz g\\u00fcnd\\u00f6n\\u00fcm\\u00fc s\\u0131ras\\u0131nda g\\u00fcne\\u015fin g\\u00f6klerde k\\u00f6pek y\\u0131ld\\u0131z\\u0131na yak\\u0131n bir konumda olmas\\u0131 muhtemeldir.\\n\\n\\u015eimdi, \\u00e7ok iyi bilindi\\u011fi gibi, M\\u0131s\\u0131rl\\u0131lar, hemen hemen her do\\u011fa olgusunun gerisinde tanr\\u0131sall\\u0131\\u011f\\u0131 g\\u00f6rerek, \\u00e7ok do\\u011fal olarak g\\u00fcne\\u015f-tanr\\u0131s\\u0131 gibi etkili oldu\\u011fu a\\u00e7\\u0131k\\u00e7a belli olan bir \\u015fahsiyete \\u00f6zel bir h\\u00fcrmet g\\u00f6sterdiler.\\n\\nTarih \\u00f6ncesi d\\u00f6nemler\\nTarih \\u00f6ncesi \\u00c7a\\u011flar s\\u0131ras\\u0131yla\\nTarih sonras\\u0131 devirler\\nTarihi \\u00c7a\\u011flar\\nTarihi \\u00e7a\\u011flar s\\u0131ralamas\\u0131\\ntarihi \\u00e7a\\u011flar \\nKalkolitik d\\u00f6nem\\nG\\u00fcn\\u00fcm\\u00fcze en Yak\\u0131n d\\u00f6nem Neolitik\\n\\nBilhassa, sabah M\\u0131s\\u0131r turuna \\u00e7\\u0131karken ona biat etmeyi uygun g\\u00f6rd\\u00fcler; M\\u0131s\\u0131rl\\u0131 astronom rahipler, tap\\u0131naklar\\u0131n\\u0131n yak\\u0131n\\u0131ndaki tepelere t\\u00fcnemi\\u015f, geli\\u015finin kesin an\\u0131n\\u0131 bilebilmek i\\u00e7in, g\\u00fcne\\u015f \\u0131\\u015f\\u0131nlar\\u0131ndan \\u00f6nce geldi\\u011fi g\\u00f6zlemlenmi\\u015f bir y\\u0131ld\\u0131za at\\u0131fta bulunarak do\\u011fu ufkunu taramay\\u0131 adet edinmi\\u015flerdi.\\n\\nElbette ekinokslar\\u0131n devinimleri, beceriksiz d\\u00fcnyam\\u0131z\\u0131n i\\u00e7ine d\\u00fc\\u015ft\\u00fc\\u011f\\u00fc eksenel yalpalama nedeniyle, sabit y\\u0131ld\\u0131zlar\\u0131n g\\u00fcne\\u015fe g\\u00f6re g\\u00f6r\\u00fcnen konumlar\\u0131n\\u0131 de\\u011fi\\u015ftirir, \\u00f6yle ki ayn\\u0131 y\\u0131ld\\u0131z sonsuza kadar g\\u00fcne\\u015f habercisi olarak hizmet edemez; ama \\u00f6te yandan, bu de\\u011fi\\u015fimler o kadar yava\\u015f ki, kaymay\\u0131 tespit etmek i\\u00e7in bir\\u00e7ok g\\u00f6kbilimci ku\\u015fa\\u011f\\u0131n\\u0131n g\\u00f6zlemleri gerekecektir.\\n\\nKan\\u0131tlar tam olarak kan\\u0131tlay\\u0131c\\u0131 olmasa da Lockyer, M\\u0131s\\u0131rl\\u0131lar\\u0131n astronomik g\\u00f6zlemlerinin k\\u00f6pek y\\u0131ld\\u0131z\\u0131 Sothis'in yaz g\\u00fcnd\\u00f6n\\u00fcm\\u00fc sabah\\u0131 g\\u00fcne\\u015fle yak\\u0131n ili\\u015fkide olmad\\u0131\\u011f\\u0131 bir d\\u00f6neme kadar uzand\\u0131\\u011f\\u0131na inan\\u0131yor.\\n\\nYine de Biot'un hesaplar\\u0131na g\\u00f6re, g\\u00fcnd\\u00f6n\\u00fcm\\u00fcnde Sothis'in helyasal y\\u00fckseli\\u015fi M\\u00d6 3285 gibi erken bir tarihte kaydedildi ve bu y\\u0131ld\\u0131z\\u0131n sonraki y\\u00fczy\\u0131llar boyunca bu \\u00f6zel prestij konumunu korumaya devam etti\\u011fi kesindir.\\n\\nBu nedenle, M\\u0131s\\u0131r'\\u0131n en \\u00f6nemli tanr\\u0131lar\\u0131ndan biri olan \\u0130sis ile ili\\u015fkilendirilmeye ba\\u015fland\\u0131 ve Sothis'in sabah g\\u00f6ky\\u00fcz\\u00fcnde ilk kez g\\u00f6r\\u00fcnd\\u00fc\\u011f\\u00fc g\\u00fcn yeni y\\u0131l\\u0131n ba\\u015flang\\u0131c\\u0131 oldu; o g\\u00fcn, daha \\u00f6nce belirtildi\\u011fi gibi, yaz g\\u00fcnd\\u00f6n\\u00fcm\\u00fc ve Nil ak\\u0131\\u015f\\u0131n\\u0131n ba\\u015flang\\u0131c\\u0131 ile ayn\\u0131 zamana denk geliyor.\\n\\nAma \\u015fimdi, g\\u00fcn\\u00fcn o hesaba kat\\u0131lmam\\u0131\\u015f \\u00e7eyre\\u011finin getirdi\\u011fi zorluklar i\\u00e7in. A\\u00e7\\u0131k\\u00e7as\\u0131, yaln\\u0131zca 365 g\\u00fcnl\\u00fck bir takvimle, d\\u00f6rt y\\u0131l\\u0131n sonunda, takvim y\\u0131l\\u0131 veya M\\u0131s\\u0131rl\\u0131lar\\u0131n adland\\u0131rd\\u0131\\u011f\\u0131 \\u015fekliyle belirsiz y\\u0131l, ger\\u00e7ek g\\u00fcne\\u015f y\\u0131l\\u0131na, yani g\\u00fcne\\u015f y\\u0131l\\u0131na g\\u00f6re bir tam g\\u00fcn kazanm\\u0131\\u015ft\\u0131. K\\u00f6pek y\\u0131ld\\u0131z\\u0131 Sothis'in y\\u00fckseli\\u015fi, hatal\\u0131 takvimin yeni y\\u0131l g\\u00fcn\\u00fcnde de\\u011fil, bir g\\u00fcn sonra ger\\u00e7ekle\\u015fecekti.\\n\\nVe birbirini takip eden her d\\u00f6rt y\\u0131ll\\u0131k d\\u00f6nemde, y\\u0131l\\u0131n ger\\u00e7ek ba\\u015flang\\u0131c\\u0131n\\u0131 belirleyen ve yine de tabii ki su bask\\u0131n\\u0131 ile \\u00e7ak\\u0131\\u015fan g\\u00fcne\\u015f do\\u011fu\\u015fu g\\u00fcn\\u00fc, takvimden bir g\\u00fcn daha geride kalacakt\\u0131.\\n\\n120 y\\u0131l boyunca koca bir ay kaybedilirdi; ve 480 y\\u0131lda o kadar b\\u00fcy\\u00fck bir kayma olur ki, mevsimler tamamen yersiz olur; takvimin tohum zaman\\u0131 olarak kaydetti\\u011fi \\u015feye kar\\u015f\\u0131l\\u0131k gelen ger\\u00e7ek su bask\\u0131n\\u0131 zaman\\u0131 ve takvimin hasat zaman\\u0131na kar\\u015f\\u0131l\\u0131k gelir.\\n\\n\\u0130lk ba\\u015fta bunun \\u00e7ok garip ve kafa kar\\u0131\\u015ft\\u0131r\\u0131c\\u0131 g\\u00f6r\\u00fcnd\\u00fc\\u011f\\u00fcn\\u00fc d\\u00fc\\u015f\\u00fcnd\\u00fcm, ancak b\\u00fcy\\u00fck olas\\u0131l\\u0131kla etkiler ger\\u00e7ek uygulamada hi\\u00e7 bu kadar fazla de\\u011fildi. Aylar ve g\\u00fcnler itibariyle mevsim adlar\\u0131n\\u0131n \\u00e7o\\u011fumuzun zihninde tamamen geleneksel bir anlam kazand\\u0131\\u011f\\u0131n\\u0131 bilmek i\\u00e7in kendi deneyimlerimizden \\u00f6teye gitmemize gerek yoktur.\\n\\n\\u00d6yleyse, kendi takvimimiz o kadar kusurlu olsayd\\u0131 ki, 120 y\\u0131l boyunca \\u015eubat ay\\u0131 ilk Ocak ay\\u0131 konumuna geri kaym\\u0131\\u015f olsayd\\u0131, de\\u011fi\\u015fiklik o kadar kademeli olurdu ki, iki ya da daha fazla ya\\u015fam s\\u00fcresini kapsayabilirdi. ortalama d\\u00f6rt ya da be\\u015f nesil, genel g\\u00f6zlemden pekala ka\\u00e7abilir.\"},\"primaryImageOfPage\":{\"@id\":\"https:\\\/\\\/bestessayhomework.com\\\/tr\\\/alfabenin-degistigi-gunlerde-edebiyat-edebiyat-alaninda-tez-yaptirma-edebiyat-tez-yaptirma-ucretleri-edebiyat-odevleri-edebiyat-odev-ucretleri\\\/#mainImage\"},\"datePublished\":\"2022-01-30T17:30:37+03:00\",\"dateModified\":\"2022-01-30T17:30:37+03:00\"},{\"@type\":\"WebSite\",\"@id\":\"https:\\\/\\\/bestessayhomework.com\\\/tr\\\/#website\",\"url\":\"https:\\\/\\\/bestessayhomework.com\\\/tr\\\/\",\"name\":\"En \\u0130yi Essay\",\"description\":\"bestessayhomework@gmail.com - Bize Mail Kanal\\u0131m\\u0131zdan veya sa\\u011f alt k\\u00f6\\u015fedeki Whatsapp tu\\u015fundan Ula\\u015f\\u0131n - 0 (312) 276 75 93 -Essay Yapt\\u0131rma, Essay Yazd\\u0131rma, Parayla Essay Yazd\\u0131rma, Parayla Essay Yapt\\u0131rma, \\u00dccretli Essay, \\u00dccretli Essay Yapt\\u0131rma, Profesyonel Essay Yapt\\u0131rma,   Essay Projesi Yapt\\u0131r, Essay \\u00d6dev Yard\\u0131m\\u0131 Al, Essay D\\u00fczenleme, Essay Projesi Yapt\\u0131r,   Essay Sepeti, Essay Fiyat Teklifi Al, Essay Dan\\u0131\\u015fmanl\\u0131k, Essay Ar\\u015fivleri, Essay Kategorisi,   Essay Yazd\\u0131rmak, Essay Yazd\\u0131rma \\u00dccreti, Essay Sunum, Essay \\u00c7eviri, Essay Yazd\\u0131rma \\u00dccreti,   \\u00dccretli Essay Yazd\\u0131rma, Essay Yazd\\u0131rma Siteleri, Parayla Essay Yazma, \\u00d6dev Yazd\\u0131rma, Essay Yazd\\u0131rmak \\u0130stiyorum,   Research Paper Yazd\\u0131rmak, Argumentative Essay Topics, Cause Effect Essay \\u00d6rnekleri, Classification Essay, Essay \\u00c7e\\u015fitleri,   Essay Rehberi, Opinion Essay Examples, Makale Yazd\\u0131rma, Kompozisyon Yazd\\u0131rma, Parayla Makale Yazd\\u0131rma,   Parayla Kompozisyon Yazd\\u0131rma, \\u00dccretli Makale, \\u00dccretli Kompozisyon, Profesyonel Makale Yapt\\u0131rma, Profesyonel Kompozisyon Yapt\\u0131rma,   Makale Projesi Yapt\\u0131r, Makale \\u00d6dev Yard\\u0131m\\u0131 Al, Makale D\\u00fczenleme, Makale Projesi Yapt\\u0131r, Makale Sepeti,   Makale Fiyat Teklifi Al, Makale Dan\\u0131\\u015fmanl\\u0131k, Makale Ar\\u015fivleri, Makale Kategorisi, Makale Yazd\\u0131rmak, Makale Yazd\\u0131rma \\u00dccreti,   Makale Sunum, Makale \\u00c7eviri, Makale Yazd\\u0131rma \\u00dccreti, \\u00dccretli Makale Yazd\\u0131rma, Makale Yazd\\u0131rma Siteleri, Parayla Makale Yazma, Makale Sepeti,  Makale Yazd\\u0131rmak \\u0130stiyorum, \\u00d6dev Dan\\u0131\\u015fmanl\\u0131\\u011f\\u0131, \\u00d6dev Yapt\\u0131rma, Tez Yazd\\u0131rma, Makale YAZDIRMA siteleri, Parayla makale YAZDIRMA, Seo makale fiyatlar\\u0131, Sayfa ba\\u015f\\u0131 yaz\\u0131 yazma \\u00fccreti, \\u0130ngilizce makale yazd\\u0131rma, Akademik makale YAZDIRMA, Makale Fiyatlar\\u0131 2022, Makale yazma, Blog Yazd\\u0131rma, Blog Yazd\\u0131rmak \\u0130stiyorum, Essay yazma Uygulamas\\u0131, Essay Yazma sitesi, \\u0130ngilizce metin yazma sitesi, Writing yazma sitesi, Essay d\\u00fczeltici, Essay Kontrol ettirme, Gramer kontrol, \\u0130ngilizce Gramer d\\u00fczeltme uygulamas\\u0131, \\u0130ngilizce c\\u00fcmle d\\u00fczeltme sitesi, Essay kontrol siteleri, Tez Yapt\\u0131rma, Seo Uyumlu Blog Yapt\\u0131rma\",\"inLanguage\":\"tr-TR\",\"publisher\":{\"@id\":\"https:\\\/\\\/bestessayhomework.com\\\/tr\\\/#organization\"}}]}\n\t\t<\/script>\n\t\t<!-- All in One SEO Pro -->\r\n\t\t<title>Alfabenin De\u011fi\u015fti\u011fi G\u00fcnlerde Edebiyat \u2013 Edebiyat Alan\u0131nda Tez Yapt\u0131rma \u2013 Edebiyat Tez Yapt\u0131rma \u00dccretleri \u2013 Edebiyat \u00d6devleri \u2013 Edebiyat \u00d6dev \u00dccretleri | En \u0130yi Essay<\/title>\n\n","aioseo_head_json":{"title":"Alfabenin De\u011fi\u015fti\u011fi G\u00fcnlerde Edebiyat \u2013 Edebiyat Alan\u0131nda Tez Yapt\u0131rma \u2013 Edebiyat Tez Yapt\u0131rma \u00dccretleri \u2013 Edebiyat \u00d6devleri \u2013 Edebiyat \u00d6dev \u00dccretleri | En \u0130yi Essay","description":"Alfabenin De\u011fi\u015fti\u011fi G\u00fcnlerde Edebiyat 1927 ve 1928 aras\u0131nda hemen hemen t\u00fcm T\u00fcrkler, birka\u00e7 istisna d\u0131\u015f\u0131nda ve sonunda \u00e7e\u015fitli uyarlanm\u0131\u015f bi\u00e7imlerde, birka\u00e7 y\u00fczy\u0131l boyunca kulland\u0131klar\u0131 Arap alfabesinden vazge\u00e7tiler. 1927 ve 1928'de Sovyetler Birli\u011fi'ndeki T\u00fcrklerin neredeyse tamam\u0131, 1938-1940'a kadar kullan\u0131mda kalacak olan Latin alfabesini kabul ettikten sonra, T\u00fcrkiye de bu durumda kal\u0131c\u0131 olacak ve ellinci y\u0131l d\u00f6n\u00fcm\u00fc","canonical_url":"https:\/\/bestessayhomework.com\/tr\/alfabenin-degistigi-gunlerde-edebiyat-edebiyat-alaninda-tez-yaptirma-edebiyat-tez-yaptirma-ucretleri-edebiyat-odevleri-edebiyat-odev-ucretleri\/","robots":"max-image-preview:large","keywords":"alfabe,alfabe de\u011fi\u015fikli\u011fi i\u00e7in ilk tart\u0131\u015fmalar hangi d\u00f6nemde yap\u0131lm\u0131\u015ft\u0131r,alfabe de\u011fi\u015fiminde din hangi y\u00f6nde etkili olmu\u015ftur,alfabenin tarihsel geli\u015fimi,d\u00fcnya alfabeleri,d\u00fcnyadaki ilk alfabe,latin alfabesi,t\u00fcrk alfabesinin tarihi geli\u015fimi","webmasterTools":{"google-site-verification":"_Do0m5hW5EZGn6W1I0rvGqv6s_5Fr6nHI8Uj9qTWHMM","miscellaneous":""},"schema":{"@context":"https:\/\/schema.org","@graph":[{"@type":"Article","@id":"https:\/\/bestessayhomework.com\/tr\/alfabenin-degistigi-gunlerde-edebiyat-edebiyat-alaninda-tez-yaptirma-edebiyat-tez-yaptirma-ucretleri-edebiyat-odevleri-edebiyat-odev-ucretleri\/#article","name":"Alfabenin De\u011fi\u015fti\u011fi G\u00fcnlerde Edebiyat \u2013 Edebiyat Alan\u0131nda Tez Yapt\u0131rma \u2013 Edebiyat Tez Yapt\u0131rma \u00dccretleri \u2013 Edebiyat \u00d6devleri \u2013 Edebiyat \u00d6dev \u00dccretleri | En \u0130yi Essay","headline":"Alfabenin De\u011fi\u015fti\u011fi G\u00fcnlerde Edebiyat \u2013 Edebiyat Alan\u0131nda Tez Yapt\u0131rma \u2013 Edebiyat Tez Yapt\u0131rma \u00dccretleri \u2013 Edebiyat \u00d6devleri \u2013 Edebiyat \u00d6dev \u00dccretleri","author":{"@id":"https:\/\/bestessayhomework.com\/tr\/author\/tercuman32\/#author"},"publisher":{"@id":"https:\/\/bestessayhomework.com\/tr\/#organization"},"image":{"@type":"ImageObject","url":"https:\/\/bestessayhomework.com\/tr\/wp-content\/uploads\/2022\/01\/asd.jpg","width":650,"height":344,"caption":"Tarihsel D\u00f6nemler\n\nM\u0131s\u0131rl\u0131lar\u0131n en eski tarihsel d\u00f6nemlerden beri y\u0131l\u0131n yakla\u015f\u0131k uzunlu\u011funun fark\u0131nda olduklar\u0131 kesindir. Nil selinden Nil seline veya g\u00fcnd\u00f6n\u00fcm\u00fcnden g\u00fcnd\u00f6n\u00fcm\u00fcne g\u00fcn kayd\u0131n\u0131n kolayl\u0131kla tutulabilece\u011fi d\u00fc\u015f\u00fcn\u00fcl\u00fcrse, ba\u015fka t\u00fcrl\u00fc olmas\u0131 tuhaf olurdu. Ancak bu, elbette, yaln\u0131zca yakla\u015f\u0131k bir say\u0131 i\u00e7in ge\u00e7erlidir.\n\nEn erken d\u00f6nemde M\u0131s\u0131rl\u0131lar\u0131n bu say\u0131y\u0131 sadece 360 g\u00fcn yapt\u0131klar\u0131na inanmak i\u00e7in baz\u0131 nedenler var. Y\u0131llar\u0131n\u0131n otuz g\u00fcnden olu\u015fan on iki aya b\u00f6l\u00fcnm\u00fc\u015f olmas\u0131 bu inanca renk katmaktad\u0131r; ancak her hal\u00fckarda, yanl\u0131\u015fl\u0131k zaman\u0131nda fark edilmi\u015f ve on ikinci ay\u0131n sonu ile yeni y\u0131l aras\u0131na be\u015f g\u00fcnl\u00fck bir \"k\u00fc\u00e7\u00fck ay\" enterpolasyonu yap\u0131larak k\u0131smi bir \u00e7are uygulanm\u0131\u015ft\u0131r.\n\nBu, sorunu neredeyse ama tam olarak \u00e7\u00f6zmedi. A\u00e7\u0131k\u00e7a ba\u015far\u0131s\u0131z oldu\u011fu \u015fey, ger\u00e7ek y\u0131l\u0131 ger\u00e7ekten tamamlayan bir g\u00fcn\u00fcn bu ek \u00e7eyre\u011fini hesaba katmakt\u0131.\n\nD\u00fcnyan\u0131n, g\u00fcne\u015f etraf\u0131ndaki ge\u00e7i\u015f h\u0131z\u0131yla d\u00f6nme hareketini y\u0131ll\u0131k u\u00e7u\u015funu tam olarak 360 g\u00fcnde yapacak \u015fekilde ayarlamas\u0131 \u015fans eseri insanl\u0131k i\u00e7in son derece uygun bir \u015fey olurdu.\n\nO zaman, her biri otuz g\u00fcnl\u00fck on iki kameri ay tam olarak g\u00fcne\u015f y\u0131l\u0131na denk gelecek ve tarih \u00f6\u011frencilerinin kafas\u0131n\u0131 kar\u0131\u015ft\u0131ran takvimin karma\u015f\u0131kl\u0131klar\u0131n\u0131n \u00e7o\u011fundan ka\u00e7\u0131n\u0131lm\u0131\u015f olacakt\u0131; ama \u00f6te yandan, belki de bu basitlik, insanlar\u0131n g\u00f6kleri eskisi kadar dikkatli ara\u015ft\u0131rmas\u0131n\u0131 engelleyerek astronomik bilime zarar verebilirdi.\n\nOlabildi\u011fince, karma\u015f\u0131kl\u0131k var. \u00dc\u00e7 y\u00fcz altm\u0131\u015f be\u015f ve (yakla\u015f\u0131k) bir \u00e7eyrek g\u00fcnl\u00fck ger\u00e7ek y\u0131l, aylara e\u015fit olarak b\u00f6l\u00fcnemez ve g\u00fcnlerin burada ve orada araya eklenmesi gibi baz\u0131 \u00e7areler esast\u0131r, aksi takdirde takvim kesinlikle uyumsuz hale gelir.\u00a0\n\nM\u0131s\u0131rl\u0131lar s\u00f6z konusu oldu\u011funda, az \u00f6nce belirtildi\u011fi gibi, M\u0131s\u0131rl\u0131lar\u0131n kendilerinin \"y\u0131l\u0131n be\u015f g\u00fcn\u00fc\" olarak adland\u0131rd\u0131klar\u0131 \u015feyi olu\u015fturan be\u015f g\u00fcn\u00fcn tan\u0131t\u0131lmas\u0131yla ayarlama giri\u015fiminde bulunuldu. Bu s\u00f6zde epagomenal g\u00fcnler \u015f\u00fcphesiz \u00e7ok erken bir d\u00f6nemde tan\u0131t\u0131ld\u0131.\n\nMaspero, Osiris efsanesinin bu g\u00fcnlerin Nuit'in t\u00fcm \u00e7ocuklar\u0131n\u0131 do\u011furmas\u0131na izin vermek i\u00e7in tanr\u0131 Thot taraf\u0131ndan yarat\u0131ld\u0131\u011f\u0131n\u0131 a\u00e7\u0131klad\u0131\u011f\u0131 ger\u00e7e\u011fini kan\u0131tlayarak, bunlar\u0131n ilk Thinite hanedan\u0131ndan \u00f6nce kullan\u0131ld\u0131\u011f\u0131n\u0131 savunuyor; bu \u00e7are, Nuit'e y\u0131l\u0131n herhangi bir g\u00fcn\u00fcnde \u00e7ocuk do\u011furamayaca\u011f\u0131na dair ilan edilen bir yasa\u011f\u0131n \u00fcstesinden gelmek i\u00e7in gerekliydi.\n\nAma elbette ek be\u015f g\u00fcn takvimi tam olarak d\u00fczeltmeye yetmiyor. Hesaplanacak ek bir \u00e7eyrek g\u00fcn kald\u0131. Bu, elbette, her d\u00f6rt y\u0131lda bir tam g\u00fcn anlam\u0131na gelir. Daha sonra \u0130skenderiye biliminin her d\u00f6rt y\u0131lda bir bir g\u00fcn eklemek gibi bir \u00e7are buldu\u011funu g\u00f6rece\u011fiz.\n\nAma ne yaz\u0131k ki, eski M\u0131s\u0131rl\u0131 bu ek g\u00fcn\u00fcn gereklili\u011fini fark edemedi ya da fark ettiyse bile bilgisine g\u00f6re hareket edemedi ve \u00f6yle oldu ki, uzak ge\u00e7mi\u015fte bir yerde yeni bir y\u0131l g\u00fcn\u00fcnden ba\u015flayarak Nil'in sular alt\u0131nda kalmas\u0131yla ayn\u0131 zamana denk geldi\u011finden, zaman ge\u00e7tik\u00e7e takvim ve mevsimlerde s\u00fcrekli de\u011fi\u015fen bir uyumsuzluk vard\u0131.\n\nA\u00e7\u0131klanmas\u0131 gereken M\u0131s\u0131r mevsimlerinin say\u0131s\u0131 \u00fc\u00e7t\u00fc: sel mevsimi, tohum zaman\u0131 mevsimi ve hasat mevsimi; her sezon elbette d\u00f6rt ayd\u0131r. Ba\u015flang\u0131\u00e7ta, az \u00f6nce de belirtildi\u011fi gibi, su bask\u0131n\u0131 mevsimi ba\u015flad\u0131 ve ger\u00e7ek su bask\u0131n\u0131 zaman\u0131 ile ayn\u0131 zamana denk geldi.\n\nYeni y\u0131l g\u00fcn\u00fcn\u00fcn daha kesin tespiti, M\u0131s\u0131rl\u0131lar\u0131n Sothis ad\u0131n\u0131 ta\u015f\u0131yan k\u00f6pek y\u0131ld\u0131z\u0131 Sirius'un s\u00f6zde g\u00fcne\u015f do\u011fu\u015fu zaman\u0131n\u0131n g\u00f6zlemlenmesiyle ba\u015far\u0131ld\u0131. Heliopolis b\u00f6lgesinden bak\u0131ld\u0131\u011f\u0131nda, yaz g\u00fcnd\u00f6n\u00fcm\u00fc s\u0131ras\u0131nda g\u00fcne\u015fin g\u00f6klerde k\u00f6pek y\u0131ld\u0131z\u0131na yak\u0131n bir konumda olmas\u0131 muhtemeldir.\n\n\u015eimdi, \u00e7ok iyi bilindi\u011fi gibi, M\u0131s\u0131rl\u0131lar, hemen hemen her do\u011fa olgusunun gerisinde tanr\u0131sall\u0131\u011f\u0131 g\u00f6rerek, \u00e7ok do\u011fal olarak g\u00fcne\u015f-tanr\u0131s\u0131 gibi etkili oldu\u011fu a\u00e7\u0131k\u00e7a belli olan bir \u015fahsiyete \u00f6zel bir h\u00fcrmet g\u00f6sterdiler.\n\nTarih \u00f6ncesi d\u00f6nemler\nTarih \u00f6ncesi \u00c7a\u011flar s\u0131ras\u0131yla\nTarih sonras\u0131 devirler\nTarihi \u00c7a\u011flar\nTarihi \u00e7a\u011flar s\u0131ralamas\u0131\ntarihi \u00e7a\u011flar \nKalkolitik d\u00f6nem\nG\u00fcn\u00fcm\u00fcze en Yak\u0131n d\u00f6nem Neolitik\n\nBilhassa, sabah M\u0131s\u0131r turuna \u00e7\u0131karken ona biat etmeyi uygun g\u00f6rd\u00fcler; M\u0131s\u0131rl\u0131 astronom rahipler, tap\u0131naklar\u0131n\u0131n yak\u0131n\u0131ndaki tepelere t\u00fcnemi\u015f, geli\u015finin kesin an\u0131n\u0131 bilebilmek i\u00e7in, g\u00fcne\u015f \u0131\u015f\u0131nlar\u0131ndan \u00f6nce geldi\u011fi g\u00f6zlemlenmi\u015f bir y\u0131ld\u0131za at\u0131fta bulunarak do\u011fu ufkunu taramay\u0131 adet edinmi\u015flerdi.\n\nElbette ekinokslar\u0131n devinimleri, beceriksiz d\u00fcnyam\u0131z\u0131n i\u00e7ine d\u00fc\u015ft\u00fc\u011f\u00fc eksenel yalpalama nedeniyle, sabit y\u0131ld\u0131zlar\u0131n g\u00fcne\u015fe g\u00f6re g\u00f6r\u00fcnen konumlar\u0131n\u0131 de\u011fi\u015ftirir, \u00f6yle ki ayn\u0131 y\u0131ld\u0131z sonsuza kadar g\u00fcne\u015f habercisi olarak hizmet edemez; ama \u00f6te yandan, bu de\u011fi\u015fimler o kadar yava\u015f ki, kaymay\u0131 tespit etmek i\u00e7in bir\u00e7ok g\u00f6kbilimci ku\u015fa\u011f\u0131n\u0131n g\u00f6zlemleri gerekecektir.\n\nKan\u0131tlar tam olarak kan\u0131tlay\u0131c\u0131 olmasa da Lockyer, M\u0131s\u0131rl\u0131lar\u0131n astronomik g\u00f6zlemlerinin k\u00f6pek y\u0131ld\u0131z\u0131 Sothis'in yaz g\u00fcnd\u00f6n\u00fcm\u00fc sabah\u0131 g\u00fcne\u015fle yak\u0131n ili\u015fkide olmad\u0131\u011f\u0131 bir d\u00f6neme kadar uzand\u0131\u011f\u0131na inan\u0131yor.\n\nYine de Biot'un hesaplar\u0131na g\u00f6re, g\u00fcnd\u00f6n\u00fcm\u00fcnde Sothis'in helyasal y\u00fckseli\u015fi M\u00d6 3285 gibi erken bir tarihte kaydedildi ve bu y\u0131ld\u0131z\u0131n sonraki y\u00fczy\u0131llar boyunca bu \u00f6zel prestij konumunu korumaya devam etti\u011fi kesindir.\n\nBu nedenle, M\u0131s\u0131r'\u0131n en \u00f6nemli tanr\u0131lar\u0131ndan biri olan \u0130sis ile ili\u015fkilendirilmeye ba\u015fland\u0131 ve Sothis'in sabah g\u00f6ky\u00fcz\u00fcnde ilk kez g\u00f6r\u00fcnd\u00fc\u011f\u00fc g\u00fcn yeni y\u0131l\u0131n ba\u015flang\u0131c\u0131 oldu; o g\u00fcn, daha \u00f6nce belirtildi\u011fi gibi, yaz g\u00fcnd\u00f6n\u00fcm\u00fc ve Nil ak\u0131\u015f\u0131n\u0131n ba\u015flang\u0131c\u0131 ile ayn\u0131 zamana denk geliyor.\n\nAma \u015fimdi, g\u00fcn\u00fcn o hesaba kat\u0131lmam\u0131\u015f \u00e7eyre\u011finin getirdi\u011fi zorluklar i\u00e7in. A\u00e7\u0131k\u00e7as\u0131, yaln\u0131zca 365 g\u00fcnl\u00fck bir takvimle, d\u00f6rt y\u0131l\u0131n sonunda, takvim y\u0131l\u0131 veya M\u0131s\u0131rl\u0131lar\u0131n adland\u0131rd\u0131\u011f\u0131 \u015fekliyle belirsiz y\u0131l, ger\u00e7ek g\u00fcne\u015f y\u0131l\u0131na, yani g\u00fcne\u015f y\u0131l\u0131na g\u00f6re bir tam g\u00fcn kazanm\u0131\u015ft\u0131. K\u00f6pek y\u0131ld\u0131z\u0131 Sothis'in y\u00fckseli\u015fi, hatal\u0131 takvimin yeni y\u0131l g\u00fcn\u00fcnde de\u011fil, bir g\u00fcn sonra ger\u00e7ekle\u015fecekti.\n\nVe birbirini takip eden her d\u00f6rt y\u0131ll\u0131k d\u00f6nemde, y\u0131l\u0131n ger\u00e7ek ba\u015flang\u0131c\u0131n\u0131 belirleyen ve yine de tabii ki su bask\u0131n\u0131 ile \u00e7ak\u0131\u015fan g\u00fcne\u015f do\u011fu\u015fu g\u00fcn\u00fc, takvimden bir g\u00fcn daha geride kalacakt\u0131.\n\n120 y\u0131l boyunca koca bir ay kaybedilirdi; ve 480 y\u0131lda o kadar b\u00fcy\u00fck bir kayma olur ki, mevsimler tamamen yersiz olur; takvimin tohum zaman\u0131 olarak kaydetti\u011fi \u015feye kar\u015f\u0131l\u0131k gelen ger\u00e7ek su bask\u0131n\u0131 zaman\u0131 ve takvimin hasat zaman\u0131na kar\u015f\u0131l\u0131k gelir.\n\n\u0130lk ba\u015fta bunun \u00e7ok garip ve kafa kar\u0131\u015ft\u0131r\u0131c\u0131 g\u00f6r\u00fcnd\u00fc\u011f\u00fcn\u00fc d\u00fc\u015f\u00fcnd\u00fcm, ancak b\u00fcy\u00fck olas\u0131l\u0131kla etkiler ger\u00e7ek uygulamada hi\u00e7 bu kadar fazla de\u011fildi. Aylar ve g\u00fcnler itibariyle mevsim adlar\u0131n\u0131n \u00e7o\u011fumuzun zihninde tamamen geleneksel bir anlam kazand\u0131\u011f\u0131n\u0131 bilmek i\u00e7in kendi deneyimlerimizden \u00f6teye gitmemize gerek yoktur.\n\n\u00d6yleyse, kendi takvimimiz o kadar kusurlu olsayd\u0131 ki, 120 y\u0131l boyunca \u015eubat ay\u0131 ilk Ocak ay\u0131 konumuna geri kaym\u0131\u015f olsayd\u0131, de\u011fi\u015fiklik o kadar kademeli olurdu ki, iki ya da daha fazla ya\u015fam s\u00fcresini kapsayabilirdi. ortalama d\u00f6rt ya da be\u015f nesil, genel g\u00f6zlemden pekala ka\u00e7abilir."},"datePublished":"2022-01-30T17:30:37+03:00","dateModified":"2022-01-30T17:30:37+03:00","inLanguage":"tr-TR","mainEntityOfPage":{"@id":"https:\/\/bestessayhomework.com\/tr\/alfabenin-degistigi-gunlerde-edebiyat-edebiyat-alaninda-tez-yaptirma-edebiyat-tez-yaptirma-ucretleri-edebiyat-odevleri-edebiyat-odev-ucretleri\/#webpage"},"isPartOf":{"@id":"https:\/\/bestessayhomework.com\/tr\/alfabenin-degistigi-gunlerde-edebiyat-edebiyat-alaninda-tez-yaptirma-edebiyat-tez-yaptirma-ucretleri-edebiyat-odevleri-edebiyat-odev-ucretleri\/#webpage"},"articleSection":"Alfabe de\u011fi\u015fikli\u011fi i\u00e7in ilk tart\u0131\u015fmalar hangi d\u00f6nemde yap\u0131lm\u0131\u015ft\u0131r, Alfabe de\u011fi\u015fiminde din hangi y\u00f6nde etkili olmu\u015ftur, Alfabenin Tarihsel Geli\u015fimi, T\u00fcrk alfabesinin Tarihi Geli\u015fimi, Alfabe, Alfabe de\u011fi\u015fikli\u011fi i\u00e7in ilk tart\u0131\u015fmalar hangi d\u00f6nemde yap\u0131lm\u0131\u015ft\u0131r, Alfabe de\u011fi\u015fiminde din hangi y\u00f6nde etkili olmu\u015ftur, Alfabenin Tarihsel Geli\u015fimi, D\u00fcnya alfabeleri, D\u00fcnyadaki ilk alfabe, Latin alfabesi, T\u00fcrk alfabesinin Tarihi Geli\u015fimi"},{"@type":"BreadcrumbList","@id":"https:\/\/bestessayhomework.com\/tr\/alfabenin-degistigi-gunlerde-edebiyat-edebiyat-alaninda-tez-yaptirma-edebiyat-tez-yaptirma-ucretleri-edebiyat-odevleri-edebiyat-odev-ucretleri\/#breadcrumblist","itemListElement":[{"@type":"ListItem","@id":"https:\/\/bestessayhomework.com\/tr#listItem","position":1,"name":"Ev","item":"https:\/\/bestessayhomework.com\/tr","nextItem":{"@type":"ListItem","@id":"https:\/\/bestessayhomework.com\/tr\/category\/alfabe-degisikligi-icin-ilk-tartismalar-hangi-donemde-yapilmistir\/#listItem","name":"Alfabe de\u011fi\u015fikli\u011fi i\u00e7in ilk tart\u0131\u015fmalar hangi d\u00f6nemde yap\u0131lm\u0131\u015ft\u0131r"}},{"@type":"ListItem","@id":"https:\/\/bestessayhomework.com\/tr\/category\/alfabe-degisikligi-icin-ilk-tartismalar-hangi-donemde-yapilmistir\/#listItem","position":2,"name":"Alfabe de\u011fi\u015fikli\u011fi i\u00e7in ilk tart\u0131\u015fmalar hangi d\u00f6nemde yap\u0131lm\u0131\u015ft\u0131r","item":"https:\/\/bestessayhomework.com\/tr\/category\/alfabe-degisikligi-icin-ilk-tartismalar-hangi-donemde-yapilmistir\/","nextItem":{"@type":"ListItem","@id":"https:\/\/bestessayhomework.com\/tr\/alfabenin-degistigi-gunlerde-edebiyat-edebiyat-alaninda-tez-yaptirma-edebiyat-tez-yaptirma-ucretleri-edebiyat-odevleri-edebiyat-odev-ucretleri\/#listItem","name":"Alfabenin De\u011fi\u015fti\u011fi G\u00fcnlerde Edebiyat \u2013 Edebiyat Alan\u0131nda Tez Yapt\u0131rma \u2013 Edebiyat Tez Yapt\u0131rma \u00dccretleri \u2013 Edebiyat \u00d6devleri \u2013 Edebiyat \u00d6dev \u00dccretleri"},"previousItem":{"@type":"ListItem","@id":"https:\/\/bestessayhomework.com\/tr#listItem","name":"Ev"}},{"@type":"ListItem","@id":"https:\/\/bestessayhomework.com\/tr\/alfabenin-degistigi-gunlerde-edebiyat-edebiyat-alaninda-tez-yaptirma-edebiyat-tez-yaptirma-ucretleri-edebiyat-odevleri-edebiyat-odev-ucretleri\/#listItem","position":3,"name":"Alfabenin De\u011fi\u015fti\u011fi G\u00fcnlerde Edebiyat \u2013 Edebiyat Alan\u0131nda Tez Yapt\u0131rma \u2013 Edebiyat Tez Yapt\u0131rma \u00dccretleri \u2013 Edebiyat \u00d6devleri \u2013 Edebiyat \u00d6dev \u00dccretleri","previousItem":{"@type":"ListItem","@id":"https:\/\/bestessayhomework.com\/tr\/category\/alfabe-degisikligi-icin-ilk-tartismalar-hangi-donemde-yapilmistir\/#listItem","name":"Alfabe de\u011fi\u015fikli\u011fi i\u00e7in ilk tart\u0131\u015fmalar hangi d\u00f6nemde yap\u0131lm\u0131\u015ft\u0131r"}}]},{"@type":"Organization","@id":"https:\/\/bestessayhomework.com\/tr\/#organization","name":"Essay Yapt\u0131rma","description":"bestessayhomework@gmail.com - Bize Mail Kanal\u0131m\u0131zdan veya sa\u011f alt k\u00f6\u015fedeki Whatsapp tu\u015fundan Ula\u015f\u0131n - 0 (312) 276 75 93 -Essay Yapt\u0131rma, Essay Yazd\u0131rma, Parayla Essay Yazd\u0131rma, Parayla Essay Yapt\u0131rma, \u00dccretli Essay, \u00dccretli Essay Yapt\u0131rma, Profesyonel Essay Yapt\u0131rma,   Essay Projesi Yapt\u0131r, Essay \u00d6dev Yard\u0131m\u0131 Al, Essay D\u00fczenleme, Essay Projesi Yapt\u0131r,   Essay Sepeti, Essay Fiyat Teklifi Al, Essay Dan\u0131\u015fmanl\u0131k, Essay Ar\u015fivleri, Essay Kategorisi,   Essay Yazd\u0131rmak, Essay Yazd\u0131rma \u00dccreti, Essay Sunum, Essay \u00c7eviri, Essay Yazd\u0131rma \u00dccreti,   \u00dccretli Essay Yazd\u0131rma, Essay Yazd\u0131rma Siteleri, Parayla Essay Yazma, \u00d6dev Yazd\u0131rma, Essay Yazd\u0131rmak \u0130stiyorum,   Research Paper Yazd\u0131rmak, Argumentative Essay Topics, Cause Effect Essay \u00d6rnekleri, Classification Essay, Essay \u00c7e\u015fitleri,   Essay Rehberi, Opinion Essay Examples, Makale Yazd\u0131rma, Kompozisyon Yazd\u0131rma, Parayla Makale Yazd\u0131rma,   Parayla Kompozisyon Yazd\u0131rma, \u00dccretli Makale, \u00dccretli Kompozisyon, Profesyonel Makale Yapt\u0131rma, Profesyonel Kompozisyon Yapt\u0131rma,   Makale Projesi Yapt\u0131r, Makale \u00d6dev Yard\u0131m\u0131 Al, Makale D\u00fczenleme, Makale Projesi Yapt\u0131r, Makale Sepeti,   Makale Fiyat Teklifi Al, Makale Dan\u0131\u015fmanl\u0131k, Makale Ar\u015fivleri, Makale Kategorisi, Makale Yazd\u0131rmak, Makale Yazd\u0131rma \u00dccreti,   Makale Sunum, Makale \u00c7eviri, Makale Yazd\u0131rma \u00dccreti, \u00dccretli Makale Yazd\u0131rma, Makale Yazd\u0131rma Siteleri, Parayla Makale Yazma, Makale Sepeti,  Makale Yazd\u0131rmak \u0130stiyorum, \u00d6dev Dan\u0131\u015fmanl\u0131\u011f\u0131, \u00d6dev Yapt\u0131rma, Tez Yazd\u0131rma, Makale YAZDIRMA siteleri, Parayla makale YAZDIRMA, Seo makale fiyatlar\u0131, Sayfa ba\u015f\u0131 yaz\u0131 yazma \u00fccreti, \u0130ngilizce makale yazd\u0131rma, Akademik makale YAZDIRMA, Makale Fiyatlar\u0131 2022, Makale yazma, Blog Yazd\u0131rma, Blog Yazd\u0131rmak \u0130stiyorum, Essay yazma Uygulamas\u0131, Essay Yazma sitesi, \u0130ngilizce metin yazma sitesi, Writing yazma sitesi, Essay d\u00fczeltici, Essay Kontrol ettirme, Gramer kontrol, \u0130ngilizce Gramer d\u00fczeltme uygulamas\u0131, \u0130ngilizce c\u00fcmle d\u00fczeltme sitesi, Essay kontrol siteleri, Tez Yapt\u0131rma, Seo Uyumlu Blog Yapt\u0131rma 0 (312) 276 75 93","url":"https:\/\/bestessayhomework.com\/tr\/","telephone":"+905423712952","logo":{"@type":"ImageObject","url":"https:\/\/bestessayhomework.com\/tr\/wp-content\/uploads\/2024\/03\/10.webp","@id":"https:\/\/bestessayhomework.com\/tr\/alfabenin-degistigi-gunlerde-edebiyat-edebiyat-alaninda-tez-yaptirma-edebiyat-tez-yaptirma-ucretleri-edebiyat-odevleri-edebiyat-odev-ucretleri\/#organizationLogo","width":1280,"height":720},"image":{"@id":"https:\/\/bestessayhomework.com\/tr\/alfabenin-degistigi-gunlerde-edebiyat-edebiyat-alaninda-tez-yaptirma-edebiyat-tez-yaptirma-ucretleri-edebiyat-odevleri-edebiyat-odev-ucretleri\/#organizationLogo"}},{"@type":"Person","@id":"https:\/\/bestessayhomework.com\/tr\/author\/tercuman32\/#author","url":"https:\/\/bestessayhomework.com\/tr\/author\/tercuman32\/","name":"terc\u00fcman terc\u00fcman","image":{"@type":"ImageObject","url":"https:\/\/bestessayhomework.com\/tr\/wp-content\/litespeed\/avatar\/86c38c20b2eb3a1c431511229f015304.jpg?ver=1773154028"}},{"@type":"WebPage","@id":"https:\/\/bestessayhomework.com\/tr\/alfabenin-degistigi-gunlerde-edebiyat-edebiyat-alaninda-tez-yaptirma-edebiyat-tez-yaptirma-ucretleri-edebiyat-odevleri-edebiyat-odev-ucretleri\/#webpage","url":"https:\/\/bestessayhomework.com\/tr\/alfabenin-degistigi-gunlerde-edebiyat-edebiyat-alaninda-tez-yaptirma-edebiyat-tez-yaptirma-ucretleri-edebiyat-odevleri-edebiyat-odev-ucretleri\/","name":"Alfabenin De\u011fi\u015fti\u011fi G\u00fcnlerde Edebiyat \u2013 Edebiyat Alan\u0131nda Tez Yapt\u0131rma \u2013 Edebiyat Tez Yapt\u0131rma \u00dccretleri \u2013 Edebiyat \u00d6devleri \u2013 Edebiyat \u00d6dev \u00dccretleri | En \u0130yi Essay","description":"Alfabenin De\u011fi\u015fti\u011fi G\u00fcnlerde Edebiyat 1927 ve 1928 aras\u0131nda hemen hemen t\u00fcm T\u00fcrkler, birka\u00e7 istisna d\u0131\u015f\u0131nda ve sonunda \u00e7e\u015fitli uyarlanm\u0131\u015f bi\u00e7imlerde, birka\u00e7 y\u00fczy\u0131l boyunca kulland\u0131klar\u0131 Arap alfabesinden vazge\u00e7tiler. 1927 ve 1928'de Sovyetler Birli\u011fi'ndeki T\u00fcrklerin neredeyse tamam\u0131, 1938-1940'a kadar kullan\u0131mda kalacak olan Latin alfabesini kabul ettikten sonra, T\u00fcrkiye de bu durumda kal\u0131c\u0131 olacak ve ellinci y\u0131l d\u00f6n\u00fcm\u00fc","inLanguage":"tr-TR","isPartOf":{"@id":"https:\/\/bestessayhomework.com\/tr\/#website"},"breadcrumb":{"@id":"https:\/\/bestessayhomework.com\/tr\/alfabenin-degistigi-gunlerde-edebiyat-edebiyat-alaninda-tez-yaptirma-edebiyat-tez-yaptirma-ucretleri-edebiyat-odevleri-edebiyat-odev-ucretleri\/#breadcrumblist"},"author":{"@id":"https:\/\/bestessayhomework.com\/tr\/author\/tercuman32\/#author"},"creator":{"@id":"https:\/\/bestessayhomework.com\/tr\/author\/tercuman32\/#author"},"image":{"@type":"ImageObject","url":"https:\/\/bestessayhomework.com\/tr\/wp-content\/uploads\/2022\/01\/asd.jpg","@id":"https:\/\/bestessayhomework.com\/tr\/alfabenin-degistigi-gunlerde-edebiyat-edebiyat-alaninda-tez-yaptirma-edebiyat-tez-yaptirma-ucretleri-edebiyat-odevleri-edebiyat-odev-ucretleri\/#mainImage","width":650,"height":344,"caption":"Tarihsel D\u00f6nemler\n\nM\u0131s\u0131rl\u0131lar\u0131n en eski tarihsel d\u00f6nemlerden beri y\u0131l\u0131n yakla\u015f\u0131k uzunlu\u011funun fark\u0131nda olduklar\u0131 kesindir. Nil selinden Nil seline veya g\u00fcnd\u00f6n\u00fcm\u00fcnden g\u00fcnd\u00f6n\u00fcm\u00fcne g\u00fcn kayd\u0131n\u0131n kolayl\u0131kla tutulabilece\u011fi d\u00fc\u015f\u00fcn\u00fcl\u00fcrse, ba\u015fka t\u00fcrl\u00fc olmas\u0131 tuhaf olurdu. Ancak bu, elbette, yaln\u0131zca yakla\u015f\u0131k bir say\u0131 i\u00e7in ge\u00e7erlidir.\n\nEn erken d\u00f6nemde M\u0131s\u0131rl\u0131lar\u0131n bu say\u0131y\u0131 sadece 360 g\u00fcn yapt\u0131klar\u0131na inanmak i\u00e7in baz\u0131 nedenler var. Y\u0131llar\u0131n\u0131n otuz g\u00fcnden olu\u015fan on iki aya b\u00f6l\u00fcnm\u00fc\u015f olmas\u0131 bu inanca renk katmaktad\u0131r; ancak her hal\u00fckarda, yanl\u0131\u015fl\u0131k zaman\u0131nda fark edilmi\u015f ve on ikinci ay\u0131n sonu ile yeni y\u0131l aras\u0131na be\u015f g\u00fcnl\u00fck bir \"k\u00fc\u00e7\u00fck ay\" enterpolasyonu yap\u0131larak k\u0131smi bir \u00e7are uygulanm\u0131\u015ft\u0131r.\n\nBu, sorunu neredeyse ama tam olarak \u00e7\u00f6zmedi. A\u00e7\u0131k\u00e7a ba\u015far\u0131s\u0131z oldu\u011fu \u015fey, ger\u00e7ek y\u0131l\u0131 ger\u00e7ekten tamamlayan bir g\u00fcn\u00fcn bu ek \u00e7eyre\u011fini hesaba katmakt\u0131.\n\nD\u00fcnyan\u0131n, g\u00fcne\u015f etraf\u0131ndaki ge\u00e7i\u015f h\u0131z\u0131yla d\u00f6nme hareketini y\u0131ll\u0131k u\u00e7u\u015funu tam olarak 360 g\u00fcnde yapacak \u015fekilde ayarlamas\u0131 \u015fans eseri insanl\u0131k i\u00e7in son derece uygun bir \u015fey olurdu.\n\nO zaman, her biri otuz g\u00fcnl\u00fck on iki kameri ay tam olarak g\u00fcne\u015f y\u0131l\u0131na denk gelecek ve tarih \u00f6\u011frencilerinin kafas\u0131n\u0131 kar\u0131\u015ft\u0131ran takvimin karma\u015f\u0131kl\u0131klar\u0131n\u0131n \u00e7o\u011fundan ka\u00e7\u0131n\u0131lm\u0131\u015f olacakt\u0131; ama \u00f6te yandan, belki de bu basitlik, insanlar\u0131n g\u00f6kleri eskisi kadar dikkatli ara\u015ft\u0131rmas\u0131n\u0131 engelleyerek astronomik bilime zarar verebilirdi.\n\nOlabildi\u011fince, karma\u015f\u0131kl\u0131k var. \u00dc\u00e7 y\u00fcz altm\u0131\u015f be\u015f ve (yakla\u015f\u0131k) bir \u00e7eyrek g\u00fcnl\u00fck ger\u00e7ek y\u0131l, aylara e\u015fit olarak b\u00f6l\u00fcnemez ve g\u00fcnlerin burada ve orada araya eklenmesi gibi baz\u0131 \u00e7areler esast\u0131r, aksi takdirde takvim kesinlikle uyumsuz hale gelir.\u00a0\n\nM\u0131s\u0131rl\u0131lar s\u00f6z konusu oldu\u011funda, az \u00f6nce belirtildi\u011fi gibi, M\u0131s\u0131rl\u0131lar\u0131n kendilerinin \"y\u0131l\u0131n be\u015f g\u00fcn\u00fc\" olarak adland\u0131rd\u0131klar\u0131 \u015feyi olu\u015fturan be\u015f g\u00fcn\u00fcn tan\u0131t\u0131lmas\u0131yla ayarlama giri\u015fiminde bulunuldu. Bu s\u00f6zde epagomenal g\u00fcnler \u015f\u00fcphesiz \u00e7ok erken bir d\u00f6nemde tan\u0131t\u0131ld\u0131.\n\nMaspero, Osiris efsanesinin bu g\u00fcnlerin Nuit'in t\u00fcm \u00e7ocuklar\u0131n\u0131 do\u011furmas\u0131na izin vermek i\u00e7in tanr\u0131 Thot taraf\u0131ndan yarat\u0131ld\u0131\u011f\u0131n\u0131 a\u00e7\u0131klad\u0131\u011f\u0131 ger\u00e7e\u011fini kan\u0131tlayarak, bunlar\u0131n ilk Thinite hanedan\u0131ndan \u00f6nce kullan\u0131ld\u0131\u011f\u0131n\u0131 savunuyor; bu \u00e7are, Nuit'e y\u0131l\u0131n herhangi bir g\u00fcn\u00fcnde \u00e7ocuk do\u011furamayaca\u011f\u0131na dair ilan edilen bir yasa\u011f\u0131n \u00fcstesinden gelmek i\u00e7in gerekliydi.\n\nAma elbette ek be\u015f g\u00fcn takvimi tam olarak d\u00fczeltmeye yetmiyor. Hesaplanacak ek bir \u00e7eyrek g\u00fcn kald\u0131. Bu, elbette, her d\u00f6rt y\u0131lda bir tam g\u00fcn anlam\u0131na gelir. Daha sonra \u0130skenderiye biliminin her d\u00f6rt y\u0131lda bir bir g\u00fcn eklemek gibi bir \u00e7are buldu\u011funu g\u00f6rece\u011fiz.\n\nAma ne yaz\u0131k ki, eski M\u0131s\u0131rl\u0131 bu ek g\u00fcn\u00fcn gereklili\u011fini fark edemedi ya da fark ettiyse bile bilgisine g\u00f6re hareket edemedi ve \u00f6yle oldu ki, uzak ge\u00e7mi\u015fte bir yerde yeni bir y\u0131l g\u00fcn\u00fcnden ba\u015flayarak Nil'in sular alt\u0131nda kalmas\u0131yla ayn\u0131 zamana denk geldi\u011finden, zaman ge\u00e7tik\u00e7e takvim ve mevsimlerde s\u00fcrekli de\u011fi\u015fen bir uyumsuzluk vard\u0131.\n\nA\u00e7\u0131klanmas\u0131 gereken M\u0131s\u0131r mevsimlerinin say\u0131s\u0131 \u00fc\u00e7t\u00fc: sel mevsimi, tohum zaman\u0131 mevsimi ve hasat mevsimi; her sezon elbette d\u00f6rt ayd\u0131r. Ba\u015flang\u0131\u00e7ta, az \u00f6nce de belirtildi\u011fi gibi, su bask\u0131n\u0131 mevsimi ba\u015flad\u0131 ve ger\u00e7ek su bask\u0131n\u0131 zaman\u0131 ile ayn\u0131 zamana denk geldi.\n\nYeni y\u0131l g\u00fcn\u00fcn\u00fcn daha kesin tespiti, M\u0131s\u0131rl\u0131lar\u0131n Sothis ad\u0131n\u0131 ta\u015f\u0131yan k\u00f6pek y\u0131ld\u0131z\u0131 Sirius'un s\u00f6zde g\u00fcne\u015f do\u011fu\u015fu zaman\u0131n\u0131n g\u00f6zlemlenmesiyle ba\u015far\u0131ld\u0131. Heliopolis b\u00f6lgesinden bak\u0131ld\u0131\u011f\u0131nda, yaz g\u00fcnd\u00f6n\u00fcm\u00fc s\u0131ras\u0131nda g\u00fcne\u015fin g\u00f6klerde k\u00f6pek y\u0131ld\u0131z\u0131na yak\u0131n bir konumda olmas\u0131 muhtemeldir.\n\n\u015eimdi, \u00e7ok iyi bilindi\u011fi gibi, M\u0131s\u0131rl\u0131lar, hemen hemen her do\u011fa olgusunun gerisinde tanr\u0131sall\u0131\u011f\u0131 g\u00f6rerek, \u00e7ok do\u011fal olarak g\u00fcne\u015f-tanr\u0131s\u0131 gibi etkili oldu\u011fu a\u00e7\u0131k\u00e7a belli olan bir \u015fahsiyete \u00f6zel bir h\u00fcrmet g\u00f6sterdiler.\n\nTarih \u00f6ncesi d\u00f6nemler\nTarih \u00f6ncesi \u00c7a\u011flar s\u0131ras\u0131yla\nTarih sonras\u0131 devirler\nTarihi \u00c7a\u011flar\nTarihi \u00e7a\u011flar s\u0131ralamas\u0131\ntarihi \u00e7a\u011flar \nKalkolitik d\u00f6nem\nG\u00fcn\u00fcm\u00fcze en Yak\u0131n d\u00f6nem Neolitik\n\nBilhassa, sabah M\u0131s\u0131r turuna \u00e7\u0131karken ona biat etmeyi uygun g\u00f6rd\u00fcler; M\u0131s\u0131rl\u0131 astronom rahipler, tap\u0131naklar\u0131n\u0131n yak\u0131n\u0131ndaki tepelere t\u00fcnemi\u015f, geli\u015finin kesin an\u0131n\u0131 bilebilmek i\u00e7in, g\u00fcne\u015f \u0131\u015f\u0131nlar\u0131ndan \u00f6nce geldi\u011fi g\u00f6zlemlenmi\u015f bir y\u0131ld\u0131za at\u0131fta bulunarak do\u011fu ufkunu taramay\u0131 adet edinmi\u015flerdi.\n\nElbette ekinokslar\u0131n devinimleri, beceriksiz d\u00fcnyam\u0131z\u0131n i\u00e7ine d\u00fc\u015ft\u00fc\u011f\u00fc eksenel yalpalama nedeniyle, sabit y\u0131ld\u0131zlar\u0131n g\u00fcne\u015fe g\u00f6re g\u00f6r\u00fcnen konumlar\u0131n\u0131 de\u011fi\u015ftirir, \u00f6yle ki ayn\u0131 y\u0131ld\u0131z sonsuza kadar g\u00fcne\u015f habercisi olarak hizmet edemez; ama \u00f6te yandan, bu de\u011fi\u015fimler o kadar yava\u015f ki, kaymay\u0131 tespit etmek i\u00e7in bir\u00e7ok g\u00f6kbilimci ku\u015fa\u011f\u0131n\u0131n g\u00f6zlemleri gerekecektir.\n\nKan\u0131tlar tam olarak kan\u0131tlay\u0131c\u0131 olmasa da Lockyer, M\u0131s\u0131rl\u0131lar\u0131n astronomik g\u00f6zlemlerinin k\u00f6pek y\u0131ld\u0131z\u0131 Sothis'in yaz g\u00fcnd\u00f6n\u00fcm\u00fc sabah\u0131 g\u00fcne\u015fle yak\u0131n ili\u015fkide olmad\u0131\u011f\u0131 bir d\u00f6neme kadar uzand\u0131\u011f\u0131na inan\u0131yor.\n\nYine de Biot'un hesaplar\u0131na g\u00f6re, g\u00fcnd\u00f6n\u00fcm\u00fcnde Sothis'in helyasal y\u00fckseli\u015fi M\u00d6 3285 gibi erken bir tarihte kaydedildi ve bu y\u0131ld\u0131z\u0131n sonraki y\u00fczy\u0131llar boyunca bu \u00f6zel prestij konumunu korumaya devam etti\u011fi kesindir.\n\nBu nedenle, M\u0131s\u0131r'\u0131n en \u00f6nemli tanr\u0131lar\u0131ndan biri olan \u0130sis ile ili\u015fkilendirilmeye ba\u015fland\u0131 ve Sothis'in sabah g\u00f6ky\u00fcz\u00fcnde ilk kez g\u00f6r\u00fcnd\u00fc\u011f\u00fc g\u00fcn yeni y\u0131l\u0131n ba\u015flang\u0131c\u0131 oldu; o g\u00fcn, daha \u00f6nce belirtildi\u011fi gibi, yaz g\u00fcnd\u00f6n\u00fcm\u00fc ve Nil ak\u0131\u015f\u0131n\u0131n ba\u015flang\u0131c\u0131 ile ayn\u0131 zamana denk geliyor.\n\nAma \u015fimdi, g\u00fcn\u00fcn o hesaba kat\u0131lmam\u0131\u015f \u00e7eyre\u011finin getirdi\u011fi zorluklar i\u00e7in. A\u00e7\u0131k\u00e7as\u0131, yaln\u0131zca 365 g\u00fcnl\u00fck bir takvimle, d\u00f6rt y\u0131l\u0131n sonunda, takvim y\u0131l\u0131 veya M\u0131s\u0131rl\u0131lar\u0131n adland\u0131rd\u0131\u011f\u0131 \u015fekliyle belirsiz y\u0131l, ger\u00e7ek g\u00fcne\u015f y\u0131l\u0131na, yani g\u00fcne\u015f y\u0131l\u0131na g\u00f6re bir tam g\u00fcn kazanm\u0131\u015ft\u0131. K\u00f6pek y\u0131ld\u0131z\u0131 Sothis'in y\u00fckseli\u015fi, hatal\u0131 takvimin yeni y\u0131l g\u00fcn\u00fcnde de\u011fil, bir g\u00fcn sonra ger\u00e7ekle\u015fecekti.\n\nVe birbirini takip eden her d\u00f6rt y\u0131ll\u0131k d\u00f6nemde, y\u0131l\u0131n ger\u00e7ek ba\u015flang\u0131c\u0131n\u0131 belirleyen ve yine de tabii ki su bask\u0131n\u0131 ile \u00e7ak\u0131\u015fan g\u00fcne\u015f do\u011fu\u015fu g\u00fcn\u00fc, takvimden bir g\u00fcn daha geride kalacakt\u0131.\n\n120 y\u0131l boyunca koca bir ay kaybedilirdi; ve 480 y\u0131lda o kadar b\u00fcy\u00fck bir kayma olur ki, mevsimler tamamen yersiz olur; takvimin tohum zaman\u0131 olarak kaydetti\u011fi \u015feye kar\u015f\u0131l\u0131k gelen ger\u00e7ek su bask\u0131n\u0131 zaman\u0131 ve takvimin hasat zaman\u0131na kar\u015f\u0131l\u0131k gelir.\n\n\u0130lk ba\u015fta bunun \u00e7ok garip ve kafa kar\u0131\u015ft\u0131r\u0131c\u0131 g\u00f6r\u00fcnd\u00fc\u011f\u00fcn\u00fc d\u00fc\u015f\u00fcnd\u00fcm, ancak b\u00fcy\u00fck olas\u0131l\u0131kla etkiler ger\u00e7ek uygulamada hi\u00e7 bu kadar fazla de\u011fildi. Aylar ve g\u00fcnler itibariyle mevsim adlar\u0131n\u0131n \u00e7o\u011fumuzun zihninde tamamen geleneksel bir anlam kazand\u0131\u011f\u0131n\u0131 bilmek i\u00e7in kendi deneyimlerimizden \u00f6teye gitmemize gerek yoktur.\n\n\u00d6yleyse, kendi takvimimiz o kadar kusurlu olsayd\u0131 ki, 120 y\u0131l boyunca \u015eubat ay\u0131 ilk Ocak ay\u0131 konumuna geri kaym\u0131\u015f olsayd\u0131, de\u011fi\u015fiklik o kadar kademeli olurdu ki, iki ya da daha fazla ya\u015fam s\u00fcresini kapsayabilirdi. ortalama d\u00f6rt ya da be\u015f nesil, genel g\u00f6zlemden pekala ka\u00e7abilir."},"primaryImageOfPage":{"@id":"https:\/\/bestessayhomework.com\/tr\/alfabenin-degistigi-gunlerde-edebiyat-edebiyat-alaninda-tez-yaptirma-edebiyat-tez-yaptirma-ucretleri-edebiyat-odevleri-edebiyat-odev-ucretleri\/#mainImage"},"datePublished":"2022-01-30T17:30:37+03:00","dateModified":"2022-01-30T17:30:37+03:00"},{"@type":"WebSite","@id":"https:\/\/bestessayhomework.com\/tr\/#website","url":"https:\/\/bestessayhomework.com\/tr\/","name":"En \u0130yi Essay","description":"bestessayhomework@gmail.com - Bize Mail Kanal\u0131m\u0131zdan veya sa\u011f alt k\u00f6\u015fedeki Whatsapp tu\u015fundan Ula\u015f\u0131n - 0 (312) 276 75 93 -Essay Yapt\u0131rma, Essay Yazd\u0131rma, Parayla Essay Yazd\u0131rma, Parayla Essay Yapt\u0131rma, \u00dccretli Essay, \u00dccretli Essay Yapt\u0131rma, Profesyonel Essay Yapt\u0131rma,   Essay Projesi Yapt\u0131r, Essay \u00d6dev Yard\u0131m\u0131 Al, Essay D\u00fczenleme, Essay Projesi Yapt\u0131r,   Essay Sepeti, Essay Fiyat Teklifi Al, Essay Dan\u0131\u015fmanl\u0131k, Essay Ar\u015fivleri, Essay Kategorisi,   Essay Yazd\u0131rmak, Essay Yazd\u0131rma \u00dccreti, Essay Sunum, Essay \u00c7eviri, Essay Yazd\u0131rma \u00dccreti,   \u00dccretli Essay Yazd\u0131rma, Essay Yazd\u0131rma Siteleri, Parayla Essay Yazma, \u00d6dev Yazd\u0131rma, Essay Yazd\u0131rmak \u0130stiyorum,   Research Paper Yazd\u0131rmak, Argumentative Essay Topics, Cause Effect Essay \u00d6rnekleri, Classification Essay, Essay \u00c7e\u015fitleri,   Essay Rehberi, Opinion Essay Examples, Makale Yazd\u0131rma, Kompozisyon Yazd\u0131rma, Parayla Makale Yazd\u0131rma,   Parayla Kompozisyon Yazd\u0131rma, \u00dccretli Makale, \u00dccretli Kompozisyon, Profesyonel Makale Yapt\u0131rma, Profesyonel Kompozisyon Yapt\u0131rma,   Makale Projesi Yapt\u0131r, Makale \u00d6dev Yard\u0131m\u0131 Al, Makale D\u00fczenleme, Makale Projesi Yapt\u0131r, Makale Sepeti,   Makale Fiyat Teklifi Al, Makale Dan\u0131\u015fmanl\u0131k, Makale Ar\u015fivleri, Makale Kategorisi, Makale Yazd\u0131rmak, Makale Yazd\u0131rma \u00dccreti,   Makale Sunum, Makale \u00c7eviri, Makale Yazd\u0131rma \u00dccreti, \u00dccretli Makale Yazd\u0131rma, Makale Yazd\u0131rma Siteleri, Parayla Makale Yazma, Makale Sepeti,  Makale Yazd\u0131rmak \u0130stiyorum, \u00d6dev Dan\u0131\u015fmanl\u0131\u011f\u0131, \u00d6dev Yapt\u0131rma, Tez Yazd\u0131rma, Makale YAZDIRMA siteleri, Parayla makale YAZDIRMA, Seo makale fiyatlar\u0131, Sayfa ba\u015f\u0131 yaz\u0131 yazma \u00fccreti, \u0130ngilizce makale yazd\u0131rma, Akademik makale YAZDIRMA, Makale Fiyatlar\u0131 2022, Makale yazma, Blog Yazd\u0131rma, Blog Yazd\u0131rmak \u0130stiyorum, Essay yazma Uygulamas\u0131, Essay Yazma sitesi, \u0130ngilizce metin yazma sitesi, Writing yazma sitesi, Essay d\u00fczeltici, Essay Kontrol ettirme, Gramer kontrol, \u0130ngilizce Gramer d\u00fczeltme uygulamas\u0131, \u0130ngilizce c\u00fcmle d\u00fczeltme sitesi, Essay kontrol siteleri, Tez Yapt\u0131rma, Seo Uyumlu Blog Yapt\u0131rma","inLanguage":"tr-TR","publisher":{"@id":"https:\/\/bestessayhomework.com\/tr\/#organization"}}]},"og:locale":"tr_TR","og:site_name":"En \u0130yi Essay | bestessayhomework@gmail.com - Bize Mail Kanal\u0131m\u0131zdan veya sa\u011f alt k\u00f6\u015fedeki Whatsapp tu\u015fundan Ula\u015f\u0131n - 0 (312) 276 75 93 -Essay Yapt\u0131rma, Essay Yazd\u0131rma, Parayla Essay Yazd\u0131rma, Parayla Essay Yapt\u0131rma, \u00dccretli Essay, \u00dccretli Essay Yapt\u0131rma, Profesyonel Essay Yapt\u0131rma,   Essay Projesi Yapt\u0131r, Essay \u00d6dev Yard\u0131m\u0131 Al, Essay D\u00fczenleme, Essay Projesi Yapt\u0131r,   Essay Sepeti, Essay Fiyat Teklifi Al, Essay Dan\u0131\u015fmanl\u0131k, Essay Ar\u015fivleri, Essay Kategorisi,   Essay Yazd\u0131rmak, Essay Yazd\u0131rma \u00dccreti, Essay Sunum, Essay \u00c7eviri, Essay Yazd\u0131rma \u00dccreti,   \u00dccretli Essay Yazd\u0131rma, Essay Yazd\u0131rma Siteleri, Parayla Essay Yazma, \u00d6dev Yazd\u0131rma, Essay Yazd\u0131rmak \u0130stiyorum,   Research Paper Yazd\u0131rmak, Argumentative Essay Topics, Cause Effect Essay \u00d6rnekleri, Classification Essay, Essay \u00c7e\u015fitleri,   Essay Rehberi, Opinion Essay Examples, Makale Yazd\u0131rma, Kompozisyon Yazd\u0131rma, Parayla Makale Yazd\u0131rma,   Parayla Kompozisyon Yazd\u0131rma, \u00dccretli Makale, \u00dccretli Kompozisyon, Profesyonel Makale Yapt\u0131rma, Profesyonel Kompozisyon Yapt\u0131rma,   Makale Projesi Yapt\u0131r, Makale \u00d6dev Yard\u0131m\u0131 Al, Makale D\u00fczenleme, Makale Projesi Yapt\u0131r, Makale Sepeti,   Makale Fiyat Teklifi Al, Makale Dan\u0131\u015fmanl\u0131k, Makale Ar\u015fivleri, Makale Kategorisi, Makale Yazd\u0131rmak, Makale Yazd\u0131rma \u00dccreti,   Makale Sunum, Makale \u00c7eviri, Makale Yazd\u0131rma \u00dccreti, \u00dccretli Makale Yazd\u0131rma, Makale Yazd\u0131rma Siteleri, Parayla Makale Yazma, Makale Sepeti,  Makale Yazd\u0131rmak \u0130stiyorum, \u00d6dev Dan\u0131\u015fmanl\u0131\u011f\u0131, \u00d6dev Yapt\u0131rma, Tez Yazd\u0131rma, Makale YAZDIRMA siteleri, Parayla makale YAZDIRMA, Seo makale fiyatlar\u0131, Sayfa ba\u015f\u0131 yaz\u0131 yazma \u00fccreti, \u0130ngilizce makale yazd\u0131rma, Akademik makale YAZDIRMA, Makale Fiyatlar\u0131 2022, Makale yazma, Blog Yazd\u0131rma, Blog Yazd\u0131rmak \u0130stiyorum, Essay yazma Uygulamas\u0131, Essay Yazma sitesi, \u0130ngilizce metin yazma sitesi, Writing yazma sitesi, Essay d\u00fczeltici, Essay Kontrol ettirme, Gramer kontrol, \u0130ngilizce Gramer d\u00fczeltme uygulamas\u0131, \u0130ngilizce c\u00fcmle d\u00fczeltme sitesi, Essay kontrol siteleri, Tez Yapt\u0131rma, Seo Uyumlu Blog Yapt\u0131rma","og:type":"article","og:title":"Alfabenin De\u011fi\u015fti\u011fi G\u00fcnlerde Edebiyat \u2013 Edebiyat Alan\u0131nda Tez Yapt\u0131rma \u2013 Edebiyat Tez Yapt\u0131rma \u00dccretleri \u2013 Edebiyat \u00d6devleri \u2013 Edebiyat \u00d6dev \u00dccretleri | En \u0130yi Essay","og:description":"Alfabenin De\u011fi\u015fti\u011fi G\u00fcnlerde Edebiyat 1927 ve 1928 aras\u0131nda hemen hemen t\u00fcm T\u00fcrkler, birka\u00e7 istisna d\u0131\u015f\u0131nda ve sonunda \u00e7e\u015fitli uyarlanm\u0131\u015f bi\u00e7imlerde, birka\u00e7 y\u00fczy\u0131l boyunca kulland\u0131klar\u0131 Arap alfabesinden vazge\u00e7tiler. 1927 ve 1928'de Sovyetler Birli\u011fi'ndeki T\u00fcrklerin neredeyse tamam\u0131, 1938-1940'a kadar kullan\u0131mda kalacak olan Latin alfabesini kabul ettikten sonra, T\u00fcrkiye de bu durumda kal\u0131c\u0131 olacak ve ellinci y\u0131l d\u00f6n\u00fcm\u00fc","og:url":"https:\/\/bestessayhomework.com\/tr\/alfabenin-degistigi-gunlerde-edebiyat-edebiyat-alaninda-tez-yaptirma-edebiyat-tez-yaptirma-ucretleri-edebiyat-odevleri-edebiyat-odev-ucretleri\/","og:image":"https:\/\/bestessayhomework.com\/tr\/wp-content\/uploads\/2024\/03\/10.webp","og:image:secure_url":"https:\/\/bestessayhomework.com\/tr\/wp-content\/uploads\/2024\/03\/10.webp","og:image:width":1280,"og:image:height":720,"article:published_time":"2022-01-30T14:30:37+00:00","article:modified_time":"2022-01-30T14:30:37+00:00","twitter:card":"summary_large_image","twitter:title":"Alfabenin De\u011fi\u015fti\u011fi G\u00fcnlerde Edebiyat \u2013 Edebiyat Alan\u0131nda Tez Yapt\u0131rma \u2013 Edebiyat Tez Yapt\u0131rma \u00dccretleri \u2013 Edebiyat \u00d6devleri \u2013 Edebiyat \u00d6dev \u00dccretleri | En \u0130yi Essay","twitter:description":"Alfabenin De\u011fi\u015fti\u011fi G\u00fcnlerde Edebiyat 1927 ve 1928 aras\u0131nda hemen hemen t\u00fcm T\u00fcrkler, birka\u00e7 istisna d\u0131\u015f\u0131nda ve sonunda \u00e7e\u015fitli uyarlanm\u0131\u015f bi\u00e7imlerde, birka\u00e7 y\u00fczy\u0131l boyunca kulland\u0131klar\u0131 Arap alfabesinden vazge\u00e7tiler. 1927 ve 1928'de Sovyetler Birli\u011fi'ndeki T\u00fcrklerin neredeyse tamam\u0131, 1938-1940'a kadar kullan\u0131mda kalacak olan Latin alfabesini kabul ettikten sonra, T\u00fcrkiye de bu durumda kal\u0131c\u0131 olacak ve ellinci y\u0131l d\u00f6n\u00fcm\u00fc","twitter:image":"https:\/\/bestessayhomework.com\/tr\/wp-content\/uploads\/2024\/03\/10.webp"},"aioseo_meta_data":{"post_id":"8660","title":null,"description":null,"keywords":null,"keyphrases":null,"primary_term":null,"canonical_url":null,"og_title":null,"og_description":null,"og_object_type":"default","og_image_type":"default","og_image_url":null,"og_image_width":null,"og_image_height":null,"og_image_custom_url":null,"og_image_custom_fields":null,"og_video":null,"og_custom_url":null,"og_article_section":null,"og_article_tags":null,"twitter_use_og":false,"twitter_card":"default","twitter_image_type":"default","twitter_image_url":null,"twitter_image_custom_url":null,"twitter_image_custom_fields":null,"twitter_title":null,"twitter_description":null,"schema":{"blockGraphs":[],"customGraphs":[],"default":{"data":{"Article":[],"Course":[],"Dataset":[],"FAQPage":[],"Movie":[],"Person":[],"Product":[],"ProductReview":[],"Car":[],"Recipe":[],"Service":[],"SoftwareApplication":[],"WebPage":[]},"graphName":"","isEnabled":true},"graphs":[]},"schema_type":"default","schema_type_options":null,"pillar_content":false,"robots_default":true,"robots_noindex":false,"robots_noarchive":false,"robots_nosnippet":false,"robots_nofollow":false,"robots_noimageindex":false,"robots_noodp":false,"robots_notranslate":false,"robots_max_snippet":null,"robots_max_videopreview":null,"robots_max_imagepreview":"large","priority":null,"frequency":null,"local_seo":null,"seo_analyzer_scan_date":null,"breadcrumb_settings":null,"limit_modified_date":false,"reviewed_by":null,"open_ai":null,"ai":null,"created":"2024-11-01 20:26:57","updated":"2025-06-03 20:20:30"},"aioseo_breadcrumb":"<div class=\"aioseo-breadcrumbs\"><span class=\"aioseo-breadcrumb\">\n\t<a href=\"https:\/\/bestessayhomework.com\/tr\" title=\"Ev\">Ev<\/a>\n<\/span><span class=\"aioseo-breadcrumb-separator\">&raquo;<\/span><span class=\"aioseo-breadcrumb\">\n\t<a href=\"https:\/\/bestessayhomework.com\/tr\/category\/alfabe-degisikligi-icin-ilk-tartismalar-hangi-donemde-yapilmistir\/\" title=\"Alfabe de\u011fi\u015fikli\u011fi i\u00e7in ilk tart\u0131\u015fmalar hangi d\u00f6nemde yap\u0131lm\u0131\u015ft\u0131r\">Alfabe de\u011fi\u015fikli\u011fi i\u00e7in ilk tart\u0131\u015fmalar hangi d\u00f6nemde yap\u0131lm\u0131\u015ft\u0131r<\/a>\n<\/span><span class=\"aioseo-breadcrumb-separator\">&raquo;<\/span><span class=\"aioseo-breadcrumb\">\n\tAlfabenin De\u011fi\u015fti\u011fi G\u00fcnlerde Edebiyat \u2013 Edebiyat Alan\u0131nda Tez Yapt\u0131rma \u2013 Edebiyat Tez Yapt\u0131rma \u00dccretleri \u2013 Edebiyat \u00d6devleri \u2013 Edebiyat \u00d6dev \u00dccretleri\n<\/span><\/div>","aioseo_breadcrumb_json":[{"label":"Ev","link":"https:\/\/bestessayhomework.com\/tr"},{"label":"Alfabe de\u011fi\u015fikli\u011fi i\u00e7in ilk tart\u0131\u015fmalar hangi d\u00f6nemde yap\u0131lm\u0131\u015ft\u0131r","link":"https:\/\/bestessayhomework.com\/tr\/category\/alfabe-degisikligi-icin-ilk-tartismalar-hangi-donemde-yapilmistir\/"},{"label":"Alfabenin De\u011fi\u015fti\u011fi G\u00fcnlerde Edebiyat \u2013 Edebiyat Alan\u0131nda Tez Yapt\u0131rma \u2013 Edebiyat Tez Yapt\u0131rma \u00dccretleri \u2013 Edebiyat \u00d6devleri \u2013 Edebiyat \u00d6dev \u00dccretleri","link":"https:\/\/bestessayhomework.com\/tr\/alfabenin-degistigi-gunlerde-edebiyat-edebiyat-alaninda-tez-yaptirma-edebiyat-tez-yaptirma-ucretleri-edebiyat-odevleri-edebiyat-odev-ucretleri\/"}],"_links":{"self":[{"href":"https:\/\/bestessayhomework.com\/tr\/wp-json\/wp\/v2\/posts\/8660","targetHints":{"allow":["GET"]}}],"collection":[{"href":"https:\/\/bestessayhomework.com\/tr\/wp-json\/wp\/v2\/posts"}],"about":[{"href":"https:\/\/bestessayhomework.com\/tr\/wp-json\/wp\/v2\/types\/post"}],"author":[{"embeddable":true,"href":"https:\/\/bestessayhomework.com\/tr\/wp-json\/wp\/v2\/users\/6"}],"replies":[{"embeddable":true,"href":"https:\/\/bestessayhomework.com\/tr\/wp-json\/wp\/v2\/comments?post=8660"}],"version-history":[{"count":0,"href":"https:\/\/bestessayhomework.com\/tr\/wp-json\/wp\/v2\/posts\/8660\/revisions"}],"wp:featuredmedia":[{"embeddable":true,"href":"https:\/\/bestessayhomework.com\/tr\/wp-json\/wp\/v2\/media\/8397"}],"wp:attachment":[{"href":"https:\/\/bestessayhomework.com\/tr\/wp-json\/wp\/v2\/media?parent=8660"}],"wp:term":[{"taxonomy":"category","embeddable":true,"href":"https:\/\/bestessayhomework.com\/tr\/wp-json\/wp\/v2\/categories?post=8660"},{"taxonomy":"post_tag","embeddable":true,"href":"https:\/\/bestessayhomework.com\/tr\/wp-json\/wp\/v2\/tags?post=8660"}],"curies":[{"name":"wp","href":"https:\/\/api.w.org\/{rel}","templated":true}]}}