{"id":8729,"date":"2022-02-03T12:04:17","date_gmt":"2022-02-03T09:04:17","guid":{"rendered":"https:\/\/bestessayhomework.com\/tr\/?p=8729"},"modified":"2022-02-03T12:04:17","modified_gmt":"2022-02-03T09:04:17","slug":"icerik-farkliliklari-edebiyat-alaninda-tez-yaptirma-edebiyat-tez-yaptirma-ucretleri-edebiyat-odevleri-edebiyat-odev-ucretleri","status":"publish","type":"post","link":"https:\/\/bestessayhomework.com\/tr\/icerik-farkliliklari-edebiyat-alaninda-tez-yaptirma-edebiyat-tez-yaptirma-ucretleri-edebiyat-odevleri-edebiyat-odev-ucretleri\/","title":{"rendered":"\u0130\u00e7erik Farkl\u0131l\u0131klar\u0131 \u2013 Edebiyat Alan\u0131nda Tez Yapt\u0131rma \u2013 Edebiyat Tez Yapt\u0131rma \u00dccretleri \u2013 Edebiyat \u00d6devleri \u2013 Edebiyat \u00d6dev \u00dccretleri"},"content":{"rendered":"<h3 style=\"text-align: center\"><strong><span style=\"color: #ff0000;font-family: 'times new roman', times, serif\">\u0130\u00e7erik Farkl\u0131l\u0131klar\u0131 <\/span><\/strong><\/h3>\n<p style=\"text-align: justify\"><span style=\"color: #000000;font-family: 'times new roman', times, serif\">El yazmalar\u0131, hemen hemen ayn\u0131 zamanda yaz\u0131lm\u0131\u015f olmalar\u0131na ra\u011fmen, i\u00e7erik farkl\u0131l\u0131klar\u0131 ve baz\u0131 pasajlarda i\u00e7erikte farkl\u0131 bir s\u0131ra sergilemektedir. \u00a0<\/span><span style=\"color: #000000;font-family: 'times new roman', times, serif\">Yazar\u0131, Mushafa b. D\u00fcnya ve Osmanl\u0131 tarihinin r\u00fckn IV&#8217;\u00fcn\u00fcn \u00f6ns\u00f6z\u00fcnde &#8216;\u0100l\u012b olarak tan\u0131nan Ahmed, K\u00fcnh \u00fcl-a\u1e2bb\u0101r&#8217;\u0131n kaynaklar\u0131 aras\u0131nda, &#8220;M.\u00d6. II. Bayezid devrini zaman\u0131n gereklerine uygun olarak nesir ve manzum olarak ele alm\u0131\u015ft\u0131r. C\u0101mi&#8217; \u00fcl-mekn\u016bn\u0101t &#8216;\u0100l\u012b&#8217;nin ger\u00e7ekten de birka\u00e7 kez zikretti\u011fi bu \u012as\u0101, kitab\u0131n\u0131n n\u00fcb\u00fcvvet k\u0131sm\u0131nda onun ad\u0131n\u0131 takdim eder.<\/span><\/p>\n<p style=\"text-align: justify\"><span style=\"color: #000000;font-family: 'times new roman', times, serif\">Peygamber&#8217;in hafif cevheri n\u00fbr-i Ahmed&#8217;den yola \u00e7\u0131karak yazar, Adem&#8217;den Muhammed&#8217;e kadar olan eski peygamberler ile Osmanl\u0131lar aras\u0131nda soy ba\u011f\u0131 kurar. H\u0131ristiyan muhaliflerin eylemlerine ve d\u00fc\u015f\u00fcncelerine \u00e7ok dikkat edilir. Eser boyunca, yazar\u0131n Kur&#8217;an, Gelenek ve astrolojiyi birle\u015ftirdi\u011fi eskatolojik fikirlerini k\u0131rm\u0131z\u0131 bir iplik gibi i\u015fletir ve kendisini bilgili bir arkada\u015f\u0131 olan M\u012bralay Murad Beg&#8217;e dayand\u0131r\u0131r.<\/span><\/p>\n<p style=\"text-align: justify\"><span style=\"color: #000000;font-family: 'times new roman', times, serif\">Dolay\u0131s\u0131yla eser, t\u00fcr olarak, dini olarak belirlenmi\u015f bir fikir d\u00fcnyas\u0131nda fikirleri ve de\u011fi\u015fim arzusunu ifade etmek i\u00e7in kullan\u0131labilecek nebev\u00ee metinlerin melahimine oldu\u011fu kadar \u0121aza-v\u0101tn\u0101meler gelene\u011fine de aittir. Bu t\u00fcr bir eserden yeni bir tarihi ger\u00e7ek beklenmez, hatta bu eser tarihi hatalar bile i\u00e7erir ama Osmanl\u0131&#8217;n\u0131n \u00e7evrelerindeki g\u00fcncel olaylarla ili\u015fkisi hakk\u0131nda bilgi verebilir.<\/span><\/p>\n<p style=\"text-align: justify\"><span style=\"color: #000000;font-family: 'times new roman', times, serif\">Bas\u0131l\u0131 kitaplar\u0131n Bat\u0131 Avrupa&#8217;da yo\u011fun bir \u015fekilde \u00fcretilip da\u011f\u0131t\u0131ld\u0131\u011f\u0131 bir d\u00f6nemde, matbaan\u0131n \u201cT\u00fcrkler \u00fczerindeki edebiyat\u0131\u201d a\u00e7\u0131s\u0131ndan hayati \u00f6nem ta\u015f\u0131d\u0131\u011f\u0131 bir d\u00f6nemde, matbaac\u0131lar taraf\u0131ndan \u00e7o\u011falt\u0131lan bireysel T\u00fcrk eserlerinin etki alan\u0131 \u00e7ok s\u0131n\u0131rl\u0131yd\u0131; C\u0101mi&#8217; \u00fcl-mekn\u016bn\u0101t&#8217;\u0131n yazar\u0131, m\u00fcstensihlerine hitap ederek onlar\u0131 \u00e7ekici bir yaz\u0131 ile yazmaya gayret etmeye te\u015fvik eder.<\/span><\/p>\n<p style=\"text-align: justify\"><span style=\"color: #000000;font-family: 'times new roman', times, serif\">Bu ko\u015fullarda izleyiciyi belirlemek zordur; en iyi ihtimalle, halka hitaben \u0117y fet\u0101, \u0117y y\u0101r, \u0117y qarde\u015f, \u0117y \u1e2bv\u0101ce ve yazar\u0131n k\u0131sa olmas\u0131 i\u00e7in kendisine verdi\u011fi \u00f6\u011f\u00fctlerin ve konu b\u00f6l\u00fcmlerinin ima etti\u011fi anlat\u0131 durumuna gidilir. Bu, i\u00e7eri\u011fin sade dili ve prognostik do\u011fas\u0131 ile birlikte, muhtemelen Eski Osmanl\u0131 anonim kroniklerinin de yaz\u0131ld\u0131\u011f\u0131 geni\u015f bir okuyucu kitlesine i\u015faret etmektedir.<\/span><\/p>\n<p style=\"text-align: justify\"><span style=\"color: #000000;font-family: 'times new roman', times, serif\">Yazar, Ahmed\u00ee&#8217;nin Emir S\u00fcleyman&#8217;a kadar daha \u00f6nceki Osmanl\u0131lar\u0131 ele ald\u0131\u011f\u0131 \u0130skendern\u00e2me&#8217;ye at\u0131fta bulunur, ancak ba\u015fka kaynak belirtmez, hatta vard\u0131\u011f\u0131 sonu\u00e7 k\u0131sm\u0131nda bir \u00e7\u0131\u011f\u0131r a\u00e7t\u0131\u011f\u0131n\u0131 vurgular: \u015fair de\u011fil; Bu \u00f6nemsiz \u015fiirle \u00f6v\u00fcnm\u00fcyorum. Bu y\u00fczden bu kitap Arap\u00e7a ya da Fars\u00e7a bir \u00e7eviri de\u011fildir: Arap\u00e7a ya da Fars\u00e7a daha \u00f6nce anlat\u0131lm\u0131\u015f bir hikayeyi kafiyelere koymak da kolayd\u0131r.\u00a0<\/span><\/p>\n<hr \/>\n<p style=\"text-align: center\"><span style=\"color: #33cccc\"><a href=\"https:\/\/bestessayhomework.com\/tr\/\" target=\"_blank\" rel=\"noopener\">\u0130\u00e7erik<\/a> ve bi\u00e7im aras\u0131ndaki fark<\/span><br \/>\n<span style=\"color: #33cccc\">Metnin i\u00e7eri\u011fi ne demek<\/span><br \/>\n<span style=\"color: #33cccc\">Hikayede bi\u00e7im ve i\u00e7erik<\/span><br \/>\n<span style=\"color: #33cccc\">Metinde bi\u00e7im Nedir<\/span><br \/>\n<span style=\"color: #33cccc\">Metinde bi\u00e7im ve t\u00fcr ne demek<\/span><br \/>\n<span style=\"color: #33cccc\">Edebiyatta bi\u00e7im nedir<\/span><br \/>\n<span style=\"color: #33cccc\">Hikayede bi\u00e7im nedir<\/span><br \/>\n<span style=\"color: #33cccc\">Bi\u00e7im ve i\u00e7erik Nedir \u00f6rnek<\/span><\/p>\n<hr \/>\n<p style=\"text-align: justify\"><span style=\"color: #000000;font-family: 'times new roman', times, serif\">\u0130sa, bu makalenin a\u00e7\u0131l\u0131\u015f\u0131nda de\u011findi\u011fimiz 16. y\u00fczy\u0131l\u0131n ba\u015flar\u0131nda n\u00fcfusun \u00e7ekti\u011fi \u0131st\u0131rab\u0131 bizzat ya\u015fad\u0131: 909\/26 Haziran 1503 y\u0131l\u0131nda \u201cOsmanl\u0131 \u0130mparatorlu\u011fu&#8217;nda \u00e7ok fazla k\u0131tl\u0131k ve salg\u0131n hastal\u0131k vard\u0131; bir\u00e7o\u011fu a\u00e7l\u0131ktan \u00f6ld\u00fc ve yok edildi; A\u00e7l\u0131ktan \u00f6lmeyenler, yoluna \u00e7\u0131kan her \u015feyi k\u0131l\u0131\u00e7 gibi kesen veba taraf\u0131ndan g\u00f6t\u00fcr\u00fcld\u00fc. \u0130nsanlar buna B\u00fcy\u00fck Veba derdi, bir\u00e7ok g\u00f6z a\u011flamaktan k\u00f6r oldu. Biz de bundan pay\u0131m\u0131za d\u00fc\u015feni ald\u0131k; ne yapabilir? Veren de alan da yaratand\u0131r.\u201d<\/span><\/p>\n<p style=\"text-align: justify\"><span style=\"color: #000000;font-family: 'times new roman', times, serif\">Ard\u0131ndan gelen k\u0131\u015f \u00e7ok \u015fiddetli ge\u00e7ti ve ilkbaharda sel bask\u0131nlar\u0131 geni\u015f \u00e7apl\u0131 y\u0131k\u0131ma neden oldu.\u00a0<\/span><span style=\"color: #000000;font-family: 'times new roman', times, serif\">\u00c7a\u011fda\u015flar\u0131n \u201cK\u00fc\u00e7\u00fck K\u0131yamet\u201d (k\u00fc\u00e7\u00fck k\u0131y\u00e2met) olarak adland\u0131rd\u0131klar\u0131 1509 depremi, \u00ces\u00e2 gibi ahirete y\u00f6nelmi\u015f bir m\u00fcellif taraf\u0131ndan elbette sessizce ge\u00e7i\u015ftirilmemi\u015ftir. A\u00e7\u0131klamas\u0131 \u015fu \u015fekildedir: \u201c\u015eimdi karga\u015fan\u0131n ne kadar b\u00fcy\u00fck oldu\u011funu dinleyin; Cuma gecesi \u015fiddetli bir deprem oldu. Konstantin \u015fehrinin i\u00e7 k\u0131sm\u0131 y\u0131k\u0131lm\u0131\u015f, ya\u015fl\u0131 ve gen\u00e7 ta\u015f ve ah\u015faplar\u0131n alt\u0131na da g\u00f6m\u00fclm\u00fc\u015ft\u00fcr.<\/span><\/p>\n<p style=\"text-align: justify\"><span style=\"color: #000000;font-family: 'times new roman', times, serif\">Hi\u00e7bir mescit ve cami minaresi ayakta kalmam\u0131\u015f, kale duvarlar\u0131 harabeye d\u00f6nm\u00fc\u015ft\u00fcr. Say\u0131lamayacak kadar \u00e7ok say\u0131da i\u015faret g\u00f6r\u00fcn\u00fcr hale geldi; \u00e7\u00fcnk\u00fc kader geldi\u011finde kimse ona kar\u015f\u0131 koyamaz. \u0130n\u015faat i\u015f\u00e7ileri, bir\u00e7ok m\u00fchendis ve in\u015faat ustas\u0131 i\u00e7in kuryeler g\u00f6nderildi. Toplamda altm\u0131\u015f bin in\u015faat i\u015f\u00e7isine geldiler, ey Prens ve i\u00e7 kaleyi \u00fc\u00e7 ayda yeniden in\u015fa ettiler. Bahar Yeni Y\u0131l\u0131 geldi ve her \u015fey bir kez daha hareketliydi; \u0130\u015fte o zaman hicret 915 y\u0131l\u0131 geldi.\u201d<\/span><\/p>\n<p style=\"text-align: justify\"><span style=\"color: #000000;font-family: 'times new roman', times, serif\">Bu pasaj, ger\u00e7ekleri olabildi\u011fince bir araya toplayan \u00ces\u00e2&#8217;n\u0131n anlat\u0131 tarz\u0131n\u0131n tipik bir \u00f6rne\u011fidir &#8211; onun versiyonunu yap\u0131 i\u015flerine ilgi duyan R\u00fbh\u00ee&#8217;ninkiyle kar\u015f\u0131la\u015ft\u0131rabiliriz. \u00ces\u00e2, \u00f6ncelikle olay\u0131n sembolik anlam\u0131 ile de ilgilenir.<\/span><\/p>\n<p style=\"text-align: justify\"><span style=\"color: #000000;font-family: 'times new roman', times, serif\">\u0130\u00e7eri\u011finin tam bir a\u00e7\u0131klamas\u0131 yerine, burada C\u0101mi&#8217; \u00fcl-mekn\u016bn\u0101t&#8217;\u0131n yazar\u0131n\u0131n Sultan S\u00fcleyman&#8217;\u0131n ilk d\u00f6rt askeri kampanyas\u0131n\u0131, yani Belgrad&#8217;\u0131n al\u0131nmas\u0131yla sona eren 1521&#8217;deki ilk Macar kampanyas\u0131n\u0131, ku\u015fatma ve i\u015fgali nas\u0131l ele ald\u0131\u011f\u0131n\u0131 tart\u0131\u015faca\u011f\u0131z. Rodos, Moha\u00e7 Muharebesi ve Ofen&#8217;in al\u0131nmas\u0131yla sonu\u00e7lanan ikinci Macar seferi ve nihayet 1529&#8217;da Viyana ku\u015fatmas\u0131n\u0131 gerektiren ilk &#8220;Alman&#8221; seferidir.<\/span><\/p>\n<p style=\"text-align: justify\"><span style=\"color: #000000;font-family: 'times new roman', times, serif\">Gen\u00e7 Padi\u015fah, Canberdi \u0120azz\u0101l\u012b&#8217;nin isyan\u0131n\u0131 bast\u0131rd\u0131ktan sonra Macaristan Kral\u0131&#8217;na (II. Gen\u00e7, aptal kral, el\u00e7inin burnunu ve kulaklar\u0131n\u0131 kesti. S\u00fcleyman bu sava\u015f i\u00e7in yola \u00e7\u0131kar ve Belgrad&#8217;\u0131 ku\u015fat\u0131r ve al\u0131r.<\/span><\/p>\n<p style=\"text-align: justify\"><span style=\"color: #000000;font-family: 'times new roman', times, serif\">Yazar, T\u00fcrk ordusunun bu vesileyle u\u011frad\u0131\u011f\u0131 a\u011f\u0131r kay\u0131plardan yak\u0131nmakta ve \u015fehidin hesap g\u00fcn\u00fcnde bembeyaz bir y\u00fczle diriltilmesini m\u00fcmk\u00fcn k\u0131lan iman i\u00e7in be\u015f \u00e7e\u015fit \u00f6l\u00fcm\u00fc a\u00e7\u0131klamaya f\u0131rsat vermektedir. Babas\u0131n\u0131n bir \u0121az\u00e2s\u0131n\u0131n devam\u0131 olarak S\u00fcleyman \u015fimdi Rodos&#8217;u ku\u015fat\u0131r. Burada da b\u00fcy\u00fck zorluklar ba\u015f g\u00f6sterir; yedi ay sonra ku\u015fatanlar iplerinin sonuna geldiler ve onlara sadece dua hala yard\u0131m edebilir.<\/span><\/p>\n<p style=\"text-align: justify\"><span style=\"color: #000000;font-family: 'times new roman', times, serif\">Yazar, padi\u015faha \u201cBu on y\u0131l s\u00fcrse de buradan ayr\u0131lmam, yoksa Rum taht\u0131na nas\u0131l bir y\u00fczle d\u00f6nerim?\u201d dedirtir. Burada \u201cCehennemin Kral\u0131\u201d olarak an\u0131lan St. John \u015e\u00f6valyeleri Ni\u015fan\u0131&#8217;n\u0131n B\u00fcy\u00fck \u00dcstad\u0131 ve M\u0101st\u016br me\u0121\u0101l veya sadece meg\u0101l&#8217;in serbest\u00e7e geri \u00e7ekilmesine izin veren ve 3 Sabah 929&#8217;da meydana gelen iyi bilinen anla\u015fmaya da var\u0131ld\u0131.\u00a0<\/span><\/p>\n<p style=\"text-align: justify\"><span style=\"color: #000000;font-family: 'times new roman', times, serif\">Sonunda fetih ba\u015far\u0131l\u0131 oldu ama a\u011f\u0131t yakacak on bin ceset var; qamu ma\u02bfl\u016bla \u201cb\u00fct\u00fcn sava\u015f yaral\u0131lar\u0131 saflar\u0131n\u0131 kaybettiler\u201d yani t\u00fcm sakat s\u00fcvariler (sipa-his) t\u0131marlar\u0131n\u0131 da kaybettiler.<\/span><\/p>\n","protected":false},"excerpt":{"rendered":"<p>\u0130\u00e7erik Farkl\u0131l\u0131klar\u0131 El yazmalar\u0131, hemen hemen ayn\u0131 zamanda yaz\u0131lm\u0131\u015f olmalar\u0131na ra\u011fmen, i\u00e7erik farkl\u0131l\u0131klar\u0131 ve baz\u0131 pasajlarda i\u00e7erikte farkl\u0131 bir s\u0131ra sergilemektedir. \u00a0Yazar\u0131, Mushafa b. D\u00fcnya ve Osmanl\u0131 tarihinin r\u00fckn IV&#8217;\u00fcn\u00fcn \u00f6ns\u00f6z\u00fcnde &#8216;\u0100l\u012b olarak tan\u0131nan Ahmed, K\u00fcnh \u00fcl-a\u1e2bb\u0101r&#8217;\u0131n kaynaklar\u0131 aras\u0131nda, &#8220;M.\u00d6. II. Bayezid devrini zaman\u0131n gereklerine uygun olarak nesir ve manzum olarak ele alm\u0131\u015ft\u0131r. C\u0101mi&#8217; \u00fcl-mekn\u016bn\u0101t&hellip; <br \/> <a class=\"button small blue\" href=\"https:\/\/bestessayhomework.com\/tr\/icerik-farkliliklari-edebiyat-alaninda-tez-yaptirma-edebiyat-tez-yaptirma-ucretleri-edebiyat-odevleri-edebiyat-odev-ucretleri\/\">Devam\u0131<\/a><\/p>\n","protected":false},"author":6,"featured_media":8397,"comment_status":"closed","ping_status":"closed","sticky":false,"template":"","format":"standard","meta":{"om_disable_all_campaigns":false,"_monsterinsights_skip_tracking":false,"_monsterinsights_sitenote_active":false,"_monsterinsights_sitenote_note":"","_monsterinsights_sitenote_category":0,"footnotes":""},"categories":[19097,19095,19098,19096],"tags":[19106,19104,19105,19101,19099,19102,19103,19100],"class_list":["post-8729","post","type-post","status-publish","format-standard","has-post-thumbnail","hentry","category-hikayede-bicim-ve-icerik","category-icerik-ve-bicim-arasindaki-fark","category-metinde-bicim-ve-tur-ne-demek","category-metnin-icerigi-ne-demek","tag-bicim-ve-icerik-nedir-ornek","tag-edebiyatta-bicim-nedir","tag-hikayede-bicim-nedir","tag-hikayede-bicim-ve-icerik","tag-icerik-ve-bicim-arasindaki-fark","tag-metinde-bicim-nedir","tag-metinde-bicim-ve-tur-ne-demek","tag-metnin-icerigi-ne-demek"],"aioseo_notices":[],"aioseo_head":"\n\t\t<!-- All in One SEO Pro 4.9.4.2 - aioseo.com -->\n\t<meta name=\"description\" content=\"\u0130\u00e7erik Farkl\u0131l\u0131klar\u0131 El yazmalar\u0131, hemen hemen ayn\u0131 zamanda yaz\u0131lm\u0131\u015f olmalar\u0131na ra\u011fmen, i\u00e7erik farkl\u0131l\u0131klar\u0131 ve baz\u0131 pasajlarda i\u00e7erikte farkl\u0131 bir s\u0131ra sergilemektedir. Yazar\u0131, Mushafa b. D\u00fcnya ve Osmanl\u0131 tarihinin r\u00fckn IV&#039;\u00fcn\u00fcn \u00f6ns\u00f6z\u00fcnde &#039;\u0100l\u012b olarak tan\u0131nan Ahmed, K\u00fcnh \u00fcl-a\u1e2bb\u0101r&#039;\u0131n kaynaklar\u0131 aras\u0131nda, &quot;M.\u00d6. II. Bayezid devrini zaman\u0131n gereklerine uygun olarak nesir ve manzum olarak ele alm\u0131\u015ft\u0131r. C\u0101mi&#039; \u00fcl-mekn\u016bn\u0101t\" \/>\n\t<meta name=\"robots\" content=\"max-image-preview:large\" \/>\n\t<meta name=\"author\" content=\"terc\u00fcman terc\u00fcman\"\/>\n\t<meta name=\"google-site-verification\" content=\"_Do0m5hW5EZGn6W1I0rvGqv6s_5Fr6nHI8Uj9qTWHMM\" \/>\n\t<meta name=\"keywords\" content=\"bi\u00e7im ve i\u00e7erik nedir \u00f6rnek,edebiyatta bi\u00e7im nedir,hikayede bi\u00e7im nedir,hikayede bi\u00e7im ve i\u00e7erik,i\u0307\u00e7erik ve bi\u00e7im aras\u0131ndaki fark,metinde bi\u00e7im nedir,metinde bi\u00e7im ve t\u00fcr ne demek,metnin i\u00e7eri\u011fi ne demek\" \/>\n\t<link rel=\"canonical\" href=\"https:\/\/bestessayhomework.com\/tr\/icerik-farkliliklari-edebiyat-alaninda-tez-yaptirma-edebiyat-tez-yaptirma-ucretleri-edebiyat-odevleri-edebiyat-odev-ucretleri\/\" \/>\n\t<meta name=\"generator\" content=\"All in One SEO Pro (AIOSEO) 4.9.4.2\" \/>\n\t\t<meta property=\"og:locale\" content=\"tr_TR\" \/>\n\t\t<meta property=\"og:site_name\" content=\"En \u0130yi Essay | bestessayhomework@gmail.com - Bize Mail Kanal\u0131m\u0131zdan veya sa\u011f alt k\u00f6\u015fedeki Whatsapp tu\u015fundan Ula\u015f\u0131n - 0 (312) 276 75 93 -Essay Yapt\u0131rma, Essay Yazd\u0131rma, Parayla Essay Yazd\u0131rma, Parayla Essay Yapt\u0131rma, \u00dccretli Essay, \u00dccretli Essay Yapt\u0131rma, Profesyonel Essay Yapt\u0131rma,   Essay Projesi Yapt\u0131r, Essay \u00d6dev Yard\u0131m\u0131 Al, Essay D\u00fczenleme, Essay Projesi Yapt\u0131r,   Essay Sepeti, Essay Fiyat Teklifi Al, Essay Dan\u0131\u015fmanl\u0131k, Essay Ar\u015fivleri, Essay Kategorisi,   Essay Yazd\u0131rmak, Essay Yazd\u0131rma \u00dccreti, Essay Sunum, Essay \u00c7eviri, Essay Yazd\u0131rma \u00dccreti,   \u00dccretli Essay Yazd\u0131rma, Essay Yazd\u0131rma Siteleri, Parayla Essay Yazma, \u00d6dev Yazd\u0131rma, Essay Yazd\u0131rmak \u0130stiyorum,   Research Paper Yazd\u0131rmak, Argumentative Essay Topics, Cause Effect Essay \u00d6rnekleri, Classification Essay, Essay \u00c7e\u015fitleri,   Essay Rehberi, Opinion Essay Examples, Makale Yazd\u0131rma, Kompozisyon Yazd\u0131rma, Parayla Makale Yazd\u0131rma,   Parayla Kompozisyon Yazd\u0131rma, \u00dccretli Makale, \u00dccretli Kompozisyon, Profesyonel Makale Yapt\u0131rma, Profesyonel Kompozisyon Yapt\u0131rma,   Makale Projesi Yapt\u0131r, Makale \u00d6dev Yard\u0131m\u0131 Al, Makale D\u00fczenleme, Makale Projesi Yapt\u0131r, Makale Sepeti,   Makale Fiyat Teklifi Al, Makale Dan\u0131\u015fmanl\u0131k, Makale Ar\u015fivleri, Makale Kategorisi, Makale Yazd\u0131rmak, Makale Yazd\u0131rma \u00dccreti,   Makale Sunum, Makale \u00c7eviri, Makale Yazd\u0131rma \u00dccreti, \u00dccretli Makale Yazd\u0131rma, Makale Yazd\u0131rma Siteleri, Parayla Makale Yazma, Makale Sepeti,  Makale Yazd\u0131rmak \u0130stiyorum, \u00d6dev Dan\u0131\u015fmanl\u0131\u011f\u0131, \u00d6dev Yapt\u0131rma, Tez Yazd\u0131rma, Makale YAZDIRMA siteleri, Parayla makale YAZDIRMA, Seo makale fiyatlar\u0131, Sayfa ba\u015f\u0131 yaz\u0131 yazma \u00fccreti, \u0130ngilizce makale yazd\u0131rma, Akademik makale YAZDIRMA, Makale Fiyatlar\u0131 2022, Makale yazma, Blog Yazd\u0131rma, Blog Yazd\u0131rmak \u0130stiyorum, Essay yazma Uygulamas\u0131, Essay Yazma sitesi, \u0130ngilizce metin yazma sitesi, Writing yazma sitesi, Essay d\u00fczeltici, Essay Kontrol ettirme, Gramer kontrol, \u0130ngilizce Gramer d\u00fczeltme uygulamas\u0131, \u0130ngilizce c\u00fcmle d\u00fczeltme sitesi, Essay kontrol siteleri, Tez Yapt\u0131rma, Seo Uyumlu Blog Yapt\u0131rma\" \/>\n\t\t<meta property=\"og:type\" content=\"article\" \/>\n\t\t<meta property=\"og:title\" content=\"\u0130\u00e7erik Farkl\u0131l\u0131klar\u0131 \u2013 Edebiyat Alan\u0131nda Tez Yapt\u0131rma \u2013 Edebiyat Tez Yapt\u0131rma \u00dccretleri \u2013 Edebiyat \u00d6devleri \u2013 Edebiyat \u00d6dev \u00dccretleri | En \u0130yi Essay\" \/>\n\t\t<meta property=\"og:description\" content=\"\u0130\u00e7erik Farkl\u0131l\u0131klar\u0131 El yazmalar\u0131, hemen hemen ayn\u0131 zamanda yaz\u0131lm\u0131\u015f olmalar\u0131na ra\u011fmen, i\u00e7erik farkl\u0131l\u0131klar\u0131 ve baz\u0131 pasajlarda i\u00e7erikte farkl\u0131 bir s\u0131ra sergilemektedir. Yazar\u0131, Mushafa b. D\u00fcnya ve Osmanl\u0131 tarihinin r\u00fckn IV&#039;\u00fcn\u00fcn \u00f6ns\u00f6z\u00fcnde &#039;\u0100l\u012b olarak tan\u0131nan Ahmed, K\u00fcnh \u00fcl-a\u1e2bb\u0101r&#039;\u0131n kaynaklar\u0131 aras\u0131nda, &quot;M.\u00d6. II. Bayezid devrini zaman\u0131n gereklerine uygun olarak nesir ve manzum olarak ele alm\u0131\u015ft\u0131r. C\u0101mi&#039; \u00fcl-mekn\u016bn\u0101t\" \/>\n\t\t<meta property=\"og:url\" content=\"https:\/\/bestessayhomework.com\/tr\/icerik-farkliliklari-edebiyat-alaninda-tez-yaptirma-edebiyat-tez-yaptirma-ucretleri-edebiyat-odevleri-edebiyat-odev-ucretleri\/\" \/>\n\t\t<meta property=\"og:image\" content=\"https:\/\/bestessayhomework.com\/tr\/wp-content\/uploads\/2024\/03\/10.webp\" \/>\n\t\t<meta property=\"og:image:secure_url\" content=\"https:\/\/bestessayhomework.com\/tr\/wp-content\/uploads\/2024\/03\/10.webp\" \/>\n\t\t<meta property=\"og:image:width\" content=\"1280\" \/>\n\t\t<meta property=\"og:image:height\" content=\"720\" \/>\n\t\t<meta property=\"article:published_time\" content=\"2022-02-03T09:04:17+00:00\" \/>\n\t\t<meta property=\"article:modified_time\" content=\"2022-02-03T09:04:17+00:00\" \/>\n\t\t<meta name=\"twitter:card\" content=\"summary_large_image\" \/>\n\t\t<meta name=\"twitter:title\" content=\"\u0130\u00e7erik Farkl\u0131l\u0131klar\u0131 \u2013 Edebiyat Alan\u0131nda Tez Yapt\u0131rma \u2013 Edebiyat Tez Yapt\u0131rma \u00dccretleri \u2013 Edebiyat \u00d6devleri \u2013 Edebiyat \u00d6dev \u00dccretleri | En \u0130yi Essay\" \/>\n\t\t<meta name=\"twitter:description\" content=\"\u0130\u00e7erik Farkl\u0131l\u0131klar\u0131 El yazmalar\u0131, hemen hemen ayn\u0131 zamanda yaz\u0131lm\u0131\u015f olmalar\u0131na ra\u011fmen, i\u00e7erik farkl\u0131l\u0131klar\u0131 ve baz\u0131 pasajlarda i\u00e7erikte farkl\u0131 bir s\u0131ra sergilemektedir. Yazar\u0131, Mushafa b. D\u00fcnya ve Osmanl\u0131 tarihinin r\u00fckn IV&#039;\u00fcn\u00fcn \u00f6ns\u00f6z\u00fcnde &#039;\u0100l\u012b olarak tan\u0131nan Ahmed, K\u00fcnh \u00fcl-a\u1e2bb\u0101r&#039;\u0131n kaynaklar\u0131 aras\u0131nda, &quot;M.\u00d6. II. Bayezid devrini zaman\u0131n gereklerine uygun olarak nesir ve manzum olarak ele alm\u0131\u015ft\u0131r. C\u0101mi&#039; \u00fcl-mekn\u016bn\u0101t\" \/>\n\t\t<meta name=\"twitter:image\" content=\"https:\/\/bestessayhomework.com\/tr\/wp-content\/uploads\/2024\/03\/10.webp\" \/>\n\t\t<script type=\"application\/ld+json\" class=\"aioseo-schema\">\n\t\t\t{\"@context\":\"https:\\\/\\\/schema.org\",\"@graph\":[{\"@type\":\"Article\",\"@id\":\"https:\\\/\\\/bestessayhomework.com\\\/tr\\\/icerik-farkliliklari-edebiyat-alaninda-tez-yaptirma-edebiyat-tez-yaptirma-ucretleri-edebiyat-odevleri-edebiyat-odev-ucretleri\\\/#article\",\"name\":\"\\u0130\\u00e7erik Farkl\\u0131l\\u0131klar\\u0131 \\u2013 Edebiyat Alan\\u0131nda Tez Yapt\\u0131rma \\u2013 Edebiyat Tez Yapt\\u0131rma \\u00dccretleri \\u2013 Edebiyat \\u00d6devleri \\u2013 Edebiyat \\u00d6dev \\u00dccretleri | En \\u0130yi Essay\",\"headline\":\"\\u0130\\u00e7erik Farkl\\u0131l\\u0131klar\\u0131 \\u2013 Edebiyat Alan\\u0131nda Tez Yapt\\u0131rma \\u2013 Edebiyat Tez Yapt\\u0131rma \\u00dccretleri \\u2013 Edebiyat \\u00d6devleri \\u2013 Edebiyat \\u00d6dev \\u00dccretleri\",\"author\":{\"@id\":\"https:\\\/\\\/bestessayhomework.com\\\/tr\\\/author\\\/tercuman32\\\/#author\"},\"publisher\":{\"@id\":\"https:\\\/\\\/bestessayhomework.com\\\/tr\\\/#organization\"},\"image\":{\"@type\":\"ImageObject\",\"url\":\"https:\\\/\\\/bestessayhomework.com\\\/tr\\\/wp-content\\\/uploads\\\/2022\\\/01\\\/asd.jpg\",\"width\":650,\"height\":344,\"caption\":\"Tarihsel D\\u00f6nemler\\n\\nM\\u0131s\\u0131rl\\u0131lar\\u0131n en eski tarihsel d\\u00f6nemlerden beri y\\u0131l\\u0131n yakla\\u015f\\u0131k uzunlu\\u011funun fark\\u0131nda olduklar\\u0131 kesindir. Nil selinden Nil seline veya g\\u00fcnd\\u00f6n\\u00fcm\\u00fcnden g\\u00fcnd\\u00f6n\\u00fcm\\u00fcne g\\u00fcn kayd\\u0131n\\u0131n kolayl\\u0131kla tutulabilece\\u011fi d\\u00fc\\u015f\\u00fcn\\u00fcl\\u00fcrse, ba\\u015fka t\\u00fcrl\\u00fc olmas\\u0131 tuhaf olurdu. Ancak bu, elbette, yaln\\u0131zca yakla\\u015f\\u0131k bir say\\u0131 i\\u00e7in ge\\u00e7erlidir.\\n\\nEn erken d\\u00f6nemde M\\u0131s\\u0131rl\\u0131lar\\u0131n bu say\\u0131y\\u0131 sadece 360 g\\u00fcn yapt\\u0131klar\\u0131na inanmak i\\u00e7in baz\\u0131 nedenler var. Y\\u0131llar\\u0131n\\u0131n otuz g\\u00fcnden olu\\u015fan on iki aya b\\u00f6l\\u00fcnm\\u00fc\\u015f olmas\\u0131 bu inanca renk katmaktad\\u0131r; ancak her hal\\u00fckarda, yanl\\u0131\\u015fl\\u0131k zaman\\u0131nda fark edilmi\\u015f ve on ikinci ay\\u0131n sonu ile yeni y\\u0131l aras\\u0131na be\\u015f g\\u00fcnl\\u00fck bir \\\"k\\u00fc\\u00e7\\u00fck ay\\\" enterpolasyonu yap\\u0131larak k\\u0131smi bir \\u00e7are uygulanm\\u0131\\u015ft\\u0131r.\\n\\nBu, sorunu neredeyse ama tam olarak \\u00e7\\u00f6zmedi. A\\u00e7\\u0131k\\u00e7a ba\\u015far\\u0131s\\u0131z oldu\\u011fu \\u015fey, ger\\u00e7ek y\\u0131l\\u0131 ger\\u00e7ekten tamamlayan bir g\\u00fcn\\u00fcn bu ek \\u00e7eyre\\u011fini hesaba katmakt\\u0131.\\n\\nD\\u00fcnyan\\u0131n, g\\u00fcne\\u015f etraf\\u0131ndaki ge\\u00e7i\\u015f h\\u0131z\\u0131yla d\\u00f6nme hareketini y\\u0131ll\\u0131k u\\u00e7u\\u015funu tam olarak 360 g\\u00fcnde yapacak \\u015fekilde ayarlamas\\u0131 \\u015fans eseri insanl\\u0131k i\\u00e7in son derece uygun bir \\u015fey olurdu.\\n\\nO zaman, her biri otuz g\\u00fcnl\\u00fck on iki kameri ay tam olarak g\\u00fcne\\u015f y\\u0131l\\u0131na denk gelecek ve tarih \\u00f6\\u011frencilerinin kafas\\u0131n\\u0131 kar\\u0131\\u015ft\\u0131ran takvimin karma\\u015f\\u0131kl\\u0131klar\\u0131n\\u0131n \\u00e7o\\u011fundan ka\\u00e7\\u0131n\\u0131lm\\u0131\\u015f olacakt\\u0131; ama \\u00f6te yandan, belki de bu basitlik, insanlar\\u0131n g\\u00f6kleri eskisi kadar dikkatli ara\\u015ft\\u0131rmas\\u0131n\\u0131 engelleyerek astronomik bilime zarar verebilirdi.\\n\\nOlabildi\\u011fince, karma\\u015f\\u0131kl\\u0131k var. \\u00dc\\u00e7 y\\u00fcz altm\\u0131\\u015f be\\u015f ve (yakla\\u015f\\u0131k) bir \\u00e7eyrek g\\u00fcnl\\u00fck ger\\u00e7ek y\\u0131l, aylara e\\u015fit olarak b\\u00f6l\\u00fcnemez ve g\\u00fcnlerin burada ve orada araya eklenmesi gibi baz\\u0131 \\u00e7areler esast\\u0131r, aksi takdirde takvim kesinlikle uyumsuz hale gelir.\\u00a0\\n\\nM\\u0131s\\u0131rl\\u0131lar s\\u00f6z konusu oldu\\u011funda, az \\u00f6nce belirtildi\\u011fi gibi, M\\u0131s\\u0131rl\\u0131lar\\u0131n kendilerinin \\\"y\\u0131l\\u0131n be\\u015f g\\u00fcn\\u00fc\\\" olarak adland\\u0131rd\\u0131klar\\u0131 \\u015feyi olu\\u015fturan be\\u015f g\\u00fcn\\u00fcn tan\\u0131t\\u0131lmas\\u0131yla ayarlama giri\\u015fiminde bulunuldu. Bu s\\u00f6zde epagomenal g\\u00fcnler \\u015f\\u00fcphesiz \\u00e7ok erken bir d\\u00f6nemde tan\\u0131t\\u0131ld\\u0131.\\n\\nMaspero, Osiris efsanesinin bu g\\u00fcnlerin Nuit'in t\\u00fcm \\u00e7ocuklar\\u0131n\\u0131 do\\u011furmas\\u0131na izin vermek i\\u00e7in tanr\\u0131 Thot taraf\\u0131ndan yarat\\u0131ld\\u0131\\u011f\\u0131n\\u0131 a\\u00e7\\u0131klad\\u0131\\u011f\\u0131 ger\\u00e7e\\u011fini kan\\u0131tlayarak, bunlar\\u0131n ilk Thinite hanedan\\u0131ndan \\u00f6nce kullan\\u0131ld\\u0131\\u011f\\u0131n\\u0131 savunuyor; bu \\u00e7are, Nuit'e y\\u0131l\\u0131n herhangi bir g\\u00fcn\\u00fcnde \\u00e7ocuk do\\u011furamayaca\\u011f\\u0131na dair ilan edilen bir yasa\\u011f\\u0131n \\u00fcstesinden gelmek i\\u00e7in gerekliydi.\\n\\nAma elbette ek be\\u015f g\\u00fcn takvimi tam olarak d\\u00fczeltmeye yetmiyor. Hesaplanacak ek bir \\u00e7eyrek g\\u00fcn kald\\u0131. Bu, elbette, her d\\u00f6rt y\\u0131lda bir tam g\\u00fcn anlam\\u0131na gelir. Daha sonra \\u0130skenderiye biliminin her d\\u00f6rt y\\u0131lda bir bir g\\u00fcn eklemek gibi bir \\u00e7are buldu\\u011funu g\\u00f6rece\\u011fiz.\\n\\nAma ne yaz\\u0131k ki, eski M\\u0131s\\u0131rl\\u0131 bu ek g\\u00fcn\\u00fcn gereklili\\u011fini fark edemedi ya da fark ettiyse bile bilgisine g\\u00f6re hareket edemedi ve \\u00f6yle oldu ki, uzak ge\\u00e7mi\\u015fte bir yerde yeni bir y\\u0131l g\\u00fcn\\u00fcnden ba\\u015flayarak Nil'in sular alt\\u0131nda kalmas\\u0131yla ayn\\u0131 zamana denk geldi\\u011finden, zaman ge\\u00e7tik\\u00e7e takvim ve mevsimlerde s\\u00fcrekli de\\u011fi\\u015fen bir uyumsuzluk vard\\u0131.\\n\\nA\\u00e7\\u0131klanmas\\u0131 gereken M\\u0131s\\u0131r mevsimlerinin say\\u0131s\\u0131 \\u00fc\\u00e7t\\u00fc: sel mevsimi, tohum zaman\\u0131 mevsimi ve hasat mevsimi; her sezon elbette d\\u00f6rt ayd\\u0131r. Ba\\u015flang\\u0131\\u00e7ta, az \\u00f6nce de belirtildi\\u011fi gibi, su bask\\u0131n\\u0131 mevsimi ba\\u015flad\\u0131 ve ger\\u00e7ek su bask\\u0131n\\u0131 zaman\\u0131 ile ayn\\u0131 zamana denk geldi.\\n\\nYeni y\\u0131l g\\u00fcn\\u00fcn\\u00fcn daha kesin tespiti, M\\u0131s\\u0131rl\\u0131lar\\u0131n Sothis ad\\u0131n\\u0131 ta\\u015f\\u0131yan k\\u00f6pek y\\u0131ld\\u0131z\\u0131 Sirius'un s\\u00f6zde g\\u00fcne\\u015f do\\u011fu\\u015fu zaman\\u0131n\\u0131n g\\u00f6zlemlenmesiyle ba\\u015far\\u0131ld\\u0131. Heliopolis b\\u00f6lgesinden bak\\u0131ld\\u0131\\u011f\\u0131nda, yaz g\\u00fcnd\\u00f6n\\u00fcm\\u00fc s\\u0131ras\\u0131nda g\\u00fcne\\u015fin g\\u00f6klerde k\\u00f6pek y\\u0131ld\\u0131z\\u0131na yak\\u0131n bir konumda olmas\\u0131 muhtemeldir.\\n\\n\\u015eimdi, \\u00e7ok iyi bilindi\\u011fi gibi, M\\u0131s\\u0131rl\\u0131lar, hemen hemen her do\\u011fa olgusunun gerisinde tanr\\u0131sall\\u0131\\u011f\\u0131 g\\u00f6rerek, \\u00e7ok do\\u011fal olarak g\\u00fcne\\u015f-tanr\\u0131s\\u0131 gibi etkili oldu\\u011fu a\\u00e7\\u0131k\\u00e7a belli olan bir \\u015fahsiyete \\u00f6zel bir h\\u00fcrmet g\\u00f6sterdiler.\\n\\nTarih \\u00f6ncesi d\\u00f6nemler\\nTarih \\u00f6ncesi \\u00c7a\\u011flar s\\u0131ras\\u0131yla\\nTarih sonras\\u0131 devirler\\nTarihi \\u00c7a\\u011flar\\nTarihi \\u00e7a\\u011flar s\\u0131ralamas\\u0131\\ntarihi \\u00e7a\\u011flar \\nKalkolitik d\\u00f6nem\\nG\\u00fcn\\u00fcm\\u00fcze en Yak\\u0131n d\\u00f6nem Neolitik\\n\\nBilhassa, sabah M\\u0131s\\u0131r turuna \\u00e7\\u0131karken ona biat etmeyi uygun g\\u00f6rd\\u00fcler; M\\u0131s\\u0131rl\\u0131 astronom rahipler, tap\\u0131naklar\\u0131n\\u0131n yak\\u0131n\\u0131ndaki tepelere t\\u00fcnemi\\u015f, geli\\u015finin kesin an\\u0131n\\u0131 bilebilmek i\\u00e7in, g\\u00fcne\\u015f \\u0131\\u015f\\u0131nlar\\u0131ndan \\u00f6nce geldi\\u011fi g\\u00f6zlemlenmi\\u015f bir y\\u0131ld\\u0131za at\\u0131fta bulunarak do\\u011fu ufkunu taramay\\u0131 adet edinmi\\u015flerdi.\\n\\nElbette ekinokslar\\u0131n devinimleri, beceriksiz d\\u00fcnyam\\u0131z\\u0131n i\\u00e7ine d\\u00fc\\u015ft\\u00fc\\u011f\\u00fc eksenel yalpalama nedeniyle, sabit y\\u0131ld\\u0131zlar\\u0131n g\\u00fcne\\u015fe g\\u00f6re g\\u00f6r\\u00fcnen konumlar\\u0131n\\u0131 de\\u011fi\\u015ftirir, \\u00f6yle ki ayn\\u0131 y\\u0131ld\\u0131z sonsuza kadar g\\u00fcne\\u015f habercisi olarak hizmet edemez; ama \\u00f6te yandan, bu de\\u011fi\\u015fimler o kadar yava\\u015f ki, kaymay\\u0131 tespit etmek i\\u00e7in bir\\u00e7ok g\\u00f6kbilimci ku\\u015fa\\u011f\\u0131n\\u0131n g\\u00f6zlemleri gerekecektir.\\n\\nKan\\u0131tlar tam olarak kan\\u0131tlay\\u0131c\\u0131 olmasa da Lockyer, M\\u0131s\\u0131rl\\u0131lar\\u0131n astronomik g\\u00f6zlemlerinin k\\u00f6pek y\\u0131ld\\u0131z\\u0131 Sothis'in yaz g\\u00fcnd\\u00f6n\\u00fcm\\u00fc sabah\\u0131 g\\u00fcne\\u015fle yak\\u0131n ili\\u015fkide olmad\\u0131\\u011f\\u0131 bir d\\u00f6neme kadar uzand\\u0131\\u011f\\u0131na inan\\u0131yor.\\n\\nYine de Biot'un hesaplar\\u0131na g\\u00f6re, g\\u00fcnd\\u00f6n\\u00fcm\\u00fcnde Sothis'in helyasal y\\u00fckseli\\u015fi M\\u00d6 3285 gibi erken bir tarihte kaydedildi ve bu y\\u0131ld\\u0131z\\u0131n sonraki y\\u00fczy\\u0131llar boyunca bu \\u00f6zel prestij konumunu korumaya devam etti\\u011fi kesindir.\\n\\nBu nedenle, M\\u0131s\\u0131r'\\u0131n en \\u00f6nemli tanr\\u0131lar\\u0131ndan biri olan \\u0130sis ile ili\\u015fkilendirilmeye ba\\u015fland\\u0131 ve Sothis'in sabah g\\u00f6ky\\u00fcz\\u00fcnde ilk kez g\\u00f6r\\u00fcnd\\u00fc\\u011f\\u00fc g\\u00fcn yeni y\\u0131l\\u0131n ba\\u015flang\\u0131c\\u0131 oldu; o g\\u00fcn, daha \\u00f6nce belirtildi\\u011fi gibi, yaz g\\u00fcnd\\u00f6n\\u00fcm\\u00fc ve Nil ak\\u0131\\u015f\\u0131n\\u0131n ba\\u015flang\\u0131c\\u0131 ile ayn\\u0131 zamana denk geliyor.\\n\\nAma \\u015fimdi, g\\u00fcn\\u00fcn o hesaba kat\\u0131lmam\\u0131\\u015f \\u00e7eyre\\u011finin getirdi\\u011fi zorluklar i\\u00e7in. A\\u00e7\\u0131k\\u00e7as\\u0131, yaln\\u0131zca 365 g\\u00fcnl\\u00fck bir takvimle, d\\u00f6rt y\\u0131l\\u0131n sonunda, takvim y\\u0131l\\u0131 veya M\\u0131s\\u0131rl\\u0131lar\\u0131n adland\\u0131rd\\u0131\\u011f\\u0131 \\u015fekliyle belirsiz y\\u0131l, ger\\u00e7ek g\\u00fcne\\u015f y\\u0131l\\u0131na, yani g\\u00fcne\\u015f y\\u0131l\\u0131na g\\u00f6re bir tam g\\u00fcn kazanm\\u0131\\u015ft\\u0131. K\\u00f6pek y\\u0131ld\\u0131z\\u0131 Sothis'in y\\u00fckseli\\u015fi, hatal\\u0131 takvimin yeni y\\u0131l g\\u00fcn\\u00fcnde de\\u011fil, bir g\\u00fcn sonra ger\\u00e7ekle\\u015fecekti.\\n\\nVe birbirini takip eden her d\\u00f6rt y\\u0131ll\\u0131k d\\u00f6nemde, y\\u0131l\\u0131n ger\\u00e7ek ba\\u015flang\\u0131c\\u0131n\\u0131 belirleyen ve yine de tabii ki su bask\\u0131n\\u0131 ile \\u00e7ak\\u0131\\u015fan g\\u00fcne\\u015f do\\u011fu\\u015fu g\\u00fcn\\u00fc, takvimden bir g\\u00fcn daha geride kalacakt\\u0131.\\n\\n120 y\\u0131l boyunca koca bir ay kaybedilirdi; ve 480 y\\u0131lda o kadar b\\u00fcy\\u00fck bir kayma olur ki, mevsimler tamamen yersiz olur; takvimin tohum zaman\\u0131 olarak kaydetti\\u011fi \\u015feye kar\\u015f\\u0131l\\u0131k gelen ger\\u00e7ek su bask\\u0131n\\u0131 zaman\\u0131 ve takvimin hasat zaman\\u0131na kar\\u015f\\u0131l\\u0131k gelir.\\n\\n\\u0130lk ba\\u015fta bunun \\u00e7ok garip ve kafa kar\\u0131\\u015ft\\u0131r\\u0131c\\u0131 g\\u00f6r\\u00fcnd\\u00fc\\u011f\\u00fcn\\u00fc d\\u00fc\\u015f\\u00fcnd\\u00fcm, ancak b\\u00fcy\\u00fck olas\\u0131l\\u0131kla etkiler ger\\u00e7ek uygulamada hi\\u00e7 bu kadar fazla de\\u011fildi. Aylar ve g\\u00fcnler itibariyle mevsim adlar\\u0131n\\u0131n \\u00e7o\\u011fumuzun zihninde tamamen geleneksel bir anlam kazand\\u0131\\u011f\\u0131n\\u0131 bilmek i\\u00e7in kendi deneyimlerimizden \\u00f6teye gitmemize gerek yoktur.\\n\\n\\u00d6yleyse, kendi takvimimiz o kadar kusurlu olsayd\\u0131 ki, 120 y\\u0131l boyunca \\u015eubat ay\\u0131 ilk Ocak ay\\u0131 konumuna geri kaym\\u0131\\u015f olsayd\\u0131, de\\u011fi\\u015fiklik o kadar kademeli olurdu ki, iki ya da daha fazla ya\\u015fam s\\u00fcresini kapsayabilirdi. ortalama d\\u00f6rt ya da be\\u015f nesil, genel g\\u00f6zlemden pekala ka\\u00e7abilir.\"},\"datePublished\":\"2022-02-03T12:04:17+03:00\",\"dateModified\":\"2022-02-03T12:04:17+03:00\",\"inLanguage\":\"tr-TR\",\"mainEntityOfPage\":{\"@id\":\"https:\\\/\\\/bestessayhomework.com\\\/tr\\\/icerik-farkliliklari-edebiyat-alaninda-tez-yaptirma-edebiyat-tez-yaptirma-ucretleri-edebiyat-odevleri-edebiyat-odev-ucretleri\\\/#webpage\"},\"isPartOf\":{\"@id\":\"https:\\\/\\\/bestessayhomework.com\\\/tr\\\/icerik-farkliliklari-edebiyat-alaninda-tez-yaptirma-edebiyat-tez-yaptirma-ucretleri-edebiyat-odevleri-edebiyat-odev-ucretleri\\\/#webpage\"},\"articleSection\":\"Hikayede bi\\u00e7im ve i\\u00e7erik, \\u0130\\u00e7erik ve bi\\u00e7im aras\\u0131ndaki fark, Metinde bi\\u00e7im ve t\\u00fcr ne demek, Metnin i\\u00e7eri\\u011fi ne demek, Bi\\u00e7im ve i\\u00e7erik Nedir \\u00f6rnek, Edebiyatta bi\\u00e7im nedir, Hikayede bi\\u00e7im nedir, Hikayede bi\\u00e7im ve i\\u00e7erik, \\u0130\\u00e7erik ve bi\\u00e7im aras\\u0131ndaki fark, Metinde bi\\u00e7im Nedir, Metinde bi\\u00e7im ve t\\u00fcr ne demek, Metnin i\\u00e7eri\\u011fi ne demek\"},{\"@type\":\"BreadcrumbList\",\"@id\":\"https:\\\/\\\/bestessayhomework.com\\\/tr\\\/icerik-farkliliklari-edebiyat-alaninda-tez-yaptirma-edebiyat-tez-yaptirma-ucretleri-edebiyat-odevleri-edebiyat-odev-ucretleri\\\/#breadcrumblist\",\"itemListElement\":[{\"@type\":\"ListItem\",\"@id\":\"https:\\\/\\\/bestessayhomework.com\\\/tr#listItem\",\"position\":1,\"name\":\"Ev\",\"item\":\"https:\\\/\\\/bestessayhomework.com\\\/tr\",\"nextItem\":{\"@type\":\"ListItem\",\"@id\":\"https:\\\/\\\/bestessayhomework.com\\\/tr\\\/category\\\/icerik-ve-bicim-arasindaki-fark\\\/#listItem\",\"name\":\"\\u0130\\u00e7erik ve bi\\u00e7im aras\\u0131ndaki fark\"}},{\"@type\":\"ListItem\",\"@id\":\"https:\\\/\\\/bestessayhomework.com\\\/tr\\\/category\\\/icerik-ve-bicim-arasindaki-fark\\\/#listItem\",\"position\":2,\"name\":\"\\u0130\\u00e7erik ve bi\\u00e7im aras\\u0131ndaki fark\",\"item\":\"https:\\\/\\\/bestessayhomework.com\\\/tr\\\/category\\\/icerik-ve-bicim-arasindaki-fark\\\/\",\"nextItem\":{\"@type\":\"ListItem\",\"@id\":\"https:\\\/\\\/bestessayhomework.com\\\/tr\\\/icerik-farkliliklari-edebiyat-alaninda-tez-yaptirma-edebiyat-tez-yaptirma-ucretleri-edebiyat-odevleri-edebiyat-odev-ucretleri\\\/#listItem\",\"name\":\"\\u0130\\u00e7erik Farkl\\u0131l\\u0131klar\\u0131 \\u2013 Edebiyat Alan\\u0131nda Tez Yapt\\u0131rma \\u2013 Edebiyat Tez Yapt\\u0131rma \\u00dccretleri \\u2013 Edebiyat \\u00d6devleri \\u2013 Edebiyat \\u00d6dev \\u00dccretleri\"},\"previousItem\":{\"@type\":\"ListItem\",\"@id\":\"https:\\\/\\\/bestessayhomework.com\\\/tr#listItem\",\"name\":\"Ev\"}},{\"@type\":\"ListItem\",\"@id\":\"https:\\\/\\\/bestessayhomework.com\\\/tr\\\/icerik-farkliliklari-edebiyat-alaninda-tez-yaptirma-edebiyat-tez-yaptirma-ucretleri-edebiyat-odevleri-edebiyat-odev-ucretleri\\\/#listItem\",\"position\":3,\"name\":\"\\u0130\\u00e7erik Farkl\\u0131l\\u0131klar\\u0131 \\u2013 Edebiyat Alan\\u0131nda Tez Yapt\\u0131rma \\u2013 Edebiyat Tez Yapt\\u0131rma \\u00dccretleri \\u2013 Edebiyat \\u00d6devleri \\u2013 Edebiyat \\u00d6dev \\u00dccretleri\",\"previousItem\":{\"@type\":\"ListItem\",\"@id\":\"https:\\\/\\\/bestessayhomework.com\\\/tr\\\/category\\\/icerik-ve-bicim-arasindaki-fark\\\/#listItem\",\"name\":\"\\u0130\\u00e7erik ve bi\\u00e7im aras\\u0131ndaki fark\"}}]},{\"@type\":\"Organization\",\"@id\":\"https:\\\/\\\/bestessayhomework.com\\\/tr\\\/#organization\",\"name\":\"Essay Yapt\\u0131rma\",\"description\":\"bestessayhomework@gmail.com - Bize Mail Kanal\\u0131m\\u0131zdan veya sa\\u011f alt k\\u00f6\\u015fedeki Whatsapp tu\\u015fundan Ula\\u015f\\u0131n - 0 (312) 276 75 93 -Essay Yapt\\u0131rma, Essay Yazd\\u0131rma, Parayla Essay Yazd\\u0131rma, Parayla Essay Yapt\\u0131rma, \\u00dccretli Essay, \\u00dccretli Essay Yapt\\u0131rma, Profesyonel Essay Yapt\\u0131rma,   Essay Projesi Yapt\\u0131r, Essay \\u00d6dev Yard\\u0131m\\u0131 Al, Essay D\\u00fczenleme, Essay Projesi Yapt\\u0131r,   Essay Sepeti, Essay Fiyat Teklifi Al, Essay Dan\\u0131\\u015fmanl\\u0131k, Essay Ar\\u015fivleri, Essay Kategorisi,   Essay Yazd\\u0131rmak, Essay Yazd\\u0131rma \\u00dccreti, Essay Sunum, Essay \\u00c7eviri, Essay Yazd\\u0131rma \\u00dccreti,   \\u00dccretli Essay Yazd\\u0131rma, Essay Yazd\\u0131rma Siteleri, Parayla Essay Yazma, \\u00d6dev Yazd\\u0131rma, Essay Yazd\\u0131rmak \\u0130stiyorum,   Research Paper Yazd\\u0131rmak, Argumentative Essay Topics, Cause Effect Essay \\u00d6rnekleri, Classification Essay, Essay \\u00c7e\\u015fitleri,   Essay Rehberi, Opinion Essay Examples, Makale Yazd\\u0131rma, Kompozisyon Yazd\\u0131rma, Parayla Makale Yazd\\u0131rma,   Parayla Kompozisyon Yazd\\u0131rma, \\u00dccretli Makale, \\u00dccretli Kompozisyon, Profesyonel Makale Yapt\\u0131rma, Profesyonel Kompozisyon Yapt\\u0131rma,   Makale Projesi Yapt\\u0131r, Makale \\u00d6dev Yard\\u0131m\\u0131 Al, Makale D\\u00fczenleme, Makale Projesi Yapt\\u0131r, Makale Sepeti,   Makale Fiyat Teklifi Al, Makale Dan\\u0131\\u015fmanl\\u0131k, Makale Ar\\u015fivleri, Makale Kategorisi, Makale Yazd\\u0131rmak, Makale Yazd\\u0131rma \\u00dccreti,   Makale Sunum, Makale \\u00c7eviri, Makale Yazd\\u0131rma \\u00dccreti, \\u00dccretli Makale Yazd\\u0131rma, Makale Yazd\\u0131rma Siteleri, Parayla Makale Yazma, Makale Sepeti,  Makale Yazd\\u0131rmak \\u0130stiyorum, \\u00d6dev Dan\\u0131\\u015fmanl\\u0131\\u011f\\u0131, \\u00d6dev Yapt\\u0131rma, Tez Yazd\\u0131rma, Makale YAZDIRMA siteleri, Parayla makale YAZDIRMA, Seo makale fiyatlar\\u0131, Sayfa ba\\u015f\\u0131 yaz\\u0131 yazma \\u00fccreti, \\u0130ngilizce makale yazd\\u0131rma, Akademik makale YAZDIRMA, Makale Fiyatlar\\u0131 2022, Makale yazma, Blog Yazd\\u0131rma, Blog Yazd\\u0131rmak \\u0130stiyorum, Essay yazma Uygulamas\\u0131, Essay Yazma sitesi, \\u0130ngilizce metin yazma sitesi, Writing yazma sitesi, Essay d\\u00fczeltici, Essay Kontrol ettirme, Gramer kontrol, \\u0130ngilizce Gramer d\\u00fczeltme uygulamas\\u0131, \\u0130ngilizce c\\u00fcmle d\\u00fczeltme sitesi, Essay kontrol siteleri, Tez Yapt\\u0131rma, Seo Uyumlu Blog Yapt\\u0131rma 0 (312) 276 75 93\",\"url\":\"https:\\\/\\\/bestessayhomework.com\\\/tr\\\/\",\"telephone\":\"+905423712952\",\"logo\":{\"@type\":\"ImageObject\",\"url\":\"https:\\\/\\\/bestessayhomework.com\\\/tr\\\/wp-content\\\/uploads\\\/2024\\\/03\\\/10.webp\",\"@id\":\"https:\\\/\\\/bestessayhomework.com\\\/tr\\\/icerik-farkliliklari-edebiyat-alaninda-tez-yaptirma-edebiyat-tez-yaptirma-ucretleri-edebiyat-odevleri-edebiyat-odev-ucretleri\\\/#organizationLogo\",\"width\":1280,\"height\":720},\"image\":{\"@id\":\"https:\\\/\\\/bestessayhomework.com\\\/tr\\\/icerik-farkliliklari-edebiyat-alaninda-tez-yaptirma-edebiyat-tez-yaptirma-ucretleri-edebiyat-odevleri-edebiyat-odev-ucretleri\\\/#organizationLogo\"}},{\"@type\":\"Person\",\"@id\":\"https:\\\/\\\/bestessayhomework.com\\\/tr\\\/author\\\/tercuman32\\\/#author\",\"url\":\"https:\\\/\\\/bestessayhomework.com\\\/tr\\\/author\\\/tercuman32\\\/\",\"name\":\"terc\\u00fcman terc\\u00fcman\",\"image\":{\"@type\":\"ImageObject\",\"url\":\"https:\\\/\\\/bestessayhomework.com\\\/tr\\\/wp-content\\\/litespeed\\\/avatar\\\/86c38c20b2eb3a1c431511229f015304.jpg?ver=1773154028\"}},{\"@type\":\"WebPage\",\"@id\":\"https:\\\/\\\/bestessayhomework.com\\\/tr\\\/icerik-farkliliklari-edebiyat-alaninda-tez-yaptirma-edebiyat-tez-yaptirma-ucretleri-edebiyat-odevleri-edebiyat-odev-ucretleri\\\/#webpage\",\"url\":\"https:\\\/\\\/bestessayhomework.com\\\/tr\\\/icerik-farkliliklari-edebiyat-alaninda-tez-yaptirma-edebiyat-tez-yaptirma-ucretleri-edebiyat-odevleri-edebiyat-odev-ucretleri\\\/\",\"name\":\"\\u0130\\u00e7erik Farkl\\u0131l\\u0131klar\\u0131 \\u2013 Edebiyat Alan\\u0131nda Tez Yapt\\u0131rma \\u2013 Edebiyat Tez Yapt\\u0131rma \\u00dccretleri \\u2013 Edebiyat \\u00d6devleri \\u2013 Edebiyat \\u00d6dev \\u00dccretleri | En \\u0130yi Essay\",\"description\":\"\\u0130\\u00e7erik Farkl\\u0131l\\u0131klar\\u0131 El yazmalar\\u0131, hemen hemen ayn\\u0131 zamanda yaz\\u0131lm\\u0131\\u015f olmalar\\u0131na ra\\u011fmen, i\\u00e7erik farkl\\u0131l\\u0131klar\\u0131 ve baz\\u0131 pasajlarda i\\u00e7erikte farkl\\u0131 bir s\\u0131ra sergilemektedir. Yazar\\u0131, Mushafa b. D\\u00fcnya ve Osmanl\\u0131 tarihinin r\\u00fckn IV'\\u00fcn\\u00fcn \\u00f6ns\\u00f6z\\u00fcnde '\\u0100l\\u012b olarak tan\\u0131nan Ahmed, K\\u00fcnh \\u00fcl-a\\u1e2bb\\u0101r'\\u0131n kaynaklar\\u0131 aras\\u0131nda, \\\"M.\\u00d6. II. Bayezid devrini zaman\\u0131n gereklerine uygun olarak nesir ve manzum olarak ele alm\\u0131\\u015ft\\u0131r. C\\u0101mi' \\u00fcl-mekn\\u016bn\\u0101t\",\"inLanguage\":\"tr-TR\",\"isPartOf\":{\"@id\":\"https:\\\/\\\/bestessayhomework.com\\\/tr\\\/#website\"},\"breadcrumb\":{\"@id\":\"https:\\\/\\\/bestessayhomework.com\\\/tr\\\/icerik-farkliliklari-edebiyat-alaninda-tez-yaptirma-edebiyat-tez-yaptirma-ucretleri-edebiyat-odevleri-edebiyat-odev-ucretleri\\\/#breadcrumblist\"},\"author\":{\"@id\":\"https:\\\/\\\/bestessayhomework.com\\\/tr\\\/author\\\/tercuman32\\\/#author\"},\"creator\":{\"@id\":\"https:\\\/\\\/bestessayhomework.com\\\/tr\\\/author\\\/tercuman32\\\/#author\"},\"image\":{\"@type\":\"ImageObject\",\"url\":\"https:\\\/\\\/bestessayhomework.com\\\/tr\\\/wp-content\\\/uploads\\\/2022\\\/01\\\/asd.jpg\",\"@id\":\"https:\\\/\\\/bestessayhomework.com\\\/tr\\\/icerik-farkliliklari-edebiyat-alaninda-tez-yaptirma-edebiyat-tez-yaptirma-ucretleri-edebiyat-odevleri-edebiyat-odev-ucretleri\\\/#mainImage\",\"width\":650,\"height\":344,\"caption\":\"Tarihsel D\\u00f6nemler\\n\\nM\\u0131s\\u0131rl\\u0131lar\\u0131n en eski tarihsel d\\u00f6nemlerden beri y\\u0131l\\u0131n yakla\\u015f\\u0131k uzunlu\\u011funun fark\\u0131nda olduklar\\u0131 kesindir. Nil selinden Nil seline veya g\\u00fcnd\\u00f6n\\u00fcm\\u00fcnden g\\u00fcnd\\u00f6n\\u00fcm\\u00fcne g\\u00fcn kayd\\u0131n\\u0131n kolayl\\u0131kla tutulabilece\\u011fi d\\u00fc\\u015f\\u00fcn\\u00fcl\\u00fcrse, ba\\u015fka t\\u00fcrl\\u00fc olmas\\u0131 tuhaf olurdu. Ancak bu, elbette, yaln\\u0131zca yakla\\u015f\\u0131k bir say\\u0131 i\\u00e7in ge\\u00e7erlidir.\\n\\nEn erken d\\u00f6nemde M\\u0131s\\u0131rl\\u0131lar\\u0131n bu say\\u0131y\\u0131 sadece 360 g\\u00fcn yapt\\u0131klar\\u0131na inanmak i\\u00e7in baz\\u0131 nedenler var. Y\\u0131llar\\u0131n\\u0131n otuz g\\u00fcnden olu\\u015fan on iki aya b\\u00f6l\\u00fcnm\\u00fc\\u015f olmas\\u0131 bu inanca renk katmaktad\\u0131r; ancak her hal\\u00fckarda, yanl\\u0131\\u015fl\\u0131k zaman\\u0131nda fark edilmi\\u015f ve on ikinci ay\\u0131n sonu ile yeni y\\u0131l aras\\u0131na be\\u015f g\\u00fcnl\\u00fck bir \\\"k\\u00fc\\u00e7\\u00fck ay\\\" enterpolasyonu yap\\u0131larak k\\u0131smi bir \\u00e7are uygulanm\\u0131\\u015ft\\u0131r.\\n\\nBu, sorunu neredeyse ama tam olarak \\u00e7\\u00f6zmedi. A\\u00e7\\u0131k\\u00e7a ba\\u015far\\u0131s\\u0131z oldu\\u011fu \\u015fey, ger\\u00e7ek y\\u0131l\\u0131 ger\\u00e7ekten tamamlayan bir g\\u00fcn\\u00fcn bu ek \\u00e7eyre\\u011fini hesaba katmakt\\u0131.\\n\\nD\\u00fcnyan\\u0131n, g\\u00fcne\\u015f etraf\\u0131ndaki ge\\u00e7i\\u015f h\\u0131z\\u0131yla d\\u00f6nme hareketini y\\u0131ll\\u0131k u\\u00e7u\\u015funu tam olarak 360 g\\u00fcnde yapacak \\u015fekilde ayarlamas\\u0131 \\u015fans eseri insanl\\u0131k i\\u00e7in son derece uygun bir \\u015fey olurdu.\\n\\nO zaman, her biri otuz g\\u00fcnl\\u00fck on iki kameri ay tam olarak g\\u00fcne\\u015f y\\u0131l\\u0131na denk gelecek ve tarih \\u00f6\\u011frencilerinin kafas\\u0131n\\u0131 kar\\u0131\\u015ft\\u0131ran takvimin karma\\u015f\\u0131kl\\u0131klar\\u0131n\\u0131n \\u00e7o\\u011fundan ka\\u00e7\\u0131n\\u0131lm\\u0131\\u015f olacakt\\u0131; ama \\u00f6te yandan, belki de bu basitlik, insanlar\\u0131n g\\u00f6kleri eskisi kadar dikkatli ara\\u015ft\\u0131rmas\\u0131n\\u0131 engelleyerek astronomik bilime zarar verebilirdi.\\n\\nOlabildi\\u011fince, karma\\u015f\\u0131kl\\u0131k var. \\u00dc\\u00e7 y\\u00fcz altm\\u0131\\u015f be\\u015f ve (yakla\\u015f\\u0131k) bir \\u00e7eyrek g\\u00fcnl\\u00fck ger\\u00e7ek y\\u0131l, aylara e\\u015fit olarak b\\u00f6l\\u00fcnemez ve g\\u00fcnlerin burada ve orada araya eklenmesi gibi baz\\u0131 \\u00e7areler esast\\u0131r, aksi takdirde takvim kesinlikle uyumsuz hale gelir.\\u00a0\\n\\nM\\u0131s\\u0131rl\\u0131lar s\\u00f6z konusu oldu\\u011funda, az \\u00f6nce belirtildi\\u011fi gibi, M\\u0131s\\u0131rl\\u0131lar\\u0131n kendilerinin \\\"y\\u0131l\\u0131n be\\u015f g\\u00fcn\\u00fc\\\" olarak adland\\u0131rd\\u0131klar\\u0131 \\u015feyi olu\\u015fturan be\\u015f g\\u00fcn\\u00fcn tan\\u0131t\\u0131lmas\\u0131yla ayarlama giri\\u015fiminde bulunuldu. Bu s\\u00f6zde epagomenal g\\u00fcnler \\u015f\\u00fcphesiz \\u00e7ok erken bir d\\u00f6nemde tan\\u0131t\\u0131ld\\u0131.\\n\\nMaspero, Osiris efsanesinin bu g\\u00fcnlerin Nuit'in t\\u00fcm \\u00e7ocuklar\\u0131n\\u0131 do\\u011furmas\\u0131na izin vermek i\\u00e7in tanr\\u0131 Thot taraf\\u0131ndan yarat\\u0131ld\\u0131\\u011f\\u0131n\\u0131 a\\u00e7\\u0131klad\\u0131\\u011f\\u0131 ger\\u00e7e\\u011fini kan\\u0131tlayarak, bunlar\\u0131n ilk Thinite hanedan\\u0131ndan \\u00f6nce kullan\\u0131ld\\u0131\\u011f\\u0131n\\u0131 savunuyor; bu \\u00e7are, Nuit'e y\\u0131l\\u0131n herhangi bir g\\u00fcn\\u00fcnde \\u00e7ocuk do\\u011furamayaca\\u011f\\u0131na dair ilan edilen bir yasa\\u011f\\u0131n \\u00fcstesinden gelmek i\\u00e7in gerekliydi.\\n\\nAma elbette ek be\\u015f g\\u00fcn takvimi tam olarak d\\u00fczeltmeye yetmiyor. Hesaplanacak ek bir \\u00e7eyrek g\\u00fcn kald\\u0131. Bu, elbette, her d\\u00f6rt y\\u0131lda bir tam g\\u00fcn anlam\\u0131na gelir. Daha sonra \\u0130skenderiye biliminin her d\\u00f6rt y\\u0131lda bir bir g\\u00fcn eklemek gibi bir \\u00e7are buldu\\u011funu g\\u00f6rece\\u011fiz.\\n\\nAma ne yaz\\u0131k ki, eski M\\u0131s\\u0131rl\\u0131 bu ek g\\u00fcn\\u00fcn gereklili\\u011fini fark edemedi ya da fark ettiyse bile bilgisine g\\u00f6re hareket edemedi ve \\u00f6yle oldu ki, uzak ge\\u00e7mi\\u015fte bir yerde yeni bir y\\u0131l g\\u00fcn\\u00fcnden ba\\u015flayarak Nil'in sular alt\\u0131nda kalmas\\u0131yla ayn\\u0131 zamana denk geldi\\u011finden, zaman ge\\u00e7tik\\u00e7e takvim ve mevsimlerde s\\u00fcrekli de\\u011fi\\u015fen bir uyumsuzluk vard\\u0131.\\n\\nA\\u00e7\\u0131klanmas\\u0131 gereken M\\u0131s\\u0131r mevsimlerinin say\\u0131s\\u0131 \\u00fc\\u00e7t\\u00fc: sel mevsimi, tohum zaman\\u0131 mevsimi ve hasat mevsimi; her sezon elbette d\\u00f6rt ayd\\u0131r. Ba\\u015flang\\u0131\\u00e7ta, az \\u00f6nce de belirtildi\\u011fi gibi, su bask\\u0131n\\u0131 mevsimi ba\\u015flad\\u0131 ve ger\\u00e7ek su bask\\u0131n\\u0131 zaman\\u0131 ile ayn\\u0131 zamana denk geldi.\\n\\nYeni y\\u0131l g\\u00fcn\\u00fcn\\u00fcn daha kesin tespiti, M\\u0131s\\u0131rl\\u0131lar\\u0131n Sothis ad\\u0131n\\u0131 ta\\u015f\\u0131yan k\\u00f6pek y\\u0131ld\\u0131z\\u0131 Sirius'un s\\u00f6zde g\\u00fcne\\u015f do\\u011fu\\u015fu zaman\\u0131n\\u0131n g\\u00f6zlemlenmesiyle ba\\u015far\\u0131ld\\u0131. Heliopolis b\\u00f6lgesinden bak\\u0131ld\\u0131\\u011f\\u0131nda, yaz g\\u00fcnd\\u00f6n\\u00fcm\\u00fc s\\u0131ras\\u0131nda g\\u00fcne\\u015fin g\\u00f6klerde k\\u00f6pek y\\u0131ld\\u0131z\\u0131na yak\\u0131n bir konumda olmas\\u0131 muhtemeldir.\\n\\n\\u015eimdi, \\u00e7ok iyi bilindi\\u011fi gibi, M\\u0131s\\u0131rl\\u0131lar, hemen hemen her do\\u011fa olgusunun gerisinde tanr\\u0131sall\\u0131\\u011f\\u0131 g\\u00f6rerek, \\u00e7ok do\\u011fal olarak g\\u00fcne\\u015f-tanr\\u0131s\\u0131 gibi etkili oldu\\u011fu a\\u00e7\\u0131k\\u00e7a belli olan bir \\u015fahsiyete \\u00f6zel bir h\\u00fcrmet g\\u00f6sterdiler.\\n\\nTarih \\u00f6ncesi d\\u00f6nemler\\nTarih \\u00f6ncesi \\u00c7a\\u011flar s\\u0131ras\\u0131yla\\nTarih sonras\\u0131 devirler\\nTarihi \\u00c7a\\u011flar\\nTarihi \\u00e7a\\u011flar s\\u0131ralamas\\u0131\\ntarihi \\u00e7a\\u011flar \\nKalkolitik d\\u00f6nem\\nG\\u00fcn\\u00fcm\\u00fcze en Yak\\u0131n d\\u00f6nem Neolitik\\n\\nBilhassa, sabah M\\u0131s\\u0131r turuna \\u00e7\\u0131karken ona biat etmeyi uygun g\\u00f6rd\\u00fcler; M\\u0131s\\u0131rl\\u0131 astronom rahipler, tap\\u0131naklar\\u0131n\\u0131n yak\\u0131n\\u0131ndaki tepelere t\\u00fcnemi\\u015f, geli\\u015finin kesin an\\u0131n\\u0131 bilebilmek i\\u00e7in, g\\u00fcne\\u015f \\u0131\\u015f\\u0131nlar\\u0131ndan \\u00f6nce geldi\\u011fi g\\u00f6zlemlenmi\\u015f bir y\\u0131ld\\u0131za at\\u0131fta bulunarak do\\u011fu ufkunu taramay\\u0131 adet edinmi\\u015flerdi.\\n\\nElbette ekinokslar\\u0131n devinimleri, beceriksiz d\\u00fcnyam\\u0131z\\u0131n i\\u00e7ine d\\u00fc\\u015ft\\u00fc\\u011f\\u00fc eksenel yalpalama nedeniyle, sabit y\\u0131ld\\u0131zlar\\u0131n g\\u00fcne\\u015fe g\\u00f6re g\\u00f6r\\u00fcnen konumlar\\u0131n\\u0131 de\\u011fi\\u015ftirir, \\u00f6yle ki ayn\\u0131 y\\u0131ld\\u0131z sonsuza kadar g\\u00fcne\\u015f habercisi olarak hizmet edemez; ama \\u00f6te yandan, bu de\\u011fi\\u015fimler o kadar yava\\u015f ki, kaymay\\u0131 tespit etmek i\\u00e7in bir\\u00e7ok g\\u00f6kbilimci ku\\u015fa\\u011f\\u0131n\\u0131n g\\u00f6zlemleri gerekecektir.\\n\\nKan\\u0131tlar tam olarak kan\\u0131tlay\\u0131c\\u0131 olmasa da Lockyer, M\\u0131s\\u0131rl\\u0131lar\\u0131n astronomik g\\u00f6zlemlerinin k\\u00f6pek y\\u0131ld\\u0131z\\u0131 Sothis'in yaz g\\u00fcnd\\u00f6n\\u00fcm\\u00fc sabah\\u0131 g\\u00fcne\\u015fle yak\\u0131n ili\\u015fkide olmad\\u0131\\u011f\\u0131 bir d\\u00f6neme kadar uzand\\u0131\\u011f\\u0131na inan\\u0131yor.\\n\\nYine de Biot'un hesaplar\\u0131na g\\u00f6re, g\\u00fcnd\\u00f6n\\u00fcm\\u00fcnde Sothis'in helyasal y\\u00fckseli\\u015fi M\\u00d6 3285 gibi erken bir tarihte kaydedildi ve bu y\\u0131ld\\u0131z\\u0131n sonraki y\\u00fczy\\u0131llar boyunca bu \\u00f6zel prestij konumunu korumaya devam etti\\u011fi kesindir.\\n\\nBu nedenle, M\\u0131s\\u0131r'\\u0131n en \\u00f6nemli tanr\\u0131lar\\u0131ndan biri olan \\u0130sis ile ili\\u015fkilendirilmeye ba\\u015fland\\u0131 ve Sothis'in sabah g\\u00f6ky\\u00fcz\\u00fcnde ilk kez g\\u00f6r\\u00fcnd\\u00fc\\u011f\\u00fc g\\u00fcn yeni y\\u0131l\\u0131n ba\\u015flang\\u0131c\\u0131 oldu; o g\\u00fcn, daha \\u00f6nce belirtildi\\u011fi gibi, yaz g\\u00fcnd\\u00f6n\\u00fcm\\u00fc ve Nil ak\\u0131\\u015f\\u0131n\\u0131n ba\\u015flang\\u0131c\\u0131 ile ayn\\u0131 zamana denk geliyor.\\n\\nAma \\u015fimdi, g\\u00fcn\\u00fcn o hesaba kat\\u0131lmam\\u0131\\u015f \\u00e7eyre\\u011finin getirdi\\u011fi zorluklar i\\u00e7in. A\\u00e7\\u0131k\\u00e7as\\u0131, yaln\\u0131zca 365 g\\u00fcnl\\u00fck bir takvimle, d\\u00f6rt y\\u0131l\\u0131n sonunda, takvim y\\u0131l\\u0131 veya M\\u0131s\\u0131rl\\u0131lar\\u0131n adland\\u0131rd\\u0131\\u011f\\u0131 \\u015fekliyle belirsiz y\\u0131l, ger\\u00e7ek g\\u00fcne\\u015f y\\u0131l\\u0131na, yani g\\u00fcne\\u015f y\\u0131l\\u0131na g\\u00f6re bir tam g\\u00fcn kazanm\\u0131\\u015ft\\u0131. K\\u00f6pek y\\u0131ld\\u0131z\\u0131 Sothis'in y\\u00fckseli\\u015fi, hatal\\u0131 takvimin yeni y\\u0131l g\\u00fcn\\u00fcnde de\\u011fil, bir g\\u00fcn sonra ger\\u00e7ekle\\u015fecekti.\\n\\nVe birbirini takip eden her d\\u00f6rt y\\u0131ll\\u0131k d\\u00f6nemde, y\\u0131l\\u0131n ger\\u00e7ek ba\\u015flang\\u0131c\\u0131n\\u0131 belirleyen ve yine de tabii ki su bask\\u0131n\\u0131 ile \\u00e7ak\\u0131\\u015fan g\\u00fcne\\u015f do\\u011fu\\u015fu g\\u00fcn\\u00fc, takvimden bir g\\u00fcn daha geride kalacakt\\u0131.\\n\\n120 y\\u0131l boyunca koca bir ay kaybedilirdi; ve 480 y\\u0131lda o kadar b\\u00fcy\\u00fck bir kayma olur ki, mevsimler tamamen yersiz olur; takvimin tohum zaman\\u0131 olarak kaydetti\\u011fi \\u015feye kar\\u015f\\u0131l\\u0131k gelen ger\\u00e7ek su bask\\u0131n\\u0131 zaman\\u0131 ve takvimin hasat zaman\\u0131na kar\\u015f\\u0131l\\u0131k gelir.\\n\\n\\u0130lk ba\\u015fta bunun \\u00e7ok garip ve kafa kar\\u0131\\u015ft\\u0131r\\u0131c\\u0131 g\\u00f6r\\u00fcnd\\u00fc\\u011f\\u00fcn\\u00fc d\\u00fc\\u015f\\u00fcnd\\u00fcm, ancak b\\u00fcy\\u00fck olas\\u0131l\\u0131kla etkiler ger\\u00e7ek uygulamada hi\\u00e7 bu kadar fazla de\\u011fildi. Aylar ve g\\u00fcnler itibariyle mevsim adlar\\u0131n\\u0131n \\u00e7o\\u011fumuzun zihninde tamamen geleneksel bir anlam kazand\\u0131\\u011f\\u0131n\\u0131 bilmek i\\u00e7in kendi deneyimlerimizden \\u00f6teye gitmemize gerek yoktur.\\n\\n\\u00d6yleyse, kendi takvimimiz o kadar kusurlu olsayd\\u0131 ki, 120 y\\u0131l boyunca \\u015eubat ay\\u0131 ilk Ocak ay\\u0131 konumuna geri kaym\\u0131\\u015f olsayd\\u0131, de\\u011fi\\u015fiklik o kadar kademeli olurdu ki, iki ya da daha fazla ya\\u015fam s\\u00fcresini kapsayabilirdi. ortalama d\\u00f6rt ya da be\\u015f nesil, genel g\\u00f6zlemden pekala ka\\u00e7abilir.\"},\"primaryImageOfPage\":{\"@id\":\"https:\\\/\\\/bestessayhomework.com\\\/tr\\\/icerik-farkliliklari-edebiyat-alaninda-tez-yaptirma-edebiyat-tez-yaptirma-ucretleri-edebiyat-odevleri-edebiyat-odev-ucretleri\\\/#mainImage\"},\"datePublished\":\"2022-02-03T12:04:17+03:00\",\"dateModified\":\"2022-02-03T12:04:17+03:00\"},{\"@type\":\"WebSite\",\"@id\":\"https:\\\/\\\/bestessayhomework.com\\\/tr\\\/#website\",\"url\":\"https:\\\/\\\/bestessayhomework.com\\\/tr\\\/\",\"name\":\"En \\u0130yi Essay\",\"description\":\"bestessayhomework@gmail.com - Bize Mail Kanal\\u0131m\\u0131zdan veya sa\\u011f alt k\\u00f6\\u015fedeki Whatsapp tu\\u015fundan Ula\\u015f\\u0131n - 0 (312) 276 75 93 -Essay Yapt\\u0131rma, Essay Yazd\\u0131rma, Parayla Essay Yazd\\u0131rma, Parayla Essay Yapt\\u0131rma, \\u00dccretli Essay, \\u00dccretli Essay Yapt\\u0131rma, Profesyonel Essay Yapt\\u0131rma,   Essay Projesi Yapt\\u0131r, Essay \\u00d6dev Yard\\u0131m\\u0131 Al, Essay D\\u00fczenleme, Essay Projesi Yapt\\u0131r,   Essay Sepeti, Essay Fiyat Teklifi Al, Essay Dan\\u0131\\u015fmanl\\u0131k, Essay Ar\\u015fivleri, Essay Kategorisi,   Essay Yazd\\u0131rmak, Essay Yazd\\u0131rma \\u00dccreti, Essay Sunum, Essay \\u00c7eviri, Essay Yazd\\u0131rma \\u00dccreti,   \\u00dccretli Essay Yazd\\u0131rma, Essay Yazd\\u0131rma Siteleri, Parayla Essay Yazma, \\u00d6dev Yazd\\u0131rma, Essay Yazd\\u0131rmak \\u0130stiyorum,   Research Paper Yazd\\u0131rmak, Argumentative Essay Topics, Cause Effect Essay \\u00d6rnekleri, Classification Essay, Essay \\u00c7e\\u015fitleri,   Essay Rehberi, Opinion Essay Examples, Makale Yazd\\u0131rma, Kompozisyon Yazd\\u0131rma, Parayla Makale Yazd\\u0131rma,   Parayla Kompozisyon Yazd\\u0131rma, \\u00dccretli Makale, \\u00dccretli Kompozisyon, Profesyonel Makale Yapt\\u0131rma, Profesyonel Kompozisyon Yapt\\u0131rma,   Makale Projesi Yapt\\u0131r, Makale \\u00d6dev Yard\\u0131m\\u0131 Al, Makale D\\u00fczenleme, Makale Projesi Yapt\\u0131r, Makale Sepeti,   Makale Fiyat Teklifi Al, Makale Dan\\u0131\\u015fmanl\\u0131k, Makale Ar\\u015fivleri, Makale Kategorisi, Makale Yazd\\u0131rmak, Makale Yazd\\u0131rma \\u00dccreti,   Makale Sunum, Makale \\u00c7eviri, Makale Yazd\\u0131rma \\u00dccreti, \\u00dccretli Makale Yazd\\u0131rma, Makale Yazd\\u0131rma Siteleri, Parayla Makale Yazma, Makale Sepeti,  Makale Yazd\\u0131rmak \\u0130stiyorum, \\u00d6dev Dan\\u0131\\u015fmanl\\u0131\\u011f\\u0131, \\u00d6dev Yapt\\u0131rma, Tez Yazd\\u0131rma, Makale YAZDIRMA siteleri, Parayla makale YAZDIRMA, Seo makale fiyatlar\\u0131, Sayfa ba\\u015f\\u0131 yaz\\u0131 yazma \\u00fccreti, \\u0130ngilizce makale yazd\\u0131rma, Akademik makale YAZDIRMA, Makale Fiyatlar\\u0131 2022, Makale yazma, Blog Yazd\\u0131rma, Blog Yazd\\u0131rmak \\u0130stiyorum, Essay yazma Uygulamas\\u0131, Essay Yazma sitesi, \\u0130ngilizce metin yazma sitesi, Writing yazma sitesi, Essay d\\u00fczeltici, Essay Kontrol ettirme, Gramer kontrol, \\u0130ngilizce Gramer d\\u00fczeltme uygulamas\\u0131, \\u0130ngilizce c\\u00fcmle d\\u00fczeltme sitesi, Essay kontrol siteleri, Tez Yapt\\u0131rma, Seo Uyumlu Blog Yapt\\u0131rma\",\"inLanguage\":\"tr-TR\",\"publisher\":{\"@id\":\"https:\\\/\\\/bestessayhomework.com\\\/tr\\\/#organization\"}}]}\n\t\t<\/script>\n\t\t<!-- All in One SEO Pro -->\r\n\t\t<title>\u0130\u00e7erik Farkl\u0131l\u0131klar\u0131 \u2013 Edebiyat Alan\u0131nda Tez Yapt\u0131rma \u2013 Edebiyat Tez Yapt\u0131rma \u00dccretleri \u2013 Edebiyat \u00d6devleri \u2013 Edebiyat \u00d6dev \u00dccretleri | En \u0130yi Essay<\/title>\n\n","aioseo_head_json":{"title":"\u0130\u00e7erik Farkl\u0131l\u0131klar\u0131 \u2013 Edebiyat Alan\u0131nda Tez Yapt\u0131rma \u2013 Edebiyat Tez Yapt\u0131rma \u00dccretleri \u2013 Edebiyat \u00d6devleri \u2013 Edebiyat \u00d6dev \u00dccretleri | En \u0130yi Essay","description":"\u0130\u00e7erik Farkl\u0131l\u0131klar\u0131 El yazmalar\u0131, hemen hemen ayn\u0131 zamanda yaz\u0131lm\u0131\u015f olmalar\u0131na ra\u011fmen, i\u00e7erik farkl\u0131l\u0131klar\u0131 ve baz\u0131 pasajlarda i\u00e7erikte farkl\u0131 bir s\u0131ra sergilemektedir. Yazar\u0131, Mushafa b. D\u00fcnya ve Osmanl\u0131 tarihinin r\u00fckn IV'\u00fcn\u00fcn \u00f6ns\u00f6z\u00fcnde '\u0100l\u012b olarak tan\u0131nan Ahmed, K\u00fcnh \u00fcl-a\u1e2bb\u0101r'\u0131n kaynaklar\u0131 aras\u0131nda, \"M.\u00d6. II. Bayezid devrini zaman\u0131n gereklerine uygun olarak nesir ve manzum olarak ele alm\u0131\u015ft\u0131r. C\u0101mi' \u00fcl-mekn\u016bn\u0101t","canonical_url":"https:\/\/bestessayhomework.com\/tr\/icerik-farkliliklari-edebiyat-alaninda-tez-yaptirma-edebiyat-tez-yaptirma-ucretleri-edebiyat-odevleri-edebiyat-odev-ucretleri\/","robots":"max-image-preview:large","keywords":"bi\u00e7im ve i\u00e7erik nedir \u00f6rnek,edebiyatta bi\u00e7im nedir,hikayede bi\u00e7im nedir,hikayede bi\u00e7im ve i\u00e7erik,i\u0307\u00e7erik ve bi\u00e7im aras\u0131ndaki fark,metinde bi\u00e7im nedir,metinde bi\u00e7im ve t\u00fcr ne demek,metnin i\u00e7eri\u011fi ne demek","webmasterTools":{"google-site-verification":"_Do0m5hW5EZGn6W1I0rvGqv6s_5Fr6nHI8Uj9qTWHMM","miscellaneous":""},"schema":{"@context":"https:\/\/schema.org","@graph":[{"@type":"Article","@id":"https:\/\/bestessayhomework.com\/tr\/icerik-farkliliklari-edebiyat-alaninda-tez-yaptirma-edebiyat-tez-yaptirma-ucretleri-edebiyat-odevleri-edebiyat-odev-ucretleri\/#article","name":"\u0130\u00e7erik Farkl\u0131l\u0131klar\u0131 \u2013 Edebiyat Alan\u0131nda Tez Yapt\u0131rma \u2013 Edebiyat Tez Yapt\u0131rma \u00dccretleri \u2013 Edebiyat \u00d6devleri \u2013 Edebiyat \u00d6dev \u00dccretleri | En \u0130yi Essay","headline":"\u0130\u00e7erik Farkl\u0131l\u0131klar\u0131 \u2013 Edebiyat Alan\u0131nda Tez Yapt\u0131rma \u2013 Edebiyat Tez Yapt\u0131rma \u00dccretleri \u2013 Edebiyat \u00d6devleri \u2013 Edebiyat \u00d6dev \u00dccretleri","author":{"@id":"https:\/\/bestessayhomework.com\/tr\/author\/tercuman32\/#author"},"publisher":{"@id":"https:\/\/bestessayhomework.com\/tr\/#organization"},"image":{"@type":"ImageObject","url":"https:\/\/bestessayhomework.com\/tr\/wp-content\/uploads\/2022\/01\/asd.jpg","width":650,"height":344,"caption":"Tarihsel D\u00f6nemler\n\nM\u0131s\u0131rl\u0131lar\u0131n en eski tarihsel d\u00f6nemlerden beri y\u0131l\u0131n yakla\u015f\u0131k uzunlu\u011funun fark\u0131nda olduklar\u0131 kesindir. Nil selinden Nil seline veya g\u00fcnd\u00f6n\u00fcm\u00fcnden g\u00fcnd\u00f6n\u00fcm\u00fcne g\u00fcn kayd\u0131n\u0131n kolayl\u0131kla tutulabilece\u011fi d\u00fc\u015f\u00fcn\u00fcl\u00fcrse, ba\u015fka t\u00fcrl\u00fc olmas\u0131 tuhaf olurdu. Ancak bu, elbette, yaln\u0131zca yakla\u015f\u0131k bir say\u0131 i\u00e7in ge\u00e7erlidir.\n\nEn erken d\u00f6nemde M\u0131s\u0131rl\u0131lar\u0131n bu say\u0131y\u0131 sadece 360 g\u00fcn yapt\u0131klar\u0131na inanmak i\u00e7in baz\u0131 nedenler var. Y\u0131llar\u0131n\u0131n otuz g\u00fcnden olu\u015fan on iki aya b\u00f6l\u00fcnm\u00fc\u015f olmas\u0131 bu inanca renk katmaktad\u0131r; ancak her hal\u00fckarda, yanl\u0131\u015fl\u0131k zaman\u0131nda fark edilmi\u015f ve on ikinci ay\u0131n sonu ile yeni y\u0131l aras\u0131na be\u015f g\u00fcnl\u00fck bir \"k\u00fc\u00e7\u00fck ay\" enterpolasyonu yap\u0131larak k\u0131smi bir \u00e7are uygulanm\u0131\u015ft\u0131r.\n\nBu, sorunu neredeyse ama tam olarak \u00e7\u00f6zmedi. A\u00e7\u0131k\u00e7a ba\u015far\u0131s\u0131z oldu\u011fu \u015fey, ger\u00e7ek y\u0131l\u0131 ger\u00e7ekten tamamlayan bir g\u00fcn\u00fcn bu ek \u00e7eyre\u011fini hesaba katmakt\u0131.\n\nD\u00fcnyan\u0131n, g\u00fcne\u015f etraf\u0131ndaki ge\u00e7i\u015f h\u0131z\u0131yla d\u00f6nme hareketini y\u0131ll\u0131k u\u00e7u\u015funu tam olarak 360 g\u00fcnde yapacak \u015fekilde ayarlamas\u0131 \u015fans eseri insanl\u0131k i\u00e7in son derece uygun bir \u015fey olurdu.\n\nO zaman, her biri otuz g\u00fcnl\u00fck on iki kameri ay tam olarak g\u00fcne\u015f y\u0131l\u0131na denk gelecek ve tarih \u00f6\u011frencilerinin kafas\u0131n\u0131 kar\u0131\u015ft\u0131ran takvimin karma\u015f\u0131kl\u0131klar\u0131n\u0131n \u00e7o\u011fundan ka\u00e7\u0131n\u0131lm\u0131\u015f olacakt\u0131; ama \u00f6te yandan, belki de bu basitlik, insanlar\u0131n g\u00f6kleri eskisi kadar dikkatli ara\u015ft\u0131rmas\u0131n\u0131 engelleyerek astronomik bilime zarar verebilirdi.\n\nOlabildi\u011fince, karma\u015f\u0131kl\u0131k var. \u00dc\u00e7 y\u00fcz altm\u0131\u015f be\u015f ve (yakla\u015f\u0131k) bir \u00e7eyrek g\u00fcnl\u00fck ger\u00e7ek y\u0131l, aylara e\u015fit olarak b\u00f6l\u00fcnemez ve g\u00fcnlerin burada ve orada araya eklenmesi gibi baz\u0131 \u00e7areler esast\u0131r, aksi takdirde takvim kesinlikle uyumsuz hale gelir.\u00a0\n\nM\u0131s\u0131rl\u0131lar s\u00f6z konusu oldu\u011funda, az \u00f6nce belirtildi\u011fi gibi, M\u0131s\u0131rl\u0131lar\u0131n kendilerinin \"y\u0131l\u0131n be\u015f g\u00fcn\u00fc\" olarak adland\u0131rd\u0131klar\u0131 \u015feyi olu\u015fturan be\u015f g\u00fcn\u00fcn tan\u0131t\u0131lmas\u0131yla ayarlama giri\u015fiminde bulunuldu. Bu s\u00f6zde epagomenal g\u00fcnler \u015f\u00fcphesiz \u00e7ok erken bir d\u00f6nemde tan\u0131t\u0131ld\u0131.\n\nMaspero, Osiris efsanesinin bu g\u00fcnlerin Nuit'in t\u00fcm \u00e7ocuklar\u0131n\u0131 do\u011furmas\u0131na izin vermek i\u00e7in tanr\u0131 Thot taraf\u0131ndan yarat\u0131ld\u0131\u011f\u0131n\u0131 a\u00e7\u0131klad\u0131\u011f\u0131 ger\u00e7e\u011fini kan\u0131tlayarak, bunlar\u0131n ilk Thinite hanedan\u0131ndan \u00f6nce kullan\u0131ld\u0131\u011f\u0131n\u0131 savunuyor; bu \u00e7are, Nuit'e y\u0131l\u0131n herhangi bir g\u00fcn\u00fcnde \u00e7ocuk do\u011furamayaca\u011f\u0131na dair ilan edilen bir yasa\u011f\u0131n \u00fcstesinden gelmek i\u00e7in gerekliydi.\n\nAma elbette ek be\u015f g\u00fcn takvimi tam olarak d\u00fczeltmeye yetmiyor. Hesaplanacak ek bir \u00e7eyrek g\u00fcn kald\u0131. Bu, elbette, her d\u00f6rt y\u0131lda bir tam g\u00fcn anlam\u0131na gelir. Daha sonra \u0130skenderiye biliminin her d\u00f6rt y\u0131lda bir bir g\u00fcn eklemek gibi bir \u00e7are buldu\u011funu g\u00f6rece\u011fiz.\n\nAma ne yaz\u0131k ki, eski M\u0131s\u0131rl\u0131 bu ek g\u00fcn\u00fcn gereklili\u011fini fark edemedi ya da fark ettiyse bile bilgisine g\u00f6re hareket edemedi ve \u00f6yle oldu ki, uzak ge\u00e7mi\u015fte bir yerde yeni bir y\u0131l g\u00fcn\u00fcnden ba\u015flayarak Nil'in sular alt\u0131nda kalmas\u0131yla ayn\u0131 zamana denk geldi\u011finden, zaman ge\u00e7tik\u00e7e takvim ve mevsimlerde s\u00fcrekli de\u011fi\u015fen bir uyumsuzluk vard\u0131.\n\nA\u00e7\u0131klanmas\u0131 gereken M\u0131s\u0131r mevsimlerinin say\u0131s\u0131 \u00fc\u00e7t\u00fc: sel mevsimi, tohum zaman\u0131 mevsimi ve hasat mevsimi; her sezon elbette d\u00f6rt ayd\u0131r. Ba\u015flang\u0131\u00e7ta, az \u00f6nce de belirtildi\u011fi gibi, su bask\u0131n\u0131 mevsimi ba\u015flad\u0131 ve ger\u00e7ek su bask\u0131n\u0131 zaman\u0131 ile ayn\u0131 zamana denk geldi.\n\nYeni y\u0131l g\u00fcn\u00fcn\u00fcn daha kesin tespiti, M\u0131s\u0131rl\u0131lar\u0131n Sothis ad\u0131n\u0131 ta\u015f\u0131yan k\u00f6pek y\u0131ld\u0131z\u0131 Sirius'un s\u00f6zde g\u00fcne\u015f do\u011fu\u015fu zaman\u0131n\u0131n g\u00f6zlemlenmesiyle ba\u015far\u0131ld\u0131. Heliopolis b\u00f6lgesinden bak\u0131ld\u0131\u011f\u0131nda, yaz g\u00fcnd\u00f6n\u00fcm\u00fc s\u0131ras\u0131nda g\u00fcne\u015fin g\u00f6klerde k\u00f6pek y\u0131ld\u0131z\u0131na yak\u0131n bir konumda olmas\u0131 muhtemeldir.\n\n\u015eimdi, \u00e7ok iyi bilindi\u011fi gibi, M\u0131s\u0131rl\u0131lar, hemen hemen her do\u011fa olgusunun gerisinde tanr\u0131sall\u0131\u011f\u0131 g\u00f6rerek, \u00e7ok do\u011fal olarak g\u00fcne\u015f-tanr\u0131s\u0131 gibi etkili oldu\u011fu a\u00e7\u0131k\u00e7a belli olan bir \u015fahsiyete \u00f6zel bir h\u00fcrmet g\u00f6sterdiler.\n\nTarih \u00f6ncesi d\u00f6nemler\nTarih \u00f6ncesi \u00c7a\u011flar s\u0131ras\u0131yla\nTarih sonras\u0131 devirler\nTarihi \u00c7a\u011flar\nTarihi \u00e7a\u011flar s\u0131ralamas\u0131\ntarihi \u00e7a\u011flar \nKalkolitik d\u00f6nem\nG\u00fcn\u00fcm\u00fcze en Yak\u0131n d\u00f6nem Neolitik\n\nBilhassa, sabah M\u0131s\u0131r turuna \u00e7\u0131karken ona biat etmeyi uygun g\u00f6rd\u00fcler; M\u0131s\u0131rl\u0131 astronom rahipler, tap\u0131naklar\u0131n\u0131n yak\u0131n\u0131ndaki tepelere t\u00fcnemi\u015f, geli\u015finin kesin an\u0131n\u0131 bilebilmek i\u00e7in, g\u00fcne\u015f \u0131\u015f\u0131nlar\u0131ndan \u00f6nce geldi\u011fi g\u00f6zlemlenmi\u015f bir y\u0131ld\u0131za at\u0131fta bulunarak do\u011fu ufkunu taramay\u0131 adet edinmi\u015flerdi.\n\nElbette ekinokslar\u0131n devinimleri, beceriksiz d\u00fcnyam\u0131z\u0131n i\u00e7ine d\u00fc\u015ft\u00fc\u011f\u00fc eksenel yalpalama nedeniyle, sabit y\u0131ld\u0131zlar\u0131n g\u00fcne\u015fe g\u00f6re g\u00f6r\u00fcnen konumlar\u0131n\u0131 de\u011fi\u015ftirir, \u00f6yle ki ayn\u0131 y\u0131ld\u0131z sonsuza kadar g\u00fcne\u015f habercisi olarak hizmet edemez; ama \u00f6te yandan, bu de\u011fi\u015fimler o kadar yava\u015f ki, kaymay\u0131 tespit etmek i\u00e7in bir\u00e7ok g\u00f6kbilimci ku\u015fa\u011f\u0131n\u0131n g\u00f6zlemleri gerekecektir.\n\nKan\u0131tlar tam olarak kan\u0131tlay\u0131c\u0131 olmasa da Lockyer, M\u0131s\u0131rl\u0131lar\u0131n astronomik g\u00f6zlemlerinin k\u00f6pek y\u0131ld\u0131z\u0131 Sothis'in yaz g\u00fcnd\u00f6n\u00fcm\u00fc sabah\u0131 g\u00fcne\u015fle yak\u0131n ili\u015fkide olmad\u0131\u011f\u0131 bir d\u00f6neme kadar uzand\u0131\u011f\u0131na inan\u0131yor.\n\nYine de Biot'un hesaplar\u0131na g\u00f6re, g\u00fcnd\u00f6n\u00fcm\u00fcnde Sothis'in helyasal y\u00fckseli\u015fi M\u00d6 3285 gibi erken bir tarihte kaydedildi ve bu y\u0131ld\u0131z\u0131n sonraki y\u00fczy\u0131llar boyunca bu \u00f6zel prestij konumunu korumaya devam etti\u011fi kesindir.\n\nBu nedenle, M\u0131s\u0131r'\u0131n en \u00f6nemli tanr\u0131lar\u0131ndan biri olan \u0130sis ile ili\u015fkilendirilmeye ba\u015fland\u0131 ve Sothis'in sabah g\u00f6ky\u00fcz\u00fcnde ilk kez g\u00f6r\u00fcnd\u00fc\u011f\u00fc g\u00fcn yeni y\u0131l\u0131n ba\u015flang\u0131c\u0131 oldu; o g\u00fcn, daha \u00f6nce belirtildi\u011fi gibi, yaz g\u00fcnd\u00f6n\u00fcm\u00fc ve Nil ak\u0131\u015f\u0131n\u0131n ba\u015flang\u0131c\u0131 ile ayn\u0131 zamana denk geliyor.\n\nAma \u015fimdi, g\u00fcn\u00fcn o hesaba kat\u0131lmam\u0131\u015f \u00e7eyre\u011finin getirdi\u011fi zorluklar i\u00e7in. A\u00e7\u0131k\u00e7as\u0131, yaln\u0131zca 365 g\u00fcnl\u00fck bir takvimle, d\u00f6rt y\u0131l\u0131n sonunda, takvim y\u0131l\u0131 veya M\u0131s\u0131rl\u0131lar\u0131n adland\u0131rd\u0131\u011f\u0131 \u015fekliyle belirsiz y\u0131l, ger\u00e7ek g\u00fcne\u015f y\u0131l\u0131na, yani g\u00fcne\u015f y\u0131l\u0131na g\u00f6re bir tam g\u00fcn kazanm\u0131\u015ft\u0131. K\u00f6pek y\u0131ld\u0131z\u0131 Sothis'in y\u00fckseli\u015fi, hatal\u0131 takvimin yeni y\u0131l g\u00fcn\u00fcnde de\u011fil, bir g\u00fcn sonra ger\u00e7ekle\u015fecekti.\n\nVe birbirini takip eden her d\u00f6rt y\u0131ll\u0131k d\u00f6nemde, y\u0131l\u0131n ger\u00e7ek ba\u015flang\u0131c\u0131n\u0131 belirleyen ve yine de tabii ki su bask\u0131n\u0131 ile \u00e7ak\u0131\u015fan g\u00fcne\u015f do\u011fu\u015fu g\u00fcn\u00fc, takvimden bir g\u00fcn daha geride kalacakt\u0131.\n\n120 y\u0131l boyunca koca bir ay kaybedilirdi; ve 480 y\u0131lda o kadar b\u00fcy\u00fck bir kayma olur ki, mevsimler tamamen yersiz olur; takvimin tohum zaman\u0131 olarak kaydetti\u011fi \u015feye kar\u015f\u0131l\u0131k gelen ger\u00e7ek su bask\u0131n\u0131 zaman\u0131 ve takvimin hasat zaman\u0131na kar\u015f\u0131l\u0131k gelir.\n\n\u0130lk ba\u015fta bunun \u00e7ok garip ve kafa kar\u0131\u015ft\u0131r\u0131c\u0131 g\u00f6r\u00fcnd\u00fc\u011f\u00fcn\u00fc d\u00fc\u015f\u00fcnd\u00fcm, ancak b\u00fcy\u00fck olas\u0131l\u0131kla etkiler ger\u00e7ek uygulamada hi\u00e7 bu kadar fazla de\u011fildi. Aylar ve g\u00fcnler itibariyle mevsim adlar\u0131n\u0131n \u00e7o\u011fumuzun zihninde tamamen geleneksel bir anlam kazand\u0131\u011f\u0131n\u0131 bilmek i\u00e7in kendi deneyimlerimizden \u00f6teye gitmemize gerek yoktur.\n\n\u00d6yleyse, kendi takvimimiz o kadar kusurlu olsayd\u0131 ki, 120 y\u0131l boyunca \u015eubat ay\u0131 ilk Ocak ay\u0131 konumuna geri kaym\u0131\u015f olsayd\u0131, de\u011fi\u015fiklik o kadar kademeli olurdu ki, iki ya da daha fazla ya\u015fam s\u00fcresini kapsayabilirdi. ortalama d\u00f6rt ya da be\u015f nesil, genel g\u00f6zlemden pekala ka\u00e7abilir."},"datePublished":"2022-02-03T12:04:17+03:00","dateModified":"2022-02-03T12:04:17+03:00","inLanguage":"tr-TR","mainEntityOfPage":{"@id":"https:\/\/bestessayhomework.com\/tr\/icerik-farkliliklari-edebiyat-alaninda-tez-yaptirma-edebiyat-tez-yaptirma-ucretleri-edebiyat-odevleri-edebiyat-odev-ucretleri\/#webpage"},"isPartOf":{"@id":"https:\/\/bestessayhomework.com\/tr\/icerik-farkliliklari-edebiyat-alaninda-tez-yaptirma-edebiyat-tez-yaptirma-ucretleri-edebiyat-odevleri-edebiyat-odev-ucretleri\/#webpage"},"articleSection":"Hikayede bi\u00e7im ve i\u00e7erik, \u0130\u00e7erik ve bi\u00e7im aras\u0131ndaki fark, Metinde bi\u00e7im ve t\u00fcr ne demek, Metnin i\u00e7eri\u011fi ne demek, Bi\u00e7im ve i\u00e7erik Nedir \u00f6rnek, Edebiyatta bi\u00e7im nedir, Hikayede bi\u00e7im nedir, Hikayede bi\u00e7im ve i\u00e7erik, \u0130\u00e7erik ve bi\u00e7im aras\u0131ndaki fark, Metinde bi\u00e7im Nedir, Metinde bi\u00e7im ve t\u00fcr ne demek, Metnin i\u00e7eri\u011fi ne demek"},{"@type":"BreadcrumbList","@id":"https:\/\/bestessayhomework.com\/tr\/icerik-farkliliklari-edebiyat-alaninda-tez-yaptirma-edebiyat-tez-yaptirma-ucretleri-edebiyat-odevleri-edebiyat-odev-ucretleri\/#breadcrumblist","itemListElement":[{"@type":"ListItem","@id":"https:\/\/bestessayhomework.com\/tr#listItem","position":1,"name":"Ev","item":"https:\/\/bestessayhomework.com\/tr","nextItem":{"@type":"ListItem","@id":"https:\/\/bestessayhomework.com\/tr\/category\/icerik-ve-bicim-arasindaki-fark\/#listItem","name":"\u0130\u00e7erik ve bi\u00e7im aras\u0131ndaki fark"}},{"@type":"ListItem","@id":"https:\/\/bestessayhomework.com\/tr\/category\/icerik-ve-bicim-arasindaki-fark\/#listItem","position":2,"name":"\u0130\u00e7erik ve bi\u00e7im aras\u0131ndaki fark","item":"https:\/\/bestessayhomework.com\/tr\/category\/icerik-ve-bicim-arasindaki-fark\/","nextItem":{"@type":"ListItem","@id":"https:\/\/bestessayhomework.com\/tr\/icerik-farkliliklari-edebiyat-alaninda-tez-yaptirma-edebiyat-tez-yaptirma-ucretleri-edebiyat-odevleri-edebiyat-odev-ucretleri\/#listItem","name":"\u0130\u00e7erik Farkl\u0131l\u0131klar\u0131 \u2013 Edebiyat Alan\u0131nda Tez Yapt\u0131rma \u2013 Edebiyat Tez Yapt\u0131rma \u00dccretleri \u2013 Edebiyat \u00d6devleri \u2013 Edebiyat \u00d6dev \u00dccretleri"},"previousItem":{"@type":"ListItem","@id":"https:\/\/bestessayhomework.com\/tr#listItem","name":"Ev"}},{"@type":"ListItem","@id":"https:\/\/bestessayhomework.com\/tr\/icerik-farkliliklari-edebiyat-alaninda-tez-yaptirma-edebiyat-tez-yaptirma-ucretleri-edebiyat-odevleri-edebiyat-odev-ucretleri\/#listItem","position":3,"name":"\u0130\u00e7erik Farkl\u0131l\u0131klar\u0131 \u2013 Edebiyat Alan\u0131nda Tez Yapt\u0131rma \u2013 Edebiyat Tez Yapt\u0131rma \u00dccretleri \u2013 Edebiyat \u00d6devleri \u2013 Edebiyat \u00d6dev \u00dccretleri","previousItem":{"@type":"ListItem","@id":"https:\/\/bestessayhomework.com\/tr\/category\/icerik-ve-bicim-arasindaki-fark\/#listItem","name":"\u0130\u00e7erik ve bi\u00e7im aras\u0131ndaki fark"}}]},{"@type":"Organization","@id":"https:\/\/bestessayhomework.com\/tr\/#organization","name":"Essay Yapt\u0131rma","description":"bestessayhomework@gmail.com - Bize Mail Kanal\u0131m\u0131zdan veya sa\u011f alt k\u00f6\u015fedeki Whatsapp tu\u015fundan Ula\u015f\u0131n - 0 (312) 276 75 93 -Essay Yapt\u0131rma, Essay Yazd\u0131rma, Parayla Essay Yazd\u0131rma, Parayla Essay Yapt\u0131rma, \u00dccretli Essay, \u00dccretli Essay Yapt\u0131rma, Profesyonel Essay Yapt\u0131rma,   Essay Projesi Yapt\u0131r, Essay \u00d6dev Yard\u0131m\u0131 Al, Essay D\u00fczenleme, Essay Projesi Yapt\u0131r,   Essay Sepeti, Essay Fiyat Teklifi Al, Essay Dan\u0131\u015fmanl\u0131k, Essay Ar\u015fivleri, Essay Kategorisi,   Essay Yazd\u0131rmak, Essay Yazd\u0131rma \u00dccreti, Essay Sunum, Essay \u00c7eviri, Essay Yazd\u0131rma \u00dccreti,   \u00dccretli Essay Yazd\u0131rma, Essay Yazd\u0131rma Siteleri, Parayla Essay Yazma, \u00d6dev Yazd\u0131rma, Essay Yazd\u0131rmak \u0130stiyorum,   Research Paper Yazd\u0131rmak, Argumentative Essay Topics, Cause Effect Essay \u00d6rnekleri, Classification Essay, Essay \u00c7e\u015fitleri,   Essay Rehberi, Opinion Essay Examples, Makale Yazd\u0131rma, Kompozisyon Yazd\u0131rma, Parayla Makale Yazd\u0131rma,   Parayla Kompozisyon Yazd\u0131rma, \u00dccretli Makale, \u00dccretli Kompozisyon, Profesyonel Makale Yapt\u0131rma, Profesyonel Kompozisyon Yapt\u0131rma,   Makale Projesi Yapt\u0131r, Makale \u00d6dev Yard\u0131m\u0131 Al, Makale D\u00fczenleme, Makale Projesi Yapt\u0131r, Makale Sepeti,   Makale Fiyat Teklifi Al, Makale Dan\u0131\u015fmanl\u0131k, Makale Ar\u015fivleri, Makale Kategorisi, Makale Yazd\u0131rmak, Makale Yazd\u0131rma \u00dccreti,   Makale Sunum, Makale \u00c7eviri, Makale Yazd\u0131rma \u00dccreti, \u00dccretli Makale Yazd\u0131rma, Makale Yazd\u0131rma Siteleri, Parayla Makale Yazma, Makale Sepeti,  Makale Yazd\u0131rmak \u0130stiyorum, \u00d6dev Dan\u0131\u015fmanl\u0131\u011f\u0131, \u00d6dev Yapt\u0131rma, Tez Yazd\u0131rma, Makale YAZDIRMA siteleri, Parayla makale YAZDIRMA, Seo makale fiyatlar\u0131, Sayfa ba\u015f\u0131 yaz\u0131 yazma \u00fccreti, \u0130ngilizce makale yazd\u0131rma, Akademik makale YAZDIRMA, Makale Fiyatlar\u0131 2022, Makale yazma, Blog Yazd\u0131rma, Blog Yazd\u0131rmak \u0130stiyorum, Essay yazma Uygulamas\u0131, Essay Yazma sitesi, \u0130ngilizce metin yazma sitesi, Writing yazma sitesi, Essay d\u00fczeltici, Essay Kontrol ettirme, Gramer kontrol, \u0130ngilizce Gramer d\u00fczeltme uygulamas\u0131, \u0130ngilizce c\u00fcmle d\u00fczeltme sitesi, Essay kontrol siteleri, Tez Yapt\u0131rma, Seo Uyumlu Blog Yapt\u0131rma 0 (312) 276 75 93","url":"https:\/\/bestessayhomework.com\/tr\/","telephone":"+905423712952","logo":{"@type":"ImageObject","url":"https:\/\/bestessayhomework.com\/tr\/wp-content\/uploads\/2024\/03\/10.webp","@id":"https:\/\/bestessayhomework.com\/tr\/icerik-farkliliklari-edebiyat-alaninda-tez-yaptirma-edebiyat-tez-yaptirma-ucretleri-edebiyat-odevleri-edebiyat-odev-ucretleri\/#organizationLogo","width":1280,"height":720},"image":{"@id":"https:\/\/bestessayhomework.com\/tr\/icerik-farkliliklari-edebiyat-alaninda-tez-yaptirma-edebiyat-tez-yaptirma-ucretleri-edebiyat-odevleri-edebiyat-odev-ucretleri\/#organizationLogo"}},{"@type":"Person","@id":"https:\/\/bestessayhomework.com\/tr\/author\/tercuman32\/#author","url":"https:\/\/bestessayhomework.com\/tr\/author\/tercuman32\/","name":"terc\u00fcman terc\u00fcman","image":{"@type":"ImageObject","url":"https:\/\/bestessayhomework.com\/tr\/wp-content\/litespeed\/avatar\/86c38c20b2eb3a1c431511229f015304.jpg?ver=1773154028"}},{"@type":"WebPage","@id":"https:\/\/bestessayhomework.com\/tr\/icerik-farkliliklari-edebiyat-alaninda-tez-yaptirma-edebiyat-tez-yaptirma-ucretleri-edebiyat-odevleri-edebiyat-odev-ucretleri\/#webpage","url":"https:\/\/bestessayhomework.com\/tr\/icerik-farkliliklari-edebiyat-alaninda-tez-yaptirma-edebiyat-tez-yaptirma-ucretleri-edebiyat-odevleri-edebiyat-odev-ucretleri\/","name":"\u0130\u00e7erik Farkl\u0131l\u0131klar\u0131 \u2013 Edebiyat Alan\u0131nda Tez Yapt\u0131rma \u2013 Edebiyat Tez Yapt\u0131rma \u00dccretleri \u2013 Edebiyat \u00d6devleri \u2013 Edebiyat \u00d6dev \u00dccretleri | En \u0130yi Essay","description":"\u0130\u00e7erik Farkl\u0131l\u0131klar\u0131 El yazmalar\u0131, hemen hemen ayn\u0131 zamanda yaz\u0131lm\u0131\u015f olmalar\u0131na ra\u011fmen, i\u00e7erik farkl\u0131l\u0131klar\u0131 ve baz\u0131 pasajlarda i\u00e7erikte farkl\u0131 bir s\u0131ra sergilemektedir. Yazar\u0131, Mushafa b. D\u00fcnya ve Osmanl\u0131 tarihinin r\u00fckn IV'\u00fcn\u00fcn \u00f6ns\u00f6z\u00fcnde '\u0100l\u012b olarak tan\u0131nan Ahmed, K\u00fcnh \u00fcl-a\u1e2bb\u0101r'\u0131n kaynaklar\u0131 aras\u0131nda, \"M.\u00d6. II. Bayezid devrini zaman\u0131n gereklerine uygun olarak nesir ve manzum olarak ele alm\u0131\u015ft\u0131r. C\u0101mi' \u00fcl-mekn\u016bn\u0101t","inLanguage":"tr-TR","isPartOf":{"@id":"https:\/\/bestessayhomework.com\/tr\/#website"},"breadcrumb":{"@id":"https:\/\/bestessayhomework.com\/tr\/icerik-farkliliklari-edebiyat-alaninda-tez-yaptirma-edebiyat-tez-yaptirma-ucretleri-edebiyat-odevleri-edebiyat-odev-ucretleri\/#breadcrumblist"},"author":{"@id":"https:\/\/bestessayhomework.com\/tr\/author\/tercuman32\/#author"},"creator":{"@id":"https:\/\/bestessayhomework.com\/tr\/author\/tercuman32\/#author"},"image":{"@type":"ImageObject","url":"https:\/\/bestessayhomework.com\/tr\/wp-content\/uploads\/2022\/01\/asd.jpg","@id":"https:\/\/bestessayhomework.com\/tr\/icerik-farkliliklari-edebiyat-alaninda-tez-yaptirma-edebiyat-tez-yaptirma-ucretleri-edebiyat-odevleri-edebiyat-odev-ucretleri\/#mainImage","width":650,"height":344,"caption":"Tarihsel D\u00f6nemler\n\nM\u0131s\u0131rl\u0131lar\u0131n en eski tarihsel d\u00f6nemlerden beri y\u0131l\u0131n yakla\u015f\u0131k uzunlu\u011funun fark\u0131nda olduklar\u0131 kesindir. Nil selinden Nil seline veya g\u00fcnd\u00f6n\u00fcm\u00fcnden g\u00fcnd\u00f6n\u00fcm\u00fcne g\u00fcn kayd\u0131n\u0131n kolayl\u0131kla tutulabilece\u011fi d\u00fc\u015f\u00fcn\u00fcl\u00fcrse, ba\u015fka t\u00fcrl\u00fc olmas\u0131 tuhaf olurdu. Ancak bu, elbette, yaln\u0131zca yakla\u015f\u0131k bir say\u0131 i\u00e7in ge\u00e7erlidir.\n\nEn erken d\u00f6nemde M\u0131s\u0131rl\u0131lar\u0131n bu say\u0131y\u0131 sadece 360 g\u00fcn yapt\u0131klar\u0131na inanmak i\u00e7in baz\u0131 nedenler var. Y\u0131llar\u0131n\u0131n otuz g\u00fcnden olu\u015fan on iki aya b\u00f6l\u00fcnm\u00fc\u015f olmas\u0131 bu inanca renk katmaktad\u0131r; ancak her hal\u00fckarda, yanl\u0131\u015fl\u0131k zaman\u0131nda fark edilmi\u015f ve on ikinci ay\u0131n sonu ile yeni y\u0131l aras\u0131na be\u015f g\u00fcnl\u00fck bir \"k\u00fc\u00e7\u00fck ay\" enterpolasyonu yap\u0131larak k\u0131smi bir \u00e7are uygulanm\u0131\u015ft\u0131r.\n\nBu, sorunu neredeyse ama tam olarak \u00e7\u00f6zmedi. A\u00e7\u0131k\u00e7a ba\u015far\u0131s\u0131z oldu\u011fu \u015fey, ger\u00e7ek y\u0131l\u0131 ger\u00e7ekten tamamlayan bir g\u00fcn\u00fcn bu ek \u00e7eyre\u011fini hesaba katmakt\u0131.\n\nD\u00fcnyan\u0131n, g\u00fcne\u015f etraf\u0131ndaki ge\u00e7i\u015f h\u0131z\u0131yla d\u00f6nme hareketini y\u0131ll\u0131k u\u00e7u\u015funu tam olarak 360 g\u00fcnde yapacak \u015fekilde ayarlamas\u0131 \u015fans eseri insanl\u0131k i\u00e7in son derece uygun bir \u015fey olurdu.\n\nO zaman, her biri otuz g\u00fcnl\u00fck on iki kameri ay tam olarak g\u00fcne\u015f y\u0131l\u0131na denk gelecek ve tarih \u00f6\u011frencilerinin kafas\u0131n\u0131 kar\u0131\u015ft\u0131ran takvimin karma\u015f\u0131kl\u0131klar\u0131n\u0131n \u00e7o\u011fundan ka\u00e7\u0131n\u0131lm\u0131\u015f olacakt\u0131; ama \u00f6te yandan, belki de bu basitlik, insanlar\u0131n g\u00f6kleri eskisi kadar dikkatli ara\u015ft\u0131rmas\u0131n\u0131 engelleyerek astronomik bilime zarar verebilirdi.\n\nOlabildi\u011fince, karma\u015f\u0131kl\u0131k var. \u00dc\u00e7 y\u00fcz altm\u0131\u015f be\u015f ve (yakla\u015f\u0131k) bir \u00e7eyrek g\u00fcnl\u00fck ger\u00e7ek y\u0131l, aylara e\u015fit olarak b\u00f6l\u00fcnemez ve g\u00fcnlerin burada ve orada araya eklenmesi gibi baz\u0131 \u00e7areler esast\u0131r, aksi takdirde takvim kesinlikle uyumsuz hale gelir.\u00a0\n\nM\u0131s\u0131rl\u0131lar s\u00f6z konusu oldu\u011funda, az \u00f6nce belirtildi\u011fi gibi, M\u0131s\u0131rl\u0131lar\u0131n kendilerinin \"y\u0131l\u0131n be\u015f g\u00fcn\u00fc\" olarak adland\u0131rd\u0131klar\u0131 \u015feyi olu\u015fturan be\u015f g\u00fcn\u00fcn tan\u0131t\u0131lmas\u0131yla ayarlama giri\u015fiminde bulunuldu. Bu s\u00f6zde epagomenal g\u00fcnler \u015f\u00fcphesiz \u00e7ok erken bir d\u00f6nemde tan\u0131t\u0131ld\u0131.\n\nMaspero, Osiris efsanesinin bu g\u00fcnlerin Nuit'in t\u00fcm \u00e7ocuklar\u0131n\u0131 do\u011furmas\u0131na izin vermek i\u00e7in tanr\u0131 Thot taraf\u0131ndan yarat\u0131ld\u0131\u011f\u0131n\u0131 a\u00e7\u0131klad\u0131\u011f\u0131 ger\u00e7e\u011fini kan\u0131tlayarak, bunlar\u0131n ilk Thinite hanedan\u0131ndan \u00f6nce kullan\u0131ld\u0131\u011f\u0131n\u0131 savunuyor; bu \u00e7are, Nuit'e y\u0131l\u0131n herhangi bir g\u00fcn\u00fcnde \u00e7ocuk do\u011furamayaca\u011f\u0131na dair ilan edilen bir yasa\u011f\u0131n \u00fcstesinden gelmek i\u00e7in gerekliydi.\n\nAma elbette ek be\u015f g\u00fcn takvimi tam olarak d\u00fczeltmeye yetmiyor. Hesaplanacak ek bir \u00e7eyrek g\u00fcn kald\u0131. Bu, elbette, her d\u00f6rt y\u0131lda bir tam g\u00fcn anlam\u0131na gelir. Daha sonra \u0130skenderiye biliminin her d\u00f6rt y\u0131lda bir bir g\u00fcn eklemek gibi bir \u00e7are buldu\u011funu g\u00f6rece\u011fiz.\n\nAma ne yaz\u0131k ki, eski M\u0131s\u0131rl\u0131 bu ek g\u00fcn\u00fcn gereklili\u011fini fark edemedi ya da fark ettiyse bile bilgisine g\u00f6re hareket edemedi ve \u00f6yle oldu ki, uzak ge\u00e7mi\u015fte bir yerde yeni bir y\u0131l g\u00fcn\u00fcnden ba\u015flayarak Nil'in sular alt\u0131nda kalmas\u0131yla ayn\u0131 zamana denk geldi\u011finden, zaman ge\u00e7tik\u00e7e takvim ve mevsimlerde s\u00fcrekli de\u011fi\u015fen bir uyumsuzluk vard\u0131.\n\nA\u00e7\u0131klanmas\u0131 gereken M\u0131s\u0131r mevsimlerinin say\u0131s\u0131 \u00fc\u00e7t\u00fc: sel mevsimi, tohum zaman\u0131 mevsimi ve hasat mevsimi; her sezon elbette d\u00f6rt ayd\u0131r. Ba\u015flang\u0131\u00e7ta, az \u00f6nce de belirtildi\u011fi gibi, su bask\u0131n\u0131 mevsimi ba\u015flad\u0131 ve ger\u00e7ek su bask\u0131n\u0131 zaman\u0131 ile ayn\u0131 zamana denk geldi.\n\nYeni y\u0131l g\u00fcn\u00fcn\u00fcn daha kesin tespiti, M\u0131s\u0131rl\u0131lar\u0131n Sothis ad\u0131n\u0131 ta\u015f\u0131yan k\u00f6pek y\u0131ld\u0131z\u0131 Sirius'un s\u00f6zde g\u00fcne\u015f do\u011fu\u015fu zaman\u0131n\u0131n g\u00f6zlemlenmesiyle ba\u015far\u0131ld\u0131. Heliopolis b\u00f6lgesinden bak\u0131ld\u0131\u011f\u0131nda, yaz g\u00fcnd\u00f6n\u00fcm\u00fc s\u0131ras\u0131nda g\u00fcne\u015fin g\u00f6klerde k\u00f6pek y\u0131ld\u0131z\u0131na yak\u0131n bir konumda olmas\u0131 muhtemeldir.\n\n\u015eimdi, \u00e7ok iyi bilindi\u011fi gibi, M\u0131s\u0131rl\u0131lar, hemen hemen her do\u011fa olgusunun gerisinde tanr\u0131sall\u0131\u011f\u0131 g\u00f6rerek, \u00e7ok do\u011fal olarak g\u00fcne\u015f-tanr\u0131s\u0131 gibi etkili oldu\u011fu a\u00e7\u0131k\u00e7a belli olan bir \u015fahsiyete \u00f6zel bir h\u00fcrmet g\u00f6sterdiler.\n\nTarih \u00f6ncesi d\u00f6nemler\nTarih \u00f6ncesi \u00c7a\u011flar s\u0131ras\u0131yla\nTarih sonras\u0131 devirler\nTarihi \u00c7a\u011flar\nTarihi \u00e7a\u011flar s\u0131ralamas\u0131\ntarihi \u00e7a\u011flar \nKalkolitik d\u00f6nem\nG\u00fcn\u00fcm\u00fcze en Yak\u0131n d\u00f6nem Neolitik\n\nBilhassa, sabah M\u0131s\u0131r turuna \u00e7\u0131karken ona biat etmeyi uygun g\u00f6rd\u00fcler; M\u0131s\u0131rl\u0131 astronom rahipler, tap\u0131naklar\u0131n\u0131n yak\u0131n\u0131ndaki tepelere t\u00fcnemi\u015f, geli\u015finin kesin an\u0131n\u0131 bilebilmek i\u00e7in, g\u00fcne\u015f \u0131\u015f\u0131nlar\u0131ndan \u00f6nce geldi\u011fi g\u00f6zlemlenmi\u015f bir y\u0131ld\u0131za at\u0131fta bulunarak do\u011fu ufkunu taramay\u0131 adet edinmi\u015flerdi.\n\nElbette ekinokslar\u0131n devinimleri, beceriksiz d\u00fcnyam\u0131z\u0131n i\u00e7ine d\u00fc\u015ft\u00fc\u011f\u00fc eksenel yalpalama nedeniyle, sabit y\u0131ld\u0131zlar\u0131n g\u00fcne\u015fe g\u00f6re g\u00f6r\u00fcnen konumlar\u0131n\u0131 de\u011fi\u015ftirir, \u00f6yle ki ayn\u0131 y\u0131ld\u0131z sonsuza kadar g\u00fcne\u015f habercisi olarak hizmet edemez; ama \u00f6te yandan, bu de\u011fi\u015fimler o kadar yava\u015f ki, kaymay\u0131 tespit etmek i\u00e7in bir\u00e7ok g\u00f6kbilimci ku\u015fa\u011f\u0131n\u0131n g\u00f6zlemleri gerekecektir.\n\nKan\u0131tlar tam olarak kan\u0131tlay\u0131c\u0131 olmasa da Lockyer, M\u0131s\u0131rl\u0131lar\u0131n astronomik g\u00f6zlemlerinin k\u00f6pek y\u0131ld\u0131z\u0131 Sothis'in yaz g\u00fcnd\u00f6n\u00fcm\u00fc sabah\u0131 g\u00fcne\u015fle yak\u0131n ili\u015fkide olmad\u0131\u011f\u0131 bir d\u00f6neme kadar uzand\u0131\u011f\u0131na inan\u0131yor.\n\nYine de Biot'un hesaplar\u0131na g\u00f6re, g\u00fcnd\u00f6n\u00fcm\u00fcnde Sothis'in helyasal y\u00fckseli\u015fi M\u00d6 3285 gibi erken bir tarihte kaydedildi ve bu y\u0131ld\u0131z\u0131n sonraki y\u00fczy\u0131llar boyunca bu \u00f6zel prestij konumunu korumaya devam etti\u011fi kesindir.\n\nBu nedenle, M\u0131s\u0131r'\u0131n en \u00f6nemli tanr\u0131lar\u0131ndan biri olan \u0130sis ile ili\u015fkilendirilmeye ba\u015fland\u0131 ve Sothis'in sabah g\u00f6ky\u00fcz\u00fcnde ilk kez g\u00f6r\u00fcnd\u00fc\u011f\u00fc g\u00fcn yeni y\u0131l\u0131n ba\u015flang\u0131c\u0131 oldu; o g\u00fcn, daha \u00f6nce belirtildi\u011fi gibi, yaz g\u00fcnd\u00f6n\u00fcm\u00fc ve Nil ak\u0131\u015f\u0131n\u0131n ba\u015flang\u0131c\u0131 ile ayn\u0131 zamana denk geliyor.\n\nAma \u015fimdi, g\u00fcn\u00fcn o hesaba kat\u0131lmam\u0131\u015f \u00e7eyre\u011finin getirdi\u011fi zorluklar i\u00e7in. A\u00e7\u0131k\u00e7as\u0131, yaln\u0131zca 365 g\u00fcnl\u00fck bir takvimle, d\u00f6rt y\u0131l\u0131n sonunda, takvim y\u0131l\u0131 veya M\u0131s\u0131rl\u0131lar\u0131n adland\u0131rd\u0131\u011f\u0131 \u015fekliyle belirsiz y\u0131l, ger\u00e7ek g\u00fcne\u015f y\u0131l\u0131na, yani g\u00fcne\u015f y\u0131l\u0131na g\u00f6re bir tam g\u00fcn kazanm\u0131\u015ft\u0131. K\u00f6pek y\u0131ld\u0131z\u0131 Sothis'in y\u00fckseli\u015fi, hatal\u0131 takvimin yeni y\u0131l g\u00fcn\u00fcnde de\u011fil, bir g\u00fcn sonra ger\u00e7ekle\u015fecekti.\n\nVe birbirini takip eden her d\u00f6rt y\u0131ll\u0131k d\u00f6nemde, y\u0131l\u0131n ger\u00e7ek ba\u015flang\u0131c\u0131n\u0131 belirleyen ve yine de tabii ki su bask\u0131n\u0131 ile \u00e7ak\u0131\u015fan g\u00fcne\u015f do\u011fu\u015fu g\u00fcn\u00fc, takvimden bir g\u00fcn daha geride kalacakt\u0131.\n\n120 y\u0131l boyunca koca bir ay kaybedilirdi; ve 480 y\u0131lda o kadar b\u00fcy\u00fck bir kayma olur ki, mevsimler tamamen yersiz olur; takvimin tohum zaman\u0131 olarak kaydetti\u011fi \u015feye kar\u015f\u0131l\u0131k gelen ger\u00e7ek su bask\u0131n\u0131 zaman\u0131 ve takvimin hasat zaman\u0131na kar\u015f\u0131l\u0131k gelir.\n\n\u0130lk ba\u015fta bunun \u00e7ok garip ve kafa kar\u0131\u015ft\u0131r\u0131c\u0131 g\u00f6r\u00fcnd\u00fc\u011f\u00fcn\u00fc d\u00fc\u015f\u00fcnd\u00fcm, ancak b\u00fcy\u00fck olas\u0131l\u0131kla etkiler ger\u00e7ek uygulamada hi\u00e7 bu kadar fazla de\u011fildi. Aylar ve g\u00fcnler itibariyle mevsim adlar\u0131n\u0131n \u00e7o\u011fumuzun zihninde tamamen geleneksel bir anlam kazand\u0131\u011f\u0131n\u0131 bilmek i\u00e7in kendi deneyimlerimizden \u00f6teye gitmemize gerek yoktur.\n\n\u00d6yleyse, kendi takvimimiz o kadar kusurlu olsayd\u0131 ki, 120 y\u0131l boyunca \u015eubat ay\u0131 ilk Ocak ay\u0131 konumuna geri kaym\u0131\u015f olsayd\u0131, de\u011fi\u015fiklik o kadar kademeli olurdu ki, iki ya da daha fazla ya\u015fam s\u00fcresini kapsayabilirdi. ortalama d\u00f6rt ya da be\u015f nesil, genel g\u00f6zlemden pekala ka\u00e7abilir."},"primaryImageOfPage":{"@id":"https:\/\/bestessayhomework.com\/tr\/icerik-farkliliklari-edebiyat-alaninda-tez-yaptirma-edebiyat-tez-yaptirma-ucretleri-edebiyat-odevleri-edebiyat-odev-ucretleri\/#mainImage"},"datePublished":"2022-02-03T12:04:17+03:00","dateModified":"2022-02-03T12:04:17+03:00"},{"@type":"WebSite","@id":"https:\/\/bestessayhomework.com\/tr\/#website","url":"https:\/\/bestessayhomework.com\/tr\/","name":"En \u0130yi Essay","description":"bestessayhomework@gmail.com - Bize Mail Kanal\u0131m\u0131zdan veya sa\u011f alt k\u00f6\u015fedeki Whatsapp tu\u015fundan Ula\u015f\u0131n - 0 (312) 276 75 93 -Essay Yapt\u0131rma, Essay Yazd\u0131rma, Parayla Essay Yazd\u0131rma, Parayla Essay Yapt\u0131rma, \u00dccretli Essay, \u00dccretli Essay Yapt\u0131rma, Profesyonel Essay Yapt\u0131rma,   Essay Projesi Yapt\u0131r, Essay \u00d6dev Yard\u0131m\u0131 Al, Essay D\u00fczenleme, Essay Projesi Yapt\u0131r,   Essay Sepeti, Essay Fiyat Teklifi Al, Essay Dan\u0131\u015fmanl\u0131k, Essay Ar\u015fivleri, Essay Kategorisi,   Essay Yazd\u0131rmak, Essay Yazd\u0131rma \u00dccreti, Essay Sunum, Essay \u00c7eviri, Essay Yazd\u0131rma \u00dccreti,   \u00dccretli Essay Yazd\u0131rma, Essay Yazd\u0131rma Siteleri, Parayla Essay Yazma, \u00d6dev Yazd\u0131rma, Essay Yazd\u0131rmak \u0130stiyorum,   Research Paper Yazd\u0131rmak, Argumentative Essay Topics, Cause Effect Essay \u00d6rnekleri, Classification Essay, Essay \u00c7e\u015fitleri,   Essay Rehberi, Opinion Essay Examples, Makale Yazd\u0131rma, Kompozisyon Yazd\u0131rma, Parayla Makale Yazd\u0131rma,   Parayla Kompozisyon Yazd\u0131rma, \u00dccretli Makale, \u00dccretli Kompozisyon, Profesyonel Makale Yapt\u0131rma, Profesyonel Kompozisyon Yapt\u0131rma,   Makale Projesi Yapt\u0131r, Makale \u00d6dev Yard\u0131m\u0131 Al, Makale D\u00fczenleme, Makale Projesi Yapt\u0131r, Makale Sepeti,   Makale Fiyat Teklifi Al, Makale Dan\u0131\u015fmanl\u0131k, Makale Ar\u015fivleri, Makale Kategorisi, Makale Yazd\u0131rmak, Makale Yazd\u0131rma \u00dccreti,   Makale Sunum, Makale \u00c7eviri, Makale Yazd\u0131rma \u00dccreti, \u00dccretli Makale Yazd\u0131rma, Makale Yazd\u0131rma Siteleri, Parayla Makale Yazma, Makale Sepeti,  Makale Yazd\u0131rmak \u0130stiyorum, \u00d6dev Dan\u0131\u015fmanl\u0131\u011f\u0131, \u00d6dev Yapt\u0131rma, Tez Yazd\u0131rma, Makale YAZDIRMA siteleri, Parayla makale YAZDIRMA, Seo makale fiyatlar\u0131, Sayfa ba\u015f\u0131 yaz\u0131 yazma \u00fccreti, \u0130ngilizce makale yazd\u0131rma, Akademik makale YAZDIRMA, Makale Fiyatlar\u0131 2022, Makale yazma, Blog Yazd\u0131rma, Blog Yazd\u0131rmak \u0130stiyorum, Essay yazma Uygulamas\u0131, Essay Yazma sitesi, \u0130ngilizce metin yazma sitesi, Writing yazma sitesi, Essay d\u00fczeltici, Essay Kontrol ettirme, Gramer kontrol, \u0130ngilizce Gramer d\u00fczeltme uygulamas\u0131, \u0130ngilizce c\u00fcmle d\u00fczeltme sitesi, Essay kontrol siteleri, Tez Yapt\u0131rma, Seo Uyumlu Blog Yapt\u0131rma","inLanguage":"tr-TR","publisher":{"@id":"https:\/\/bestessayhomework.com\/tr\/#organization"}}]},"og:locale":"tr_TR","og:site_name":"En \u0130yi Essay | bestessayhomework@gmail.com - Bize Mail Kanal\u0131m\u0131zdan veya sa\u011f alt k\u00f6\u015fedeki Whatsapp tu\u015fundan Ula\u015f\u0131n - 0 (312) 276 75 93 -Essay Yapt\u0131rma, Essay Yazd\u0131rma, Parayla Essay Yazd\u0131rma, Parayla Essay Yapt\u0131rma, \u00dccretli Essay, \u00dccretli Essay Yapt\u0131rma, Profesyonel Essay Yapt\u0131rma,   Essay Projesi Yapt\u0131r, Essay \u00d6dev Yard\u0131m\u0131 Al, Essay D\u00fczenleme, Essay Projesi Yapt\u0131r,   Essay Sepeti, Essay Fiyat Teklifi Al, Essay Dan\u0131\u015fmanl\u0131k, Essay Ar\u015fivleri, Essay Kategorisi,   Essay Yazd\u0131rmak, Essay Yazd\u0131rma \u00dccreti, Essay Sunum, Essay \u00c7eviri, Essay Yazd\u0131rma \u00dccreti,   \u00dccretli Essay Yazd\u0131rma, Essay Yazd\u0131rma Siteleri, Parayla Essay Yazma, \u00d6dev Yazd\u0131rma, Essay Yazd\u0131rmak \u0130stiyorum,   Research Paper Yazd\u0131rmak, Argumentative Essay Topics, Cause Effect Essay \u00d6rnekleri, Classification Essay, Essay \u00c7e\u015fitleri,   Essay Rehberi, Opinion Essay Examples, Makale Yazd\u0131rma, Kompozisyon Yazd\u0131rma, Parayla Makale Yazd\u0131rma,   Parayla Kompozisyon Yazd\u0131rma, \u00dccretli Makale, \u00dccretli Kompozisyon, Profesyonel Makale Yapt\u0131rma, Profesyonel Kompozisyon Yapt\u0131rma,   Makale Projesi Yapt\u0131r, Makale \u00d6dev Yard\u0131m\u0131 Al, Makale D\u00fczenleme, Makale Projesi Yapt\u0131r, Makale Sepeti,   Makale Fiyat Teklifi Al, Makale Dan\u0131\u015fmanl\u0131k, Makale Ar\u015fivleri, Makale Kategorisi, Makale Yazd\u0131rmak, Makale Yazd\u0131rma \u00dccreti,   Makale Sunum, Makale \u00c7eviri, Makale Yazd\u0131rma \u00dccreti, \u00dccretli Makale Yazd\u0131rma, Makale Yazd\u0131rma Siteleri, Parayla Makale Yazma, Makale Sepeti,  Makale Yazd\u0131rmak \u0130stiyorum, \u00d6dev Dan\u0131\u015fmanl\u0131\u011f\u0131, \u00d6dev Yapt\u0131rma, Tez Yazd\u0131rma, Makale YAZDIRMA siteleri, Parayla makale YAZDIRMA, Seo makale fiyatlar\u0131, Sayfa ba\u015f\u0131 yaz\u0131 yazma \u00fccreti, \u0130ngilizce makale yazd\u0131rma, Akademik makale YAZDIRMA, Makale Fiyatlar\u0131 2022, Makale yazma, Blog Yazd\u0131rma, Blog Yazd\u0131rmak \u0130stiyorum, Essay yazma Uygulamas\u0131, Essay Yazma sitesi, \u0130ngilizce metin yazma sitesi, Writing yazma sitesi, Essay d\u00fczeltici, Essay Kontrol ettirme, Gramer kontrol, \u0130ngilizce Gramer d\u00fczeltme uygulamas\u0131, \u0130ngilizce c\u00fcmle d\u00fczeltme sitesi, Essay kontrol siteleri, Tez Yapt\u0131rma, Seo Uyumlu Blog Yapt\u0131rma","og:type":"article","og:title":"\u0130\u00e7erik Farkl\u0131l\u0131klar\u0131 \u2013 Edebiyat Alan\u0131nda Tez Yapt\u0131rma \u2013 Edebiyat Tez Yapt\u0131rma \u00dccretleri \u2013 Edebiyat \u00d6devleri \u2013 Edebiyat \u00d6dev \u00dccretleri | En \u0130yi Essay","og:description":"\u0130\u00e7erik Farkl\u0131l\u0131klar\u0131 El yazmalar\u0131, hemen hemen ayn\u0131 zamanda yaz\u0131lm\u0131\u015f olmalar\u0131na ra\u011fmen, i\u00e7erik farkl\u0131l\u0131klar\u0131 ve baz\u0131 pasajlarda i\u00e7erikte farkl\u0131 bir s\u0131ra sergilemektedir. Yazar\u0131, Mushafa b. D\u00fcnya ve Osmanl\u0131 tarihinin r\u00fckn IV'\u00fcn\u00fcn \u00f6ns\u00f6z\u00fcnde '\u0100l\u012b olarak tan\u0131nan Ahmed, K\u00fcnh \u00fcl-a\u1e2bb\u0101r'\u0131n kaynaklar\u0131 aras\u0131nda, &quot;M.\u00d6. II. Bayezid devrini zaman\u0131n gereklerine uygun olarak nesir ve manzum olarak ele alm\u0131\u015ft\u0131r. C\u0101mi' \u00fcl-mekn\u016bn\u0101t","og:url":"https:\/\/bestessayhomework.com\/tr\/icerik-farkliliklari-edebiyat-alaninda-tez-yaptirma-edebiyat-tez-yaptirma-ucretleri-edebiyat-odevleri-edebiyat-odev-ucretleri\/","og:image":"https:\/\/bestessayhomework.com\/tr\/wp-content\/uploads\/2024\/03\/10.webp","og:image:secure_url":"https:\/\/bestessayhomework.com\/tr\/wp-content\/uploads\/2024\/03\/10.webp","og:image:width":1280,"og:image:height":720,"article:published_time":"2022-02-03T09:04:17+00:00","article:modified_time":"2022-02-03T09:04:17+00:00","twitter:card":"summary_large_image","twitter:title":"\u0130\u00e7erik Farkl\u0131l\u0131klar\u0131 \u2013 Edebiyat Alan\u0131nda Tez Yapt\u0131rma \u2013 Edebiyat Tez Yapt\u0131rma \u00dccretleri \u2013 Edebiyat \u00d6devleri \u2013 Edebiyat \u00d6dev \u00dccretleri | En \u0130yi Essay","twitter:description":"\u0130\u00e7erik Farkl\u0131l\u0131klar\u0131 El yazmalar\u0131, hemen hemen ayn\u0131 zamanda yaz\u0131lm\u0131\u015f olmalar\u0131na ra\u011fmen, i\u00e7erik farkl\u0131l\u0131klar\u0131 ve baz\u0131 pasajlarda i\u00e7erikte farkl\u0131 bir s\u0131ra sergilemektedir. Yazar\u0131, Mushafa b. D\u00fcnya ve Osmanl\u0131 tarihinin r\u00fckn IV'\u00fcn\u00fcn \u00f6ns\u00f6z\u00fcnde '\u0100l\u012b olarak tan\u0131nan Ahmed, K\u00fcnh \u00fcl-a\u1e2bb\u0101r'\u0131n kaynaklar\u0131 aras\u0131nda, &quot;M.\u00d6. II. Bayezid devrini zaman\u0131n gereklerine uygun olarak nesir ve manzum olarak ele alm\u0131\u015ft\u0131r. C\u0101mi' \u00fcl-mekn\u016bn\u0101t","twitter:image":"https:\/\/bestessayhomework.com\/tr\/wp-content\/uploads\/2024\/03\/10.webp"},"aioseo_meta_data":{"post_id":"8729","title":null,"description":null,"keywords":null,"keyphrases":null,"primary_term":null,"canonical_url":null,"og_title":null,"og_description":null,"og_object_type":"default","og_image_type":"default","og_image_url":null,"og_image_width":null,"og_image_height":null,"og_image_custom_url":null,"og_image_custom_fields":null,"og_video":null,"og_custom_url":null,"og_article_section":null,"og_article_tags":null,"twitter_use_og":false,"twitter_card":"default","twitter_image_type":"default","twitter_image_url":null,"twitter_image_custom_url":null,"twitter_image_custom_fields":null,"twitter_title":null,"twitter_description":null,"schema":{"blockGraphs":[],"customGraphs":[],"default":{"data":{"Article":[],"Course":[],"Dataset":[],"FAQPage":[],"Movie":[],"Person":[],"Product":[],"ProductReview":[],"Car":[],"Recipe":[],"Service":[],"SoftwareApplication":[],"WebPage":[]},"graphName":"","isEnabled":true},"graphs":[]},"schema_type":"default","schema_type_options":null,"pillar_content":false,"robots_default":true,"robots_noindex":false,"robots_noarchive":false,"robots_nosnippet":false,"robots_nofollow":false,"robots_noimageindex":false,"robots_noodp":false,"robots_notranslate":false,"robots_max_snippet":null,"robots_max_videopreview":null,"robots_max_imagepreview":"large","priority":null,"frequency":null,"local_seo":null,"seo_analyzer_scan_date":null,"breadcrumb_settings":null,"limit_modified_date":false,"reviewed_by":null,"open_ai":null,"ai":null,"created":"2024-11-01 20:26:59","updated":"2025-06-03 20:24:44"},"aioseo_breadcrumb":"<div class=\"aioseo-breadcrumbs\"><span class=\"aioseo-breadcrumb\">\n\t<a href=\"https:\/\/bestessayhomework.com\/tr\" title=\"Ev\">Ev<\/a>\n<\/span><span class=\"aioseo-breadcrumb-separator\">&raquo;<\/span><span class=\"aioseo-breadcrumb\">\n\t<a href=\"https:\/\/bestessayhomework.com\/tr\/category\/icerik-ve-bicim-arasindaki-fark\/\" title=\"\u0130\u00e7erik ve bi\u00e7im aras\u0131ndaki fark\">\u0130\u00e7erik ve bi\u00e7im aras\u0131ndaki fark<\/a>\n<\/span><span class=\"aioseo-breadcrumb-separator\">&raquo;<\/span><span class=\"aioseo-breadcrumb\">\n\t\u0130\u00e7erik Farkl\u0131l\u0131klar\u0131 \u2013 Edebiyat Alan\u0131nda Tez Yapt\u0131rma \u2013 Edebiyat Tez Yapt\u0131rma \u00dccretleri \u2013 Edebiyat \u00d6devleri \u2013 Edebiyat \u00d6dev \u00dccretleri\n<\/span><\/div>","aioseo_breadcrumb_json":[{"label":"Ev","link":"https:\/\/bestessayhomework.com\/tr"},{"label":"\u0130\u00e7erik ve bi\u00e7im aras\u0131ndaki fark","link":"https:\/\/bestessayhomework.com\/tr\/category\/icerik-ve-bicim-arasindaki-fark\/"},{"label":"\u0130\u00e7erik Farkl\u0131l\u0131klar\u0131 \u2013 Edebiyat Alan\u0131nda Tez Yapt\u0131rma \u2013 Edebiyat Tez Yapt\u0131rma \u00dccretleri \u2013 Edebiyat \u00d6devleri \u2013 Edebiyat \u00d6dev \u00dccretleri","link":"https:\/\/bestessayhomework.com\/tr\/icerik-farkliliklari-edebiyat-alaninda-tez-yaptirma-edebiyat-tez-yaptirma-ucretleri-edebiyat-odevleri-edebiyat-odev-ucretleri\/"}],"_links":{"self":[{"href":"https:\/\/bestessayhomework.com\/tr\/wp-json\/wp\/v2\/posts\/8729","targetHints":{"allow":["GET"]}}],"collection":[{"href":"https:\/\/bestessayhomework.com\/tr\/wp-json\/wp\/v2\/posts"}],"about":[{"href":"https:\/\/bestessayhomework.com\/tr\/wp-json\/wp\/v2\/types\/post"}],"author":[{"embeddable":true,"href":"https:\/\/bestessayhomework.com\/tr\/wp-json\/wp\/v2\/users\/6"}],"replies":[{"embeddable":true,"href":"https:\/\/bestessayhomework.com\/tr\/wp-json\/wp\/v2\/comments?post=8729"}],"version-history":[{"count":0,"href":"https:\/\/bestessayhomework.com\/tr\/wp-json\/wp\/v2\/posts\/8729\/revisions"}],"wp:featuredmedia":[{"embeddable":true,"href":"https:\/\/bestessayhomework.com\/tr\/wp-json\/wp\/v2\/media\/8397"}],"wp:attachment":[{"href":"https:\/\/bestessayhomework.com\/tr\/wp-json\/wp\/v2\/media?parent=8729"}],"wp:term":[{"taxonomy":"category","embeddable":true,"href":"https:\/\/bestessayhomework.com\/tr\/wp-json\/wp\/v2\/categories?post=8729"},{"taxonomy":"post_tag","embeddable":true,"href":"https:\/\/bestessayhomework.com\/tr\/wp-json\/wp\/v2\/tags?post=8729"}],"curies":[{"name":"wp","href":"https:\/\/api.w.org\/{rel}","templated":true}]}}